{"id":12067,"date":"2022-06-28T05:00:05","date_gmt":"2022-06-28T04:00:05","guid":{"rendered":"https:\/\/espai-marx.net\/?p=12067"},"modified":"2022-06-27T23:19:04","modified_gmt":"2022-06-27T22:19:04","slug":"manuel-portela-economista-editor-y-militante-antifranquista","status":"publish","type":"post","link":"https:\/\/espai-marx.net\/?p=12067","title":{"rendered":"Manuel Portela, economista, editor y militante antifranquista"},"content":{"rendered":"<p>C\u00edrculo de Bellas Artes de Madrid<\/p>\n<p>Conoc\u00ed a Manuel Portela Pe\u00f1as en 1966. Lo recuerdo alegre, de abierta sonrisa, lleno de energ\u00eda y dotado de una viva inteligencia. Era delegado de los estudiantes de la Facultad de Econ\u00f3micas de la Universidad Complutense de Madrid y yo redactor de la reci\u00e9n creada Agencia Europa-Press. Me abri\u00f3 el camino period\u00edstico el corresponsal de <em>Le Monde<\/em>, Jos\u00e9 Antonio Novais, con quien ten\u00eda relaci\u00f3n personal desde mis a\u00f1os de alumno del Colegio Mayor P\u00edo XII. Novais hab\u00eda sido testigo privilegiado de mi tarea como organizador del ciclo de conferencias titulado \u00abHacia una verdadera paz, hoy\u00bb cuya prohibici\u00f3n provoc\u00f3 una masiva manifestaci\u00f3n de protesta y la posterior expulsi\u00f3n de la Universidad de los profesores Aranguren, Garc\u00eda Calvo y Tierno Galv\u00e1n, entre otros. Tambi\u00e9n sab\u00eda de mi paso por la c\u00e1rcel de Carabanchel condenado por propaganda ilegal. Con esas credenciales era normal que en Europa-Press me encargaran de las dos secciones m\u00e1s conflictivas en el franquismo tard\u00edo, la Universidad y el mundo laboral, protagonizado entonces por las clandestinas Comisiones Obreras. Una de mis fuentes de informaci\u00f3n universitaria fue Portela.<\/p>\n<p>La Facultad de Econ\u00f3micas hab\u00eda abandonado su antigua sede de calle San Bernardo tan llena de recuerdos en las obras de Gald\u00f3s y se hab\u00eda instalado al final de la Ciudad Universitaria en un edificio llamado popularmente \u00abGaler\u00edas Casta\u00f1eda\u00bb por su parecido con los grandes almacenes de calle Preciados y por el apellido de su entonces decano. Era la m\u00e1s politizada de las Facultades de la Universidad Complutense, aunque no la \u00fanica. La lucha contra el sindicato falangista SEU, la formaci\u00f3n de organizaciones universitarias antifranquistas como la FUDE y la posterior creaci\u00f3n del Sindicato Democr\u00e1tico de Estudiantes marcaron la agenda, pero el problema de fondo era la creciente rebeli\u00f3n juvenil contra una dictadura cuya \u00fanica respuesta fue la represi\u00f3n. Cientos de universitarios fueron detenidos, multados, expulsados y encarcelados. Merecen un recuerdo colectivo de agradecimiento. Se\u00f1alemos entre ellos algunos nombres destacados: Jaime Pastor (Facultad de Pol\u00edticas), Jos\u00e9 Mar\u00eda Mohedano (Derecho), Pilar Bravo (F\u00edsicas) y Alberto M\u00e9ndez e Isabel Portela (Letras). Visto en perspectiva, el movimiento estudiantil fue germen del movimiento democr\u00e1tico en sectores de clase media y el taller te\u00f3rico-pr\u00e1ctico donde se formaron futuros dirigentes de izquierda.<\/p>\n<p>Manolo Portela sufri\u00f3 tambi\u00e9n la represi\u00f3n. A los 22 a\u00f1os fue detenido, procesado por el Tribunal de Orden P\u00fablico y encarcelado. Recuerdo haber saludado a su padre en los pasillos del siniestro Tribunal durante el juicio; mostraba una l\u00f3gica preocupaci\u00f3n por el destino judicial de su hijo. Gracias a la buena defensa de Juli\u00e1n Hern\u00e1ndez Montero (abogado comunista muerto prematuramente), basada en la ausencia de pruebas en la acusaci\u00f3n de la fiscal\u00eda, fue absuelto del delito de asociaci\u00f3n il\u00edcita en sentencia del TOP fechada el 23 de junio de 1967.<\/p>\n<p>En 1970 abandon\u00e9 el periodismo, march\u00e9 a Londres donde fui profesor de espa\u00f1ol en un Instituto y comenc\u00e9 a preparar una Tesis doctoral sobre Epicuro. Al regresar, me incorpor\u00e9 a la naciente Universidad de M\u00e1laga como profesor de Filosof\u00eda. Desde finales de los 60 y durante diez a\u00f1os Portela dirigi\u00f3 en Barcelona las editoriales Ariel y Seix Barral que renovaron campos enteros de nuestra cultura. Algunos de los traductores y asesores de aquellas innovadoras ediciones figuran entre los m\u00e1s relevantes intelectuales de la \u00e9poca, como Manuel Sacrist\u00e1n, Josep Fontana, Jos\u00e9 Mar\u00eda Valverde y Jacobo Mu\u00f1oz. Incorporados ambos a la lucha pol\u00edtica como miembros del PCE, pero lejos en la distancia, nos ve\u00edamos espor\u00e1dicamente en tareas concretas y discretas de ayuda a la organizaci\u00f3n.<\/p>\n<p>Tras mi regreso a Madrid en 1983 como profesor de Filosof\u00eda Antigua y Medieval en la UNED, volvimos a encontrarnos. \u00c9l, como siempre, viv\u00eda en su \u00ablugar natural\u00bb, el barrio de Arg\u00fcelles, no lejos de la Casa de las Flores de Neruda ni de la antigua casa de Gald\u00f3s. Lector empedernido, dotado de muy buena memoria y excelente gusto literario, com\u00eda como un pajarillo para proteger as\u00ed su menguada salud. A trav\u00e9s de nuestras conversaciones lo mismo me informaba de las \u00faltimas novedades literarias que de la evoluci\u00f3n de la econom\u00eda mundial o del coste de la corrupci\u00f3n pol\u00edtica. Amigo amable y generoso, tambi\u00e9n se entreten\u00eda en ponerme al d\u00eda del barrio en el que yo hab\u00eda vivido un a\u00f1o, bien fuera para recomendarme un bar de fritura andaluza, la mejor librer\u00eda de mi especialidad o el restaurante castizo que hab\u00eda sobrevivido a la globalizaci\u00f3n. Incluso me puso en contacto con el proveedor del exquisito aceite de oliva de Beas de Segura, pueblo de la sierra de Ja\u00e9n donde vivi\u00f3 San Juan de la Cruz.<\/p>\n<p>A pesar de sus problemas de salud, puso en marcha en los \u00faltimos a\u00f1os una ambiciosa <em>Agenda de Prensa<\/em> donde cada d\u00eda reflejaba el caudal de noticias, cr\u00f3nicas y art\u00edculos dispersos en los medios y que \u00e9l seleccionaba con un rigor admirable, separando la paja del grano y subrayando siempre las corrientes profundas de la actualidad, en especial las de car\u00e1cter econ\u00f3mico. En alguna ocasi\u00f3n le pregunt\u00e9 por qu\u00e9 consum\u00eda tanta energ\u00eda en esa labor y me contest\u00f3: \u00abde no hacerlo, dejar\u00eda de vivir\u00bb. Y as\u00ed fue. Hasta el \u00faltimo d\u00eda en que ingres\u00f3 en el hospital para una operaci\u00f3n de urgencia, tuvimos su extraordinaria <em>Agenda<\/em> que nos abr\u00eda cada ma\u00f1ana una ventana al mundo.<\/p>\n<p>Mantuvo hasta el final su fina inteligencia con un poso esc\u00e9ptico respecto a nuestro mundo pol\u00edtico que serv\u00eda de contrapunto a mi gramsciano \u00aboptimismo de la voluntad\u00bb. Segu\u00eda gustando de la conversaci\u00f3n, no hab\u00eda perdido el humor y con el paso del tiempo hab\u00eda adquirido un fuerte car\u00e1cter estoico: nunca le o\u00ed quejarse, ni de los azares de la vida, ni de su mala salud. Creo que coincid\u00edamos con Arist\u00f3teles en que \u00abla amistad es lo m\u00e1s necesario para la vida\u00bb y que en ella encontr\u00e1bamos \u00abun intercambio de palabras y pensamientos\u00bb.<\/p>\n<p>Como modesto homenaje a su memoria, perm\u00edtaseme volver a los antiguos griegos para perfilar su personalidad con estos merecidos ep\u00edtetos: <strong><em>phil\u00f3ponos<\/em><\/strong>, amante del trabajo, laborioso; <strong><em>phr\u00f3nimos<\/em><\/strong>, reflexivo; <strong><em>phil\u00f3doros<\/em><\/strong>, generoso, liberal; <strong><em>polymath\u00e9s<\/em><\/strong>, muy sabio; <strong><em>adelphik\u00f3s<\/em><\/strong>, fraternal.<\/p>\n<p>Joven rebelde, luchador por las libertades, competente economista, editor de talla, intelectual de cultura enciclop\u00e9dica, renovado humanista. As\u00ed fue nuestro amigo y as\u00ed lo recordaremos siempre.<\/p>\n","protected":false},"excerpt":{"rendered":"<p>C\u00edrculo de Bellas Artes de Madrid Conoc\u00ed a Manuel Portela Pe\u00f1as en 1966. Lo recuerdo alegre, de abierta sonrisa, lleno<\/p>\n","protected":false},"author":5,"featured_media":12068,"comment_status":"open","ping_status":"open","sticky":false,"template":"","format":"standard","meta":{"footnotes":""},"categories":[19,46],"tags":[1859],"class_list":["post-12067","post","type-post","status-publish","format-standard","has-post-thumbnail","hentry","category-cultura","category-memoria-historica","tag-manuel-portela-penas"],"aioseo_notices":[],"_links":{"self":[{"href":"https:\/\/espai-marx.net\/index.php?rest_route=\/wp\/v2\/posts\/12067","targetHints":{"allow":["GET"]}}],"collection":[{"href":"https:\/\/espai-marx.net\/index.php?rest_route=\/wp\/v2\/posts"}],"about":[{"href":"https:\/\/espai-marx.net\/index.php?rest_route=\/wp\/v2\/types\/post"}],"author":[{"embeddable":true,"href":"https:\/\/espai-marx.net\/index.php?rest_route=\/wp\/v2\/users\/5"}],"replies":[{"embeddable":true,"href":"https:\/\/espai-marx.net\/index.php?rest_route=%2Fwp%2Fv2%2Fcomments&post=12067"}],"version-history":[{"count":0,"href":"https:\/\/espai-marx.net\/index.php?rest_route=\/wp\/v2\/posts\/12067\/revisions"}],"wp:featuredmedia":[{"embeddable":true,"href":"https:\/\/espai-marx.net\/index.php?rest_route=\/wp\/v2\/media\/12068"}],"wp:attachment":[{"href":"https:\/\/espai-marx.net\/index.php?rest_route=%2Fwp%2Fv2%2Fmedia&parent=12067"}],"wp:term":[{"taxonomy":"category","embeddable":true,"href":"https:\/\/espai-marx.net\/index.php?rest_route=%2Fwp%2Fv2%2Fcategories&post=12067"},{"taxonomy":"post_tag","embeddable":true,"href":"https:\/\/espai-marx.net\/index.php?rest_route=%2Fwp%2Fv2%2Ftags&post=12067"}],"curies":[{"name":"wp","href":"https:\/\/api.w.org\/{rel}","templated":true}]}}