{"id":1207,"date":"2009-09-06T00:00:00","date_gmt":"2009-09-06T00:00:00","guid":{"rendered":"https:\/\/espai-marx.net\/?p=1207"},"modified":"2020-02-23T12:50:56","modified_gmt":"2020-02-23T11:50:56","slug":"entrevista-con-miguel-angel-rodriguez-arias-en-el-dia-internacional-de-los-desaparecidos-seguimos-siendo-el-segundo-pais-del-mundo-en-cifras-de-desaparecidos","status":"publish","type":"post","link":"https:\/\/espai-marx.net\/?p=1207","title":{"rendered":"Entrevista con Miguel \u00c1ngel Rodr\u00edguez Arias en el d\u00eda internacional de los desparecidos"},"content":{"rendered":"<p><u>ENTREVISTA CON MIGUEL \u00c1NGEL RODR\u00cdGUEZ ARIAS EN EL D\u00cdA INTERNACIONAL DE LOS DESAPARECIDOS: \u201c[\u2026] SEGUIMOS SIENDO EL SEGUNDO PA\u00cdS DEL MUNDO EN CIFRAS DE<\/u><u> DESAPARECIDOS<\/u><u>,<\/u><u> TAN S\u00d3LO POR DETR\u00c1S DE LA CAMBOYA DE POL POT Y<\/u><u> <\/u><u>AUNQUE TR\u00c1GICAMENTE SIGAMOS TENIENDO M\u00c1S DESAPARECIDOS EN ESPA\u00d1A QUE EN TODA HISPANOAM\u00c9RICA\u2026 CUANDO SE REFLEXIONA DESPACIO Y MIRANDO A NUESTRO ENTORNO SOBRE TODO LO QUE SE EST\u00c1 HACIENDO CON LOS DESAPARECIDOS DE FRANCO EN ESPA\u00d1A NO ES POSIBLE CREER QUE TODO ESTO EST\u00c9 PASANDO DE VERDAD.\u201d<\/u><\/p>\n<p>&nbsp;<\/p>\n<p>30 de Agosto de 2009.<\/p>\n<p>Miguel \u00c1ngel Rodr\u00edguez Arias (Barcelona, 1977) es investigador de Derecho Penal Internacional de la UCLM (Universidad de Castilla-La Mancha) y autor de las primeras investigaciones jur\u00eddicas en Espa\u00f1a abordando la cuesti\u00f3n de los desaparecidos del franquismo como \u201ccr\u00edmenes contra la humanidad\u201d no prescritos y no s\u00f3lo como cuesti\u00f3n de \u201cmemoria\u201d, dando lugar con las mismas a actuaciones de la Audiencia Nacional. Junto a otros tres estudios publicados en la revista <i>Jueces para la Democracia<\/i> demostrando las actuales violaciones de derechos humanos en nuestro pa\u00eds a la luz de la jurisprudencia internacional<a title=\"\" href=\"#_ftn1\" name=\"_ftnref1\">[1]<\/a>, es autor de <i>El caso de los ni\u00f1os perdidos del franquismo: crimen contra la humanidad <\/i>(Tirant Lo Blanch, Valencia), investigaci\u00f3n en la que se bas\u00f3 el juez B. Garz\u00f3n para abrir el caso de las desapariciones infantiles durante la dictadura.<\/p>\n<p>En la actualidad, Rodr\u00edguez Arias cuenta en su haber cuatro premios nacionales e internacionales de investigaci\u00f3n.<\/p>\n<p>*<\/p>\n<p><b><i>Si le parece podr\u00edamos empezar dando cuenta del significado pol\u00edtico-cultural del D\u00eda Internacional de los Desaparecidos que celebramos este 30 de agosto de 2009.<\/i><\/b><\/p>\n<p>El D\u00eda Internacional de los Desaparecidos fue impulsado en 1981 por FEDEFAM\u00a0 (Federaci\u00f3n Latinoamericana de Asociaciones de Familiares de Detenidos-Desaparecidos). D\u00eda tras d\u00eda, los familiares de las miles de personas que han \u00abdesaparecido\u00bb soportan el desgarrador sufrimiento de no saber qu\u00e9 ha sido de sus hijos, sus padres, sus c\u00f3nyuges, o hermanos y eso es lo que se quiere recordar junto a la denuncia de las pol\u00edticas pro impunidad que permiten que eso siga siendo as\u00ed. Y eso es exactamente lo que sucede en el caso espa\u00f1ol, aunque pr\u00e1cticamente hasta el 30 de agosto del a\u00f1o pasado nada de esto ha sido tenido presente entre nosotros y queda a\u00fan\u00a0 mucho camino por recorrer<u>;<\/u> a pesar de que seguimos siendo el segundo pa\u00eds del mundo en cifras de desaparecidos, tan s\u00f3lo por detr\u00e1s de la Camboya de Pol Pot <u>y<\/u> aunque tr\u00e1gicamente sigamos teniendo m\u00e1s desaparecidos en Espa\u00f1a que en toda hispanoam\u00e9rica, donde hemos acudido a pretender darles lecciones y son ellos los que deber\u00edan d\u00e1rnoslas a nosotros en este campo.<\/p>\n<p><b><i>Usted ha escrito recientemente un art\u00edculo que ha titulado \u201cCiento cincuenta mil muertos en el armario de la Presidencia espa\u00f1ola de la Uni\u00f3n Europea\u201d. \u00bfQu\u00e9 muertos son esos? \u00bfPor qu\u00e9 est\u00e1n guardados en alg\u00fan armario?<\/i><\/b><\/p>\n<p>En realidad se trata de 340.000 v\u00edctimas del franquismo, ciento cincuenta mil desaparecidos, y otros 190.000 ejecutados previa escenificaci\u00f3n teatral de un juicio-farsa o muertos en circunstancias no esclarecidas en las c\u00e1rceles de Franco. Lo titulo as\u00ed porque esa es la cifra, 143.353 desaparecidos del franquismo, oficialmente conocida tras las actuaciones de la Audiencia Nacional, aunque todav\u00eda no sepamos a ciencia cierta cuantos miles de ni\u00f1os perdidos siguen desaparecidos en vida y no est\u00e9n incluidos en el c\u00e1lculo. Todas esas v\u00edctimas son el \u201cmuerto en el armario\u201d de unas autoridades que quieren liderar Europa en su pr\u00f3xima Presidencia europea, a partir de 2010, desde la violaci\u00f3n del Convenio Europeo de Derechos Humanos, como si tales decenas de miles de desaparecidos, los cientos de fosas clandestinas y sus familias que les aguardan no existiesen.<\/p>\n<p><b><i>Ciento cuenta mil escribe usted, 143.353 puntualiza. \u00bfC\u00f3mo se ha realizado ese c\u00e1lculo? \u00bfNo es una exageraci\u00f3n teniendo en cuenta la poblaci\u00f3n de Espa\u00f1a en aquellos a\u00f1os y el n\u00famero de fallecidos durante la contienda y los numerosos republicanos que tuvieron que exiliarse al triunfar el fascismo internacional en nuestro pa\u00eds?<\/i><\/b><\/p>\n<p>Como bien dice la desproporci\u00f3n de dicha cifra, no s\u00f3lo en t\u00e9rminos absolutos sino relativos de un pa\u00eds menos poblado y que adem\u00e1s acaba de salir de una cruenta guerra, es lo que me lleva a hablar de \u201ccifras de genocidio\u201d, el de los defensores de la Segunda Rep\u00fablica espa\u00f1ola, del que todav\u00eda no se ha tomado ni remotamente conciencia en nuestra sociedad empezando por nuestros propios representantes. Esas cifras resultan de las investigaciones de la Audiencia Nacional, de la propia Condena de la Asamblea Parlamentaria del Consejo de Europa de 17 de marzo de 2006 \u2013 citando a su vez, en su punto 64<a title=\"\" href=\"#_ftn2\" name=\"_ftnref2\">[2]<\/a>, cifras admitidas por el propio r\u00e9gimen lo que nos debe llevar a pensar que podr\u00edan ser incluso superiores \u2013 y como digo ni siquiera contabiliza el caso de los <i>ni\u00f1os perdidos<\/i> del franquismo que algunas fuentes apuntan que podr\u00edan ser varios miles (hay quien habla de 30.000) pero todav\u00eda sin contrastar.<\/p>\n<p>Se habla y se ha hablado de \u201clos desaparecidos\u201d de las dictaduras militares de Chile, Argentina o Uruguay, entre otros ejemplos, pero poco -o con escasa insistencia e incidencia- de los desaparecidos espa\u00f1oles durante el franquismo, \u00bfpor qu\u00e9? \u00bfNo es extra\u00f1o un silencio tan sonoro treinta a\u00f1os despu\u00e9s de la muerte del dictador golpista?<\/p>\n<p>Hay que pensar que el nivel de exterminio durante, y despu\u00e9s, de la guerra contra la poblaci\u00f3n civil espa\u00f1ola (\u201cguerra civil\u201d se queda corto), exilio forzado, persecuci\u00f3n y represi\u00f3n sostenida en el tiempo respecto de los que sobrevivieron a todo ello no tiene parang\u00f3n; los cuarenta a\u00f1os de dictadura para modelar a su antojo un pa\u00eds desde la m\u00e1s absoluta impunidad tampoco. El franquismo sociol\u00f3gico sigue siendo una realidad entre nosotros, presente de manera difusa y con distinta modalidad en todo el arco pol\u00edtico y social y har\u00e1 falta tiempo y constancia para borrar su huella y desaprenderlo. La transici\u00f3n hacia el reestablecimiento democr\u00e1tico no puede considerarse concluida mientras sigamos siendo el segundo pa\u00eds del mundo con ciento cincuenta mil personas en fosas clandestinas como ya he mencionado, y sigue habiendo temas tab\u00fa como el de la devoluci\u00f3n de las requisas de bienes y papel moneda y el de las indemnizaciones, imprescriptibles, a los trabajadores forzados por parte de los empresarios de Franco que sacaron buen provecho de la dictadura.<\/p>\n<p>\u00bfConoce usted un caso similar en la postguerra europea al que ha sucedido en Espa\u00f1a con estas personas desaparecidas?<\/p>\n<p>El caso de los desaparecidos de la antigua Yugoslavia, de hecho, y como he demostrado en mi \u00faltima investigaci\u00f3n aplicando por primera vez dicha jurisprudencia europea al caso espa\u00f1ol, la condena por violaci\u00f3n de derechos humanos de las autoridades serbias post Milosevic en el caso de las fosas de Srebrenica <u>\u2013 <\/u>\u00a0por no emprender una investigaci\u00f3n oficial efectiva e independiente de cada fosa, y no revelar el paradero a sus seres queridos, incurriendo as\u00ed en \u201ctrato inhumano\u201d y violaci\u00f3n del \u201cderecho a la vida familiar\u201d <u>&#8211; <\/u>deber\u00eda ser un aviso para navegantes en toda regla para nuestro Gobierno.<\/p>\n<p><b><i>Me refer\u00eda a la inmediata postguerra. Estaba pensando en Alemania o en Italia tras la derrota del fascismo<\/i><\/b><b><i>.<\/i><\/b><\/p>\n<p>No, salvo alguna posible excepci\u00f3n, las v\u00edctimas de Hitler o Mussolini fueron honradas y reconocidas como luchadores anti fascistas, los responsables juzgados, en ning\u00fan caso ser\u00eda planteable que v\u00edctimas como las m\u00e1s de 300 de las matanzas de las fosas ardeatinas en Roma \u2013 considerado un lugar para la memoria y el homenaje protegido por el Estado\u2013 estuviesen todav\u00eda en la fosa clandestina dispuesta por los\u00a0 verdugos, con los familiares clamando para que se los devuelvan, con especuladores inmobiliarios al acecho de los terrenos cuando no simplemente construyendo encima de los cad\u00e1veres insepultos de todas estas personas, defensores de nuestra Rep\u00fablica, \u00bfqu\u00e9 m\u00e1s se puede decir?. Cuando se reflexiona despacio y mirando a nuestro entorno sobre todo lo que se est\u00e1 haciendo con los desaparecidos de Franco en Espa\u00f1a no es posible creer que todo esto est\u00e9 pasando de verdad.<\/p>\n<p>A veces se oye hablar, muy poco desde luego, o se elaboran documentales sobre los ni\u00f1os desaparecidos durante el franquismo. Hablaba usted de ellos hace un momento \u00bfDe qui\u00e9nes eran esos ni\u00f1os? \u00bfQu\u00e9 familias les acogieron? \u00bfSe tienen cifras aproximadas? \u00bfSaben ellos ahora quienes fueron sus verdaderos padres?.<\/p>\n<p>El caso de los \u201cni\u00f1os perdidos\u201d del franquismo presenta varias facetas. En un principio las v\u00edctimas fueron netamente pertenecientes a familias de defensores de la Rep\u00fablica, puestos a salvo en el extranjero por las colonias infantiles de Victoria Kent, o fueron robados de los brazos de sus madres ilegalmente detenidas por pura raz\u00f3n de parentesco en centros de detenci\u00f3n de distinta \u00edndole, as\u00ed como ni\u00f1os de los entornos maquis, tambi\u00e9n como forma de represalia ante acciones guerrilleras. Despu\u00e9s en los a\u00f1os sesenta <u>\u2013<\/u>tenemos ni\u00f1os perdidos todav\u00eda rondando los cuarenta a\u00f1os de edad, como da pie a pensar el presunto caso de la maternidad de Odonell y otros <u>\u2013<\/u>, el componente de indefensi\u00f3n social ante el abuso cobr\u00f3 m\u00e1s relevancia. En todo caso el problema de todo este caso es que es de mucha mayor complejidad que el de las fosas al tratarse de desaparecidos en vida, y requerirse instrumentos espec\u00edficos del Estado para la b\u00fasqueda e identificaci\u00f3n como una Base Nacional de Datos Gen\u00e9ticos y una Comisi\u00f3n Nacional de B\u00fasqueda de Desaparecidos, una unidad policial espec\u00edfica de b\u00fasqueda de ni\u00f1os perdidos, etc, como en Argentina y otros pa\u00edses. Pero, para empezar, no tenemos ni tan siquiera una \u201cinvestigaci\u00f3n oficial efectiva e independiente\u201d promovida por nuestras autoridades, como exige el Tribunal Europeo de Derechos Humanos respecto de nada de esto, por qu\u00e9 centros pasaron los ni\u00f1os, de qu<u>\u00e9<\/u> titularidad eran los centros de detenci\u00f3n materno-infantil, etc, etc, sin dicha investigaci\u00f3n oficial, como he demostrado que es la obligaci\u00f3n del Estado en un atento examen de una veintena de sentencias vinculantes para nuestro pa\u00eds, el velo de impunidad todav\u00eda existente es completo.<\/p>\n<p>Habla usted del reciente caso de la maternidad de Odonell. \u00bfPodr\u00eda explicarlo brevemente?<\/p>\n<p><b><i>\u00a0<\/i><\/b>Se trata de un caso que lleg\u00f3 tambi\u00e9n a la prensa nacional hace unas semanas, denunci\u00e1ndose la situaci\u00f3n de ni\u00f1os presuntamente separados de sus familias al nacer al dec\u00edrseles que hab\u00edan fallecido, pero de enfermedades altamente improbables que dar\u00eda pie a un verdadero estudio de la OMS en su incidencia en dicho centro, y lo m\u00e1s determinante, sin devolver el cuerpo que es lo que en todo caso determina la situaci\u00f3n de desaparici\u00f3n. Vivos o muertos deb\u00edan ser entregados a sus familias, o deber\u00eda dec\u00edrseles hoy d\u00f3nde quedaron enterrados, de ser ello as\u00ed. Por eso, una vez m\u00e1s, debe ser una investigaci\u00f3n oficial efectiva e independiente la que lo esclarezca todo,.<\/p>\n<p>\u00bfQu\u00e9 actividades realizan las familias de esas personas desaparecidas? \u00bfHan recibido alguna ayuda p\u00fablica en su democr\u00e1tico y razonable empe\u00f1o de b\u00fasqueda?<\/p>\n<p>De verdad, lo de que las familias busquen a desaparecidos que se llev\u00f3 el Estado, es el completo mundo al rev\u00e9s, en cualquier otro lugar del mundo est\u00e1 reconocido que es el Estado el que debe hacerlo, y su \u00fanico fundamento es que al hacer la ley de la memoria le copiaron a Franco su Orden de primero de mayo de 1940 <u>\u201c<\/u>sobre exhumaciones e inhumaciones de cad\u00e1veres asesinados por los rojos<u>\u201d<\/u>, como tambi\u00e9n he podido demostrar. No se trata de que el Estado d\u00e9 subvenciones -Franco daba exenciones fiscales\u2013. El \u00fanico rol de esas familias es el de ser tratadas con el respeto y consideraci\u00f3n que merecen y que la fiscal\u00eda las tenga puntualmente informadas de cuantos avances se puedan realizar en la persecuci\u00f3n penal de los asesinos de sus seres queridos arrebatados o, de no ser ello posible, del estado de la localizaci\u00f3n e identificaci\u00f3n de sus seres queridos. No s\u00e9 cuanto tiempo har\u00e1 falta para explicarle a nuestra ciudadan\u00eda y que se alcance una conciencia clara de que hemos vivido, y seguimos viviendo<u>, <\/u>en la anormalidad jur\u00eddica y que a quien hay que copiarle es al Tribunal Europeo de Derechos Humanos no a Franco como se ha hecho. \u00bfEs as\u00ed como se educa adem\u00e1s a la ciudadan\u00eda en el alcance de sus propios derechos humanos internacionalmente reconocidos, a base de generar confusiones graves en torno a elementos b\u00e1sicos?<\/p>\n<p>\u00bf<b><i>Por qu\u00e9 cuando se habla de terrorismo en Espa\u00f1a no se habla de estas situaciones que, sin apenas atisbo de duda, parecen fruto de acciones que pueden ser calificadas de terrorismo de Estado?<\/i><\/b><\/p>\n<p>Creo que los cr\u00edmenes del franquismo pueden ser calificados como terrorismo de Estado, como tambi\u00e9n lo fueron los de la Dictadura argentina, pero que el concepto de cr\u00edmenes contra la humanidad es mucho m\u00e1s exacto y favorable para las victimas por los efectos que les reconoce el Derecho Penal Internacional desde Nuremberg. De hecho, creo que hay que tratar de avanzar hacia la comprensi\u00f3n de los cr\u00edmenes del franquismo como un \u201cgenocidio\u201d con todas las letras y a pesar de distintos aspectos jur\u00eddicos cuestionables surgidos post Nuremberg que lo dificultan, sustancialmente que la Convenci\u00f3n de 1948 elimina la figura del genocidio pol\u00edtico, aunque antes s\u00ed que \u00e9sta resultaba reconocible. Creo que ese es el nuevo concepto por revisar en todo este tema, como antes hubo que revisar la cuesti\u00f3n del franquismo como algo mucho m\u00e1s all\u00e1 de la \u201cmemoria hist\u00f3rica\u201d. Lo que hizo el franquismo con los defensores de la Rep\u00fablica espa\u00f1ola, desapariciones y todo lo dem\u00e1s \u2013 la pr\u00e1ctica totalidad de cr\u00edmenes internacionales que existen\u2013, fue un genocidio. Y todo eso sigue impune y ni siquiera los derechos reparatorios de sus victimas encuentran un normal cumplimiento.<\/p>\n<p>\u00bf<b><i>Qu\u00e9 opini\u00f3n le merece la ley de Memoria Hist\u00f3rica y su cumplimiento? <\/i><\/b><\/p>\n<p>Tengo un art\u00edculo pendiente de publicaci\u00f3n en prensa nacional en los pr\u00f3ximos d\u00edas titulado , creo que ello y mis consideraciones previas, ilustra suficientemente mi valoraci\u00f3n jur\u00eddica de la ley. Mi conciencia me impide reconocer como derecho, ni nada que se parezca, la regulaci\u00f3n que hace la \u201cley\u201d de la \u201cmemoria\u201d de temas como la situaci\u00f3n de los desaparecidos (copiada-pegada directamente de Franco), o la consideraci\u00f3n como derecho \u201ccon vicios de forma y fondo\u201d de los fusilamientos. Yo no puedo llamar derecho al asesinato de decenas de miles de personas. Y no puedo entender como alguien pueda hacerlo aunque s\u00f3lo fuera por motivos estrictamente de humanidad y compasi\u00f3n hacia sus familiares.<u> <\/u><\/p>\n<p><b><i>Entonces, en su opini\u00f3n, \u00bfpor qu\u00e9 se ha obrado de esa forma? \u00bfPor miedo? \u00bfPor la correlaci\u00f3n de fuerzas existentes? \u00bfPor qu\u00e9 no se ha sabido hacer mejor? <\/i><\/b><\/p>\n<p>Para mi todo esto es una cuesti\u00f3n de posibilismo pol\u00edtico irreflexivo, llevado por su propia inercia, en ausencia de un efectivo freno o control, ni pol\u00edtico ni social ni period\u00edstico \u2013 alg\u00fan medio nacional debi\u00f3 haber alzado la voz alto y claro para decir que no era correcto encomendar a los propios familiares octogenarios el desentierro de sus seres queridos asesinados y que hab\u00eda que poner el empe\u00f1o necesario en buscarles a todos con los medios del Estado, que hab\u00eda que respetar sus derechos humanos y el derecho internacional\u2013\u00a0 hasta representar un caso de \u201cbanalidad del mal\u201d tal y como lo definiese Hannah Arendt: se regula irreflexivamente, sin una verdadera toma de conciencia \u00e9tica de las repercusiones materiales y humanas de la acci\u00f3n pol\u00edtica en este campo, el dolor en el que siguen sus familias, etc.<\/p>\n<p>D\u00e9jeme apuntarle unos ejemplos. Un hospital de Burgos lleva el nombre de un general golpista, amigu\u00edsimo y colaborador del general golpista Franco. En Barbastro, a las orillas del Vero, puede verse una Iglesia con una inmensa placa llena de s\u00edmbolos fascistas. En Artica ha sido destrozada una placa que recordaba a los 17 fusilados en el pueblo. Varios historiadores, y no s\u00f3lo de una impresentable extrema derecha, no dejan de reconstruir permanentemente el pasado de antiguos dirigentes del franquismo como, por ejemplo, el de Jos\u00e9 M\u00aa Areilza, conde Motrico. \u00bfC\u00f3mo puede soportarse sin gritos enrabietados una cosa as\u00ed? \u00bfC\u00f3mo concebir la aceptaci\u00f3n de tama\u00f1o disparate?<\/p>\n<p>Todo ello forma parte de esa necesidad que apuntaba de terminar de verdad con el franquismo difuso entre nosotros, y m\u00e1s cosas tan solo muy tard\u00edamente rectificadas como el hecho de que el derecho de asociaciones estuviese regido hasta 2002 por una ley de la dictadura del a\u00f1o 1964 m\u00ednimamente parcheada. Durante a\u00f1os ese ha sido el modelo de participaci\u00f3n democr\u00e1tica que se ha seguido lactando, siendo como es el movimiento asociativo un elemento esencial, una primera escuela. El lastre y la huella de esos cuarenta a\u00f1os debe ser examinado en 360 grados, desde la perseverancia, y el compromiso con lo mejor de los valores democr\u00e1ticos republicanos que nos arrebataron con la imprescindible ayuda de Hitler y Mussolini.<\/p>\n<p>\u00bfSigue siendo Espa\u00f1a el pa\u00eds de los ni\u00f1os perdidos? \u00bfC\u00f3mo deber\u00edamos actuar entonces? \u00bfQu\u00e9 hacer, si me permite la eterna y necesaria pregunta?<\/p>\n<p>Eso es lo que a mi juicio sigue siendo y de ah\u00ed que ese fuese el t\u00edtulo de la introducci\u00f3n de mi libro sobre el tema y hasta de mi blog personal. Esa es mi convicci\u00f3n. Es de donde venimos y lo que seguimos siendo. Para cambiar todo esto bastar\u00eda con dar normal cumplimiento a unos instrumentos internacionales de sobra conocidos y claros en su significado. Para conseguirlo tenemos un largo camino por delante, sea en denuncia y concienciaci\u00f3n dentro de Espa\u00f1a como de actuaci\u00f3n internacional ante distintos tribunales y organismos de derechos humanos.<\/p>\n<p><b><i>Dos preguntas finales. La primera, disc\u00falpeme, algo personal. Usted es joven, naci\u00f3 despu\u00e9s de la muerte del dictador. \u00bfQu\u00e9 le mueve a realizar todas estas investigaciones y denuncias? \u00bfSu \u00a0ideal de justicia, tiene acaso familiares afectados\u2026?<\/i><\/b><\/p>\n<p>Siempre me orient\u00e9 vocacionalmente hacia el Derecho penal internacional, ya desde mis a\u00f1os de formaci\u00f3n en Italia y Alemania, y me parec\u00eda claro que, enmascarando toda la cuesti\u00f3n de los cr\u00edmenes contra la humanidad del franquismo como \u201cmemoria hist\u00f3rica\u201d, en Espa\u00f1a se estaban llevando a cabo pol\u00edticas pro impunidad incumpliendo Nuremberg, derechos humanos y todo lo que uno se pueda imaginar. Pero, sobre todo, no pod\u00eda evitar una sentida gratitud, una sensaci\u00f3n de que les debemos algo muy importante, a todos aquellos que defendieron nuestra Rep\u00fablica en unas circunstancias aterradoras y con pr\u00e1cticamente todo en contra. \u00bfC\u00f3mo voy a guardar silencio y no utilizar mi formaci\u00f3n permitiendo que gente que deber\u00eda avergonzarse de las ilegalidades que est\u00e1 cometiendo sigan tratando as\u00ed a las personas que los defensores de nuestra Rep\u00fablica dejaron atr\u00e1s, a sus propias familias y seres queridos, que les sigan negando sus derechos humanos?. La gente de mi generaci\u00f3n no hemos podido hacer nada antes por ninguno de ellos, pero a sus familias s\u00ed que las podemos defender y hacer lo que pueda estar en nuestra mano para que nuestro Estado respete sus derechos. Y pienso que los defensores de nuestra Rep\u00fablica habr\u00edan querido que hici\u00e9semos lo posible para que sus familias estuviesen bien. \u00bfQu\u00e9 menos que eso les debemos? A partir de ah\u00ed poco importa el trabajo que tengamos por delante. Ellos enfrentaron algo infinitamente peor por todos nosotros, y el derecho est\u00e1 de nuestra parte, aunque no lo est\u00e9 todav\u00eda en nuestro propio pa\u00eds por la transici\u00f3n inconclusa.<\/p>\n<p><u>\u00a0<\/u><\/p>\n<p><b><i>\u00a0\u00a0\u00a0 <\/i><\/b><b><i>Una \u00faltima cuesti\u00f3n que creo enlaza consistentemente con algunas de sus consideraciones anteriores. El Gobierno de Arag\u00f3n, un gobierno PSOE-PAR, no un gobierno del PP o de derechas nacionalistas, estudia multar a la Asociaci\u00f3n para la Recuperaci\u00f3n de la Memoria Hist\u00f3rica por la apertura de una fosa. La sanci\u00f3n podr\u00eda llegar hasta los 300.000 euros. Seg\u00fan creo, la Direcci\u00f3n General de Patrimonio, dependiente de la Consejer\u00eda de Cultura y Turismo, remiti\u00f3 a finales del pasado mes de julio de 2009 una carta a la ARMH con el fin de conocer si el colectivo hab\u00eda cometido una infracci\u00f3n de la Ley 3\/1999, de 10 de marzo, del Patrimonio Cultural Aragon\u00e9s, con la exhumaci\u00f3n de una fosa com\u00fan en Calatayud (Zaragoza). La carta solicita a la ARMH un informe de la exhumaci\u00f3n llevada a cabo con \u00abel fin de valorar la posible incoaci\u00f3n de un expediente sancionador\u00bb. El Gobierno aragon\u00e9s considera que la exhumaci\u00f3n se llev\u00f3 a cabo sin la correspondiente autorizaci\u00f3n necesaria para realizar, no es una errata, \u201cexcavaciones arqueol\u00f3gicas\u201d. Para la ARMH es \u00ablamentable que el Gobierno de Arag\u00f3n quiera tratar la exhumaci\u00f3n de una fosa com\u00fan, promovida en este caso por la hija de uno de los fusilados, Esther Tabuenca, como si se tratara de un resto arqueol\u00f3gico an\u00f3nimo que no fuera consecuencia de un delito permanente; uno de los m\u00e1s graves que se recogen en el derecho internacional humanitario\u00bb. \u00bfC\u00f3mo puede pensarse pol\u00edticamente una cosa as\u00ed? \u00bfQu\u00e9 pensar de un agravio de tama\u00f1a magnitud?<\/i><\/b><\/p>\n<p>Ello es un claro ejemplo ilustrativo de esa \u201cbanalidad\u201d de la que hablaba antes, junto con alg\u00fan otro igualmente claro relativo a la negativa a que el Estado sea el que busque a los desaparecidos como es debido, para no generar un conflicto de competencia en materia de salubridad mortuoria, competencia de las Comunidades Aut\u00f3nomas, no del Estado Central&#8230; Como dec\u00eda Hannah Arendt, en el juicio de Eichmann en Jerusal\u00e9n, son argumentos y actitudes burocr\u00e1ticas, por completo desconexas del referente humano de fondo, que le sobrecogen a uno y le dejan sin palabras. La banalizaci\u00f3n del dolor ajeno llevada a la pr\u00e1ctica del poder puede amparar cualquier cosa; \u00e9se es su peligro.<\/p>\n<p>&nbsp;<\/p>\n<p><a title=\"\" href=\"#_ftnref1\" name=\"_ftn1\">[1]<\/a>\u00a0\u00a0\u00a0\u00a0 V\u00e9ase http:\/\/segurquetomba.wordpress.com\/category\/investigaciones-juridicas<\/p>\n<p><a title=\"\" href=\"#_ftnref2\" name=\"_ftn2\">[2]<\/a>\u00a0\u00a0\u00a0\u00a0 .El punto 64 de la condena dice as\u00ed: \u201c<strong>64.<\/strong> <i>En 1944, un portavoz del ministerio de justicia franquista reconoci\u00f3 que m\u00e1s de 190.000 detenidos hab\u00edan sido ejecutados o hab\u00edan muerto en prisi\u00f3n<\/i> (&#8230;)\u201d. El texto \u00edntegro de cien puntos traducido al castellano, se\u00f1ala M. A. Rodr\u00edguez Arias, puede verse en <a href=\"http:\/\/segurquetomba.wordpress.com\/2009\/08\/11\/condena-de-la-asamblea-parlamentaria-del-consejo-de-europa-a-la-dictadura-franquista-de-17-de-marzo-de-2006\/\">http:\/\/segurquetomba.wordpress.com\/2009\/08\/11\/condena-de-la-asamblea-parlamentaria-del-consejo-de-europa-a-la-dictadura-franquista-de-17-de-marzo-de-2006\/<\/a><\/p>\n","protected":false},"excerpt":{"rendered":"<p>ENTREVISTA CON MIGUEL \u00c1NGEL RODR\u00cdGUEZ ARIAS EN EL D\u00cdA INTERNACIONAL DE LOS DESAPARECIDOS: \u201c[\u2026] SEGUIMOS SIENDO EL SEGUNDO PA\u00cdS DEL MUNDO EN CIFRAS DE DESAPARECIDOS, TAN S\u00d3LO POR DETR\u00c1S DE LA CAMBOYA DE POL POT Y AUNQUE TR\u00c1GICAMENTE SIGAMOS TENIENDO M\u00c1S DESAPARECIDOS EN ESPA\u00d1A QUE EN TODA HISPANOAM\u00c9RICA\u2026 CUANDO SE REFLEXIONA DESPACIO Y MIRANDO A NUESTRO ENTORNO SOBRE TODO LO QUE SE EST\u00c1 HACIENDO CON LOS DESAPARECIDOS DE FRANCO EN ESPA\u00d1A NO ES POSIBLE CREER QUE TODO ESTO EST\u00c9 PASANDO DE VERDAD.\u201d<\/p>\n<p>Salvador L\u00f3pez Arnal<\/p>\n<p>30 de Agosto de 2009.<\/p>\n<p>\u00a0\u00a0\u00a0\u00a0\u00a0\u00a0\u00a0\u00a0\u00a0\u00a0\u00a0\u00a0\u00a0\u00a0\u00a0\u00a0\u00a0\u00a0\u00a0\u00a0\u00a0\u00a0\u00a0\u00a0\u00a0\u00a0\u00a0\u00a0\u00a0\u00a0\u00a0\u00a0\u00a0\u00a0\u00a0\u00a0\u00a0\u00a0\u00a0\u00a0 <\/p>\n<p>Miguel \u00c1ngel Rodr\u00edguez Arias (Barcelona, 1977) es investigador de Derecho Penal Internacional de la UCLM (Universidad de Castilla-La Mancha) y autor de las primeras investigaciones jur\u00eddicas en Espa\u00f1a abordando la cuesti\u00f3n de los desaparecidos del franquismo como \u201ccr\u00edmenes contra la humanidad\u201d no prescritos y no s\u00f3lo como cuesti\u00f3n de \u201cmemoria\u201d, dando lugar con las mismas a actuaciones de la Audiencia Nacional. Junto a otros tres estudios publicados en la revista Jueces para la Democracia demostrando las actuales violaciones de derechos humanos en nuestro pa\u00eds a la luz de la jurisprudencia internacional[1], es autor de El caso de los ni\u00f1os perdidos del franquismo: crimen contra la humanidad (Tirant Lo Blanch, Valencia), investigaci\u00f3n en la que se bas\u00f3 el juez B. Garz\u00f3n para abrir el caso de las desapariciones infantiles durante la dictadura. <\/p>\n","protected":false},"author":9,"featured_media":0,"comment_status":"open","ping_status":"open","sticky":false,"template":"","format":"standard","meta":{"footnotes":""},"categories":[21],"tags":[1255],"class_list":["post-1207","post","type-post","status-publish","format-standard","hentry","category-historia-general","tag-miguel-angel-rodriguez-arias"],"aioseo_notices":[],"_links":{"self":[{"href":"https:\/\/espai-marx.net\/index.php?rest_route=\/wp\/v2\/posts\/1207","targetHints":{"allow":["GET"]}}],"collection":[{"href":"https:\/\/espai-marx.net\/index.php?rest_route=\/wp\/v2\/posts"}],"about":[{"href":"https:\/\/espai-marx.net\/index.php?rest_route=\/wp\/v2\/types\/post"}],"author":[{"embeddable":true,"href":"https:\/\/espai-marx.net\/index.php?rest_route=\/wp\/v2\/users\/9"}],"replies":[{"embeddable":true,"href":"https:\/\/espai-marx.net\/index.php?rest_route=%2Fwp%2Fv2%2Fcomments&post=1207"}],"version-history":[{"count":0,"href":"https:\/\/espai-marx.net\/index.php?rest_route=\/wp\/v2\/posts\/1207\/revisions"}],"wp:attachment":[{"href":"https:\/\/espai-marx.net\/index.php?rest_route=%2Fwp%2Fv2%2Fmedia&parent=1207"}],"wp:term":[{"taxonomy":"category","embeddable":true,"href":"https:\/\/espai-marx.net\/index.php?rest_route=%2Fwp%2Fv2%2Fcategories&post=1207"},{"taxonomy":"post_tag","embeddable":true,"href":"https:\/\/espai-marx.net\/index.php?rest_route=%2Fwp%2Fv2%2Ftags&post=1207"}],"curies":[{"name":"wp","href":"https:\/\/api.w.org\/{rel}","templated":true}]}}