{"id":12074,"date":"2022-06-30T05:00:15","date_gmt":"2022-06-30T04:00:15","guid":{"rendered":"https:\/\/espai-marx.net\/?p=12074"},"modified":"2022-06-29T23:22:40","modified_gmt":"2022-06-29T22:22:40","slug":"como-una-buena-y-documentada-novela","status":"publish","type":"post","link":"https:\/\/espai-marx.net\/?p=12074","title":{"rendered":"Como una buena (y documentada) novela"},"content":{"rendered":"<p>Rese\u00f1a de Mart\u00edn Rodrigo y Alharilla, <em>Un hombre, mil negocios. La controvertida historia de Antonio L\u00f3pez, Marqu\u00e9s de Comillas<\/em>, Barcelona, Ariel, 2021, 411 p\u00e1ginas.<\/p>\n<p><a href=\"https:\/\/espai-marx.net\/wp-content\/uploads\/2022\/06\/un-hombre-mil-negocios.jpg\"><img loading=\"lazy\" decoding=\"async\" class=\" wp-image-12075 alignleft\" src=\"https:\/\/espai-marx.net\/wp-content\/uploads\/2022\/06\/un-hombre-mil-negocios.jpg\" alt=\"\" width=\"204\" height=\"320\" srcset=\"https:\/\/espai-marx.net\/wp-content\/uploads\/2022\/06\/un-hombre-mil-negocios.jpg 319w, https:\/\/espai-marx.net\/wp-content\/uploads\/2022\/06\/un-hombre-mil-negocios-191x300.jpg 191w\" sizes=\"auto, (max-width: 204px) 100vw, 204px\" \/><\/a>Un libro, una biograf\u00eda hist\u00f3rica, que no merece que en \u00e9l habite el olvido y del que apenas adelanto nada que sea esencial. El autor no es solo un gran investigador, un reconocido historiador, sino un magn\u00edfico escritor. No es la primera vez que se aproxima al tema. En 2020 public\u00f3 su tesis doctoral (finalista del IV Premio de Biograf\u00eda Empresarial): <em>Los marqueses de Comillas, 1817-1925. Antonio y Claudio L\u00f3pez<\/em>.<\/p>\n<p>Diez cap\u00edtulos (\u00abLa pol\u00e9mica de la estatua o una estatua pol\u00e9mica\u00bb, \u00abDe Comillas a Santiago de Cuba, pasando por Lebrija, M\u00e9xico y La Habana\u00bb, \u00abAntonio L\u00f3pez y el comercio ilegal de esclavos\u00bb, \u00abAntonio L\u00f3pez y L\u00f3pez, el empresario m\u00e1s rico de Catalu\u00f1a\u00bb,\u2026), siete ap\u00e9ndices (por ejemplo: \u00abResumen del inventario <em>post mortem<\/em> de bienes de Antonio L\u00f3pez y L\u00f3pez\u00bb), una excelente cronolog\u00eda, agradecimientos, bibliograf\u00eda, siglas y notas (falta en mi opini\u00f3n un \u00edndice de nombres) componen <em>Un hombre, mil negocios<\/em>, un libro de Mart\u00edn Rodrigo y Alharilla [MRyA] que se lee siempre con inter\u00e9s, nunca con distancia, como una buena novela (siendo, como es, un documentado estudio) sobre la \u00abcontrovertida historia\u00bb de Antonio L\u00f3pez y L\u00f3pez, primer Marqu\u00e9s de Comillas.<\/p>\n<p>Un apunte sobre el autor. MRyA es profesor titular de Historia Contempor\u00e1nea en la UPF y acad\u00e9mico correspondiente extranjero de la Academia de la Historia de Cuba. Sus campos de investigaci\u00f3n se han centrado en la historia de los intereses econ\u00f3micos espa\u00f1oles en Cuba y Filipinas en el siglo XIX, y m\u00e1s recientemente en el estudio del comercio atl\u00e1ntico de esclavos. Ganador del XIV Premio de Investigaci\u00f3n Josep Ricart i Giralt, entre sus libros cabe destacar <em>La familia Gil. La marina mercante de vapor en Barcelona<\/em> y <em>Los Goytisolo<\/em>.<\/p>\n<p>MRyA abre su ensayo recordando una de las m\u00e1s recientes pol\u00e9micas asociadas al Marqu\u00e9s, el que fuera el empresario m\u00e1s rico de Catalu\u00f1a. La ma\u00f1ana del domingo 4 de mayo de 2018 unos trabajadores retiraron de su pedestal la estatua de Antonio L\u00f3pez y L\u00f3pez (1817-1883), entonces situada en la hom\u00f3nima plaza de Barcelona. Al obrar as\u00ed, \u00abejecutaban una decisi\u00f3n adoptada por el equipo de gobierno municipal, integrada exclusivamente por concejales de Barcelona en Com\u00fa y encabezado por la alcaldesa Ada Colau\u00bb. Al retirar la estatua del espacio p\u00fablico, prosigue MRyA, los responsables del Ayuntamiento barcelon\u00e9s aplicaban \u00abescrupulosamente una de las promesas del programa electoral con el que Barcelona en Com\u00fa se hab\u00eda presentado a las elecciones municipales\u2026: impulsar una revisi\u00f3n completa de la nomenclatura y los espacios de memoria de la ciudad para garantizar que este quede libre de referencias apolog\u00e9ticas en la memoria del esclavismo, el franquismo y el fascismo\u00bb. A Antonio L\u00f3pez se le acusaba de haber estado vinculado, mientras vivi\u00f3 en Santiago de Cuba, al mundo de la esclavitud, al comercio de esclavos africanos (Dicho sea entre par\u00e9ntesis: cuatro a\u00f1os despu\u00e9s mucha tarea queda pendiente para el cumplimiento de la aludida promesa electoral. No muy lejos de donde estaba ubicada la estatua del primer Marqu\u00e9s de Comillas, una estatua de Francesc Camb\u00f3, no muy lejos de la avenida que lleva su nombre, uno de las \u00abgrandes personalidades\u00bb que financiaron el golpe militar fascista de 1936, sigue all\u00ed en perfecto estado de revista, para esc\u00e1ndalo de barceloneses y visitantes).<\/p>\n<p>Hubo tambi\u00e9n voces que se manifestaron en contra del acuerdo municipal y que pidieron a la corporaci\u00f3n que dejara las cosas como estaban. Se\u00f1alaban que no resultaba conveniente juzgar con ojos del siglo XXI conductas de hace dos siglos y, sobre todo, que la trayectoria del Marqu\u00e9s como empresario y mecenas merec\u00eda ser recordada por las generaciones presentes y futuras de barceloneses. Algunos a\u00f1adieron que no se deb\u00eda calificar a L\u00f3pez y L\u00f3pez como negrero. No exist\u00edan pruebas documentales que sustentaran la afirmaci\u00f3n.<\/p>\n<p>El libro que comentamos, as\u00ed lo se\u00f1ala MRyA, no nace exclusivamente para dar respuesta a la pregunta (aunque la da y es afirmativa) de si el Marqu\u00e9s particip\u00f3 o no en el comercio ilegal de africanos esclavizados mientras vivi\u00f3 en Cuba. \u00abNace, eso s\u00ed, con la voluntad de ofrecer una aproximaci\u00f3n completa sobre los m\u00faltiples aristas que conformaron la vida y los legados de un personaje que hoy d\u00eda sigue despertando tanta pasiones, a favor y en contra\u00bb. Lo logra. El relato transcurre en los tres escenarios principales de la vida del Marqu\u00e9s: su villa natal, Comillas; la isla de Cuba y Barcelona, \u00abla ciudad que convirti\u00f3 en el epicentro de sus negocios tras la marcha de Cuba y su regreso definitivo a la Pen\u00ednsula en 1855\u00bb. No conjeturen que los dos \u00faltimos escenarios son los \u00fanicos que tienen inter\u00e9s, todos los tienen, aunque a este lector le haya atrapado m\u00e1s lo narrado en el tercero: por el Marqu\u00e9s y por los alrededores del Marqu\u00e9s. \u00a1Resulta incomprensible que se haya podido idealizar, como se ha hecho (y se sigue haciendo), a la burgues\u00eda catalana como m\u00e1s moderna, m\u00e1s humanista, m\u00e1s socialmente pr\u00f3xima a las clases trabajadoras!<\/p>\n<p>En s\u00edntesis: pasen, lean, vean las \u00abhaza\u00f1as\u00bb y \u00e9xitos cremat\u00edsticos de este emprendedor decimon\u00f3nico y recomienden este magn\u00edfico ensayo-novela a sus amistades. No les defraudar\u00e1n, se lo agradecer\u00e1n.<\/p>\n<p>Fuente: <em>El Viejo Topo<\/em>, junio de 2022.<\/p>\n<p>&nbsp;<\/p>\n","protected":false},"excerpt":{"rendered":"<p>Rese\u00f1a de Mart\u00edn Rodrigo y Alharilla, Un hombre, mil negocios. La controvertida historia de Antonio L\u00f3pez, Marqu\u00e9s de Comillas, Barcelona,<\/p>\n","protected":false},"author":5,"featured_media":12076,"comment_status":"open","ping_status":"open","sticky":false,"template":"","format":"standard","meta":{"footnotes":""},"categories":[17,27,28],"tags":[1861,917,1860],"class_list":["post-12074","post","type-post","status-publish","format-standard","has-post-thumbnail","hentry","category-historia","category-siglo-xix","category-siglo-xx","tag-martin-rodrigo-y-a","tag-resenas","tag-un-hombre-mil-negocios"],"aioseo_notices":[],"_links":{"self":[{"href":"https:\/\/espai-marx.net\/index.php?rest_route=\/wp\/v2\/posts\/12074","targetHints":{"allow":["GET"]}}],"collection":[{"href":"https:\/\/espai-marx.net\/index.php?rest_route=\/wp\/v2\/posts"}],"about":[{"href":"https:\/\/espai-marx.net\/index.php?rest_route=\/wp\/v2\/types\/post"}],"author":[{"embeddable":true,"href":"https:\/\/espai-marx.net\/index.php?rest_route=\/wp\/v2\/users\/5"}],"replies":[{"embeddable":true,"href":"https:\/\/espai-marx.net\/index.php?rest_route=%2Fwp%2Fv2%2Fcomments&post=12074"}],"version-history":[{"count":0,"href":"https:\/\/espai-marx.net\/index.php?rest_route=\/wp\/v2\/posts\/12074\/revisions"}],"wp:featuredmedia":[{"embeddable":true,"href":"https:\/\/espai-marx.net\/index.php?rest_route=\/wp\/v2\/media\/12076"}],"wp:attachment":[{"href":"https:\/\/espai-marx.net\/index.php?rest_route=%2Fwp%2Fv2%2Fmedia&parent=12074"}],"wp:term":[{"taxonomy":"category","embeddable":true,"href":"https:\/\/espai-marx.net\/index.php?rest_route=%2Fwp%2Fv2%2Fcategories&post=12074"},{"taxonomy":"post_tag","embeddable":true,"href":"https:\/\/espai-marx.net\/index.php?rest_route=%2Fwp%2Fv2%2Ftags&post=12074"}],"curies":[{"name":"wp","href":"https:\/\/api.w.org\/{rel}","templated":true}]}}