{"id":1215,"date":"2009-09-14T00:00:00","date_gmt":"2009-09-14T00:00:00","guid":{"rendered":"https:\/\/espai-marx.net\/?p=1215"},"modified":"2020-02-23T12:45:52","modified_gmt":"2020-02-23T11:45:52","slug":"entrevista-a-ramiro-lizondo-viceministro-de-produccion-boliviano","status":"publish","type":"post","link":"https:\/\/espai-marx.net\/?p=1215","title":{"rendered":"Entrevista a Ramiro Lizondo, viceministro de producci\u00f3n boliviano"},"content":{"rendered":"<p><em>ENTREVISTA A RAMIRO LIZONDO: \u201c[\u2026] Otro tema importante es que este nuevo texto constitucional establece que los recursos estrat\u00e9gicos del pa\u00eds s\u00f3lo deben ser explotados por el Estado, entregarlos a las transnacionales se considera traici\u00f3n a la patria.<\/em><\/p>\n<p>&nbsp;<\/p>\n<p>Septiembre de 2009.<\/p>\n<p>Ramiro Lizondo impartir\u00e1 una conferencia el lunes 14 de septiembre de 2009 en el Ateneu de Cerdanyola del Vall\u00e8s (Barcelona) sobre las perspectivas de la revoluci\u00f3n democr\u00e1tica boliviana. Aprovechando la ocasi\u00f3n le hemos entrevistado en torno a la situaci\u00f3n de Bolivia.<\/p>\n<p>*<\/p>\n<p><b><i>Usted es Viceministro de Producci\u00f3n de la Rep\u00fablica de Bolivia. \u00bfQu\u00e9 tareas desempe\u00f1a en el gobierno del presidente Evo Morales Ayma? <\/i><\/b><\/p>\n<p>Desde la aprobaci\u00f3n de la Nueva Constituci\u00f3n Pol\u00edtica del Estado, mi pa\u00eds ha cambiado de nombre, ahora se llama \u201cEstado Plurinacional de Bolivia\u201d. Resume los tiempos actuales y las nuevas condiciones hist\u00f3ricas en las que se desarrolla una nueva organizaci\u00f3n estatal que corresponde con los resultados de la Asamblea Constituyente y las demandas de la mayor\u00eda de los habitantes de Bolivia.<\/p>\n<p><b><i>Gracias, perdone el error.<\/i><\/b><\/p>\n<p>Actualmente soy el Viceministro de Micro y Peque\u00f1a Empresa. Mis principales tareas son las de atender las demandas de este sector mayoritario de la econom\u00eda boliviana y tambi\u00e9n la de dise\u00f1ar pol\u00edticas y programas dirigidos a dicho sector.<\/p>\n<p><b><i>El t\u00edtulo de una conferencia que usted impartir\u00e1 el pr\u00f3ximo 14 de septiembre en l\u2019Ateneu de Cerdanyola, una poblaci\u00f3n cercana a Barcelona, es: \u201cLas perspectivas de la Revoluci\u00f3n Democr\u00e1tica y Cultural de Bolivia\u00bb. \u00bfQu\u00e9 perspectivas son esas en su opini\u00f3n?<\/i><\/b><\/p>\n<p>Las perspectivas del proceso de cambio en Bolivia son de largo aliento. El horizonte de este proceso en s\u00ed mismo es muy largo. Cambiar las estructuras del antiguo Estado colonial llevar\u00e1 mucho tiempo, pero sin embargo, estamos convencidos de que no se puede gobernar de espaldas a los verdaderos actores de este proceso de cambios. Como dice el hermano Presidente, es gracias a la conciencia del pueblo boliviano que se est\u00e1n logrando de manera gradual y paulatina los cambios estructurales que necesita el pa\u00eds.<\/p>\n<p>La actividad est\u00e1 organizada por la Brigada Vallesana Sim\u00f3n Bol\u00edvar. \u00bfNos puede resumir en cinco apretadas l\u00edneas las finalidades del colectivo?<\/p>\n<p>La Brigada Vallesana es un colectivo de izquierda que se solidariza con los procesos de cambio que se est\u00e1n\u00a0 viviendo en Am\u00e9rica Latina. Tuve la oportunidad de conocerlos antes y saber que son nuestros hermanos y compa\u00f1eros porque compartimos los mismos sue\u00f1os e ideales por construir un mundo mejor.<\/p>\n<p>Creo que ha acudido usted tambi\u00e9n a un encuentro que se est\u00e1 celebrando en Lisboa del SELA (Sistema Econ\u00f3mico Latinoamericano y del Caribe), del el 9 al 13 de este mes de septiembre. \u00bfQu\u00e9 es el SELA? \u00bfDe qu\u00e9 est\u00e1n hablando en este encuentro?<\/p>\n<p>Es un evento en el que se est\u00e1 discutiendo sobre la evoluci\u00f3n de los sistemas de garant\u00eda que existen en la regi\u00f3n en un contexto de crisis econ\u00f3mica. Mi participaci\u00f3n est\u00e1 motivada o tiene el prop\u00f3sito de conocer de cerca las experiencias ya desarrolladas para luego tratar de implementar un Fondo de Garant\u00edas en Bolivia que permita o facilite el acceso al cr\u00e9dito de fomento a las micro y peque\u00f1as empresas que componen m\u00e1s del 90% de las actividades econ\u00f3micas en mi pa\u00eds.<\/p>\n<p>Usted es economista. \u00bfDeme su impresi\u00f3n sobre la crisis? \u00bfHabr\u00e1 reformas sustanciales en el sistema capitalista como algunos partidarios del propio sistema parecen o dicen abonar? \u00bfTodo seguir\u00e1 igual sin cambios sustantivos?<\/p>\n<p>Nunca se hab\u00eda hablado tanto de Keynes. Todos los neoliberales ahora se llaman as\u00ed mismos keynesianos y admiten la presencia y necesidad del Estado en la econom\u00eda, tanto para regular los mercados y evitar los excesos de los especuladores. Tratan de redimirse con Keynes y ahora \u201cdescubren\u201d la necesidad de que el Estado sea un agente importante de la econom\u00eda fomentando la demanda agregada.<\/p>\n<p>El capitalismo buscar\u00e1 la manera de subsistir y rearticularse haciendo todo tipo de reformas, incluso admitiendo la posibilidad y necesidad de que el Estado juegue un papel m\u00e1s importante en la econom\u00eda. Como izquierda necesitamos construir modelos y paradigmas nuevos sobre la base de nuestra propia visi\u00f3n de la historia, la visi\u00f3n de los oprimidos, de los condenados de la Tierra. Necesitamos pensar modelos no solo de producci\u00f3n, sino tambi\u00e9n de apropiaci\u00f3n de los excedentes a partir de una nueva \u00e9tica. Una \u00e9tica distinta a la del capitalismo. Ah\u00ed proponemos lo \u201cComunitario\u201d, el \u201cAyllu Universal\u201d, tanto como una propuesta emancipadora como un sistema real de organizaci\u00f3n econ\u00f3mica y social.<\/p>\n<p>En su tarea de viceministro de producci\u00f3n boliviano usted ha desempe\u00f1ado una importante funci\u00f3n en las medidas de ordenamiento del espacio productivo, especialmente como usted mismo se\u00f1alaba en el \u00e1mbito de la peque\u00f1a y mediana empresa. \u00bfCu\u00e1l es el papel de ese tipo de empresa en la econom\u00eda boliviana?<\/p>\n<p>Su importancia es enorme. Las Mypes en Bolivia conforman casi el 90% de las actividades econ\u00f3micas y absorben la misma cantidad de fuerza de trabajo pero su aporte al PIB nacional apenas llega al 20%. Casi todas trabajan en la informalidad en condiciones muy precarias. Es necesario revertir esa situaci\u00f3n mediante la formulaci\u00f3n de una estrategia de fomento a la producci\u00f3n en dicho sector.<\/p>\n<p>Esta estrategia ya ha sido propuesta a los actores productivos a nivel nacional y se comienza a implementar de manera gradual. Entre los principales puntos de la estrategia est\u00e1 la banca estatal de fomento, la creaci\u00f3n de agencias de desarrollo estatales para apoyar a los productores con diferentes servicios, etc.<\/p>\n<p>\u00bfQu\u00e9 papel est\u00e1 jugando Estados Unidos en el proceso democratizador emprendido en Bolivia? \u00bfEs fiable, les dejan hacer y vivir?<\/p>\n<p>Bolivia ha decidido que ning\u00fan otro pa\u00eds puede inmiscuirse en sus pol\u00edticas internas como lo hac\u00eda Estados Unidos hasta hace poco. Ese pa\u00eds no solo defin\u00eda pol\u00edticas, sino tambi\u00e9n a los gestores de esas pol\u00edticas atropellando la dignidad y soberan\u00eda del pueblo boliviano. Las \u00e9lites racistas antinacionales ten\u00edan y a\u00fan tienen a Estados Unidos como su principal aliado y padrino.<\/p>\n<p>No olvidemos que el gobierno actual de Bolivia, expuls\u00f3 al embajador de Estados Unidos (Philip Goldbert), porque estaba organizando grupos terroristas que promovieran un golpe de Estado y la divisi\u00f3n del pa\u00eds. Nosotros expulsamos tambi\u00e9n a la DEA y USAID que eran los instrumentos operativos de esa intervenci\u00f3n. A cambio, Estados Unidos nos cort\u00f3 la posibilidad de acceder a sus mercados con nuestras manufacturas. Eso nos ha generado problemas con los exportadores bolivianos que estamos tratando de resolver con nuevos mercados en el marco tanto del ALBA TCP como del MERCOSUR.<\/p>\n<p>Bolivia ha sido declarado recientemente por la ONU pa\u00eds libre de analfabetismo. \u00bfC\u00f3mo lo han conseguido? \u00bfC\u00f3mo han podido dedicar tantos esfuerzos a una tarea as\u00ed, tan importante y tan dif\u00edcil a un tiempo?<\/p>\n<p>Este fue uno de los logros sociales m\u00e1s importantes del proceso revolucionario boliviano. No solo el nuevo Estado y su gobierno ind\u00edgena y popular priorizaron la lucha contra el analfabetismo, sino que sin la ayuda solidaria de Cuba y Venezuela, esto no habr\u00eda sido posible, por lo menos en los plazos y condiciones logradas. Es una muestra real y concreta de que es posible llevar a cabo pol\u00edticas de fuerte contenido social sin el condicionamiento de los recursos y la priorizaci\u00f3n de su uso como se hac\u00eda antes, en la \u201cEra Neoliberal\u201d. Los gastos sociales ya no son una variable de ajuste como el empleo.<\/p>\n<p>\u00bfQu\u00e9 puntos destacar\u00eda usted de la nueva Constituci\u00f3n boliviana que fue aprobada a principios de 2009? \u00bfQu\u00e9 sentido tiene el Estado plurinacional boliviano?<\/p>\n<p>El Estado Plurinacional reconoce una condici\u00f3n previa como es la presencia y existencia de 36 naciones originarias que conforman el actual Estado Plurinacional boliviano. Esto ha implicado la recuperaci\u00f3n de la tierra y el territorio y la posibilidad de la autogesti\u00f3n de estas naciones a trav\u00e9s de Gobiernos Ind\u00edgenas Aut\u00f3nomos.<\/p>\n<p>El nuevo Estado Plurinacional debe trabajar una nueva arquitectura institucional que se adecue a las nuevas condiciones planteadas.<\/p>\n<p>Pero no s\u00f3lo est\u00e1 el reconocimiento de las naciones originarias y todo el simbolismo que esto implica, sino tambi\u00e9n los derechos de las personas de forma \u00edntegra, as\u00ed como la necesidad de convertir al nuevo Estado en un Estado Laico.<\/p>\n<p>A su vez, se reconocen cuatro formas de organizaci\u00f3n de la econom\u00eda (estatal, privado, social cooperativo y comunitario), que tambi\u00e9n es un avance de la nueva constituci\u00f3n. Otro tema importante es que este nuevo texto constitucional establece que los recursos estrat\u00e9gicos del pa\u00eds s\u00f3lo deben ser explotados por el Estado, entregarlos a las transnacionales se considera traici\u00f3n a la patria.<\/p>\n<p>Ustedes, como otras sociedades hermanas latinoamericanas, est\u00e1n intentando construir una, digamos, v\u00eda alternativa de sociedad postcapitalista, un socialismo creativo, el denominado socialismo del siglo XXI, basado en la democracia participativa y en los procesos productivos de car\u00e1cter socializador. D\u00e9jeme preguntarle por lo primero. \u00bfQu\u00e9 es para ustedes la democracia participativa?<\/p>\n<p>Para nosotros, la democracia participativa es el reconocimiento de los saberes tradicionales, de sus formas de organizaci\u00f3n pol\u00edtica, econ\u00f3mica, social, es decir, de todas sus tecnolog\u00edas sociales y pr\u00e1cticas de participaci\u00f3n y representaci\u00f3n. En gran parte, esas pr\u00e1cticas provienen de las comunidades, se replican en diferentes espacios, en algunos casos se sincretizan y pasan a ser parte de las relaciones sociales. Esas pr\u00e1cticas esperamos convertirlas en un nuevo paradigma social en el futuro.<\/p>\n<p>Sobre lo segundo: \u00bfc\u00f3mo conciben ustedes los procesos econ\u00f3micos socialistas? \u00bfQu\u00e9 es para ustedes el socialismo del siglo XXI?<\/p>\n<p>Pensamos que cada proceso de cambios en Am\u00e9rica Latina tiene sus caracter\u00edsticas que la hacen \u00fanica. En general, el socialismo del siglo XXI es una transversal emancipatoria que en cada caso puede suponer y exigir cosas distintas. Para nosotros es el cambio de la estructura de propiedad de la tierra, la recuperaci\u00f3n del territorio, la administraci\u00f3n de los recursos estrat\u00e9gicos por parte del Estado, nuevos sistemas de redistribuci\u00f3n de los excedentes, priorizaci\u00f3n de la inversi\u00f3n social, consolidaci\u00f3n de la soberan\u00eda nacional, desarrollar una cultura de la paz, etc. Y por supuesto, un gobierno popular que ponga en marcha todo eso.<\/p>\n<p>Finalmente, compa\u00f1ero Viceministro, Evo Morales en Bolivia, Correa en Ecuador, el Frente en El Salvador, Ch\u00e1vez en Venezuela, siga usted citando si lo cree necesario. \u00bfQu\u00e9 pasa en Am\u00e9rica Latina? \u00bfQuieren vivir ustedes sin permiso? \u00bfNo est\u00e1n so\u00f1ando nuevamente en las alamedas de Allende? \u00bfNo est\u00e1n olvidando que, dijera lo que dijera Mao, el imperialismo no es un tigre de papel y que las oligarqu\u00edas de sus pa\u00edses no son precisamente amantes desinteresados de la paz social?<\/p>\n<p>La regi\u00f3n en su conjunto est\u00e1 viviendo un renacer de las movilizaciones populares que demandan mayor justicia social y participaci\u00f3n en la construcci\u00f3n de su propia historia. Esto es contraproducente con el papel de dominaci\u00f3n ejercido por las oligarqu\u00edas desde la fundaci\u00f3n de las rep\u00fablicas independientes.<\/p>\n<p>Estos son procesos largos y casi siempre ca\u00f3ticos y desordenados, en algunos casos sangrientos y por definici\u00f3n muy arduos. Pero son procesos que corresponden con una etapa fundacional, con la creaci\u00f3n de algo nuevo. En todo sentido es un aprendizaje. Estamos escribiendo sobre una hoja en blanco en nuestra historia.<\/p>\n<p><b><i>Quiere a\u00f1adir alguna cosa m\u00e1s, se\u00f1or Viceministro.<\/i><\/b><\/p>\n<p>Agradecer a Rebeli\u00f3n por el trabajo que hacen.<\/p>\n","protected":false},"excerpt":{"rendered":"<p>Conferencia de Ramiro Lizondo, viceministro de producci\u00f3n boliviano, en Cerdanyola del Vall\u00e8s (Barcelona) el 14 de septiembre de 2009.<\/p>\n<p>ENTREVISTA A RAMIRO LIZONDO: \u201c[\u2026] Otro tema importante es que este nuevo texto constitucional establece que los recursos estrat\u00e9gicos del pa\u00eds s\u00f3lo deben ser explotados por el Estado, entregarlos a las transnacionales se considera traici\u00f3n a la patria.<\/p>\n<p>Salvador L\u00f3pez Arnal<\/p>\n<p>Septiembre de 2009.<\/p>\n","protected":false},"author":9,"featured_media":0,"comment_status":"open","ping_status":"open","sticky":false,"template":"","format":"standard","meta":{"footnotes":""},"categories":[32],"tags":[],"class_list":["post-1215","post","type-post","status-publish","format-standard","hentry","category-america-latina"],"aioseo_notices":[],"_links":{"self":[{"href":"https:\/\/espai-marx.net\/index.php?rest_route=\/wp\/v2\/posts\/1215","targetHints":{"allow":["GET"]}}],"collection":[{"href":"https:\/\/espai-marx.net\/index.php?rest_route=\/wp\/v2\/posts"}],"about":[{"href":"https:\/\/espai-marx.net\/index.php?rest_route=\/wp\/v2\/types\/post"}],"author":[{"embeddable":true,"href":"https:\/\/espai-marx.net\/index.php?rest_route=\/wp\/v2\/users\/9"}],"replies":[{"embeddable":true,"href":"https:\/\/espai-marx.net\/index.php?rest_route=%2Fwp%2Fv2%2Fcomments&post=1215"}],"version-history":[{"count":0,"href":"https:\/\/espai-marx.net\/index.php?rest_route=\/wp\/v2\/posts\/1215\/revisions"}],"wp:attachment":[{"href":"https:\/\/espai-marx.net\/index.php?rest_route=%2Fwp%2Fv2%2Fmedia&parent=1215"}],"wp:term":[{"taxonomy":"category","embeddable":true,"href":"https:\/\/espai-marx.net\/index.php?rest_route=%2Fwp%2Fv2%2Fcategories&post=1215"},{"taxonomy":"post_tag","embeddable":true,"href":"https:\/\/espai-marx.net\/index.php?rest_route=%2Fwp%2Fv2%2Ftags&post=1215"}],"curies":[{"name":"wp","href":"https:\/\/api.w.org\/{rel}","templated":true}]}}