{"id":12185,"date":"2022-07-18T05:00:58","date_gmt":"2022-07-18T04:00:58","guid":{"rendered":"https:\/\/espai-marx.net\/?p=12185"},"modified":"2022-07-17T21:00:22","modified_gmt":"2022-07-17T20:00:22","slug":"la-dialectica-en-marx-y-la-ciencia-moderna-y-ii","status":"publish","type":"post","link":"https:\/\/espai-marx.net\/?p=12185","title":{"rendered":"La dial\u00e9ctica en Marx y la ciencia moderna (y II)"},"content":{"rendered":"<p>Segunda parte \u2013<a href=\"https:\/\/espai-marx.net\/?p=11902\">enlace a la primera<\/a>\u2013 de la charla del f\u00edsico Manuel Monle\u00f3n, catedr\u00e1tico de la Universidad Polit\u00e9cnica de Valencia, el 16 de junio de 2022 en el marco del <span class=\"en_N i_3mCHE\" title=\"...La dial\u00e9ctica y la ciencia. Manuel Monle\u00f3n. Seminario de El Capital de Sarriko. Departamento de Econom\u00eda Aplicada de la ^_UPV^_-EHU, Bilbao\" data-test-id=\"message-group-subject\"><span data-test-id=\"message-group-subject-text\">Seminario de El Capital de Sarriko. Departamento de Econom\u00eda Aplicada de la UPV-EHU, Bilbao<\/span><\/span>.<\/p>\n<p><iframe loading=\"lazy\" title=\"| Manuel Monle\u00f3n | La dial\u00e9ctica en Marx y la ciencia moderna - parte II -\" width=\"800\" height=\"450\" src=\"https:\/\/www.youtube.com\/embed\/Sec2J3NmrhY?feature=oembed\" frameborder=\"0\" allow=\"accelerometer; autoplay; clipboard-write; encrypted-media; gyroscope; picture-in-picture; web-share\" referrerpolicy=\"strict-origin-when-cross-origin\" allowfullscreen><\/iframe><\/p>\n","protected":false},"excerpt":{"rendered":"<p>Segunda parte \u2013enlace a la primera\u2013 de la charla del f\u00edsico Manuel Monle\u00f3n, catedr\u00e1tico de la Universidad Polit\u00e9cnica de Valencia,<\/p>\n","protected":false},"author":5,"featured_media":0,"comment_status":"open","ping_status":"open","sticky":false,"template":"","format":"standard","meta":{"footnotes":""},"categories":[9,8,1544,833],"tags":[],"class_list":["post-12185","post","type-post","status-publish","format-standard","hentry","category-ciencia","category-filosofia","category-karl-marx","category-videos"],"aioseo_notices":[],"_links":{"self":[{"href":"https:\/\/espai-marx.net\/index.php?rest_route=\/wp\/v2\/posts\/12185","targetHints":{"allow":["GET"]}}],"collection":[{"href":"https:\/\/espai-marx.net\/index.php?rest_route=\/wp\/v2\/posts"}],"about":[{"href":"https:\/\/espai-marx.net\/index.php?rest_route=\/wp\/v2\/types\/post"}],"author":[{"embeddable":true,"href":"https:\/\/espai-marx.net\/index.php?rest_route=\/wp\/v2\/users\/5"}],"replies":[{"embeddable":true,"href":"https:\/\/espai-marx.net\/index.php?rest_route=%2Fwp%2Fv2%2Fcomments&post=12185"}],"version-history":[{"count":0,"href":"https:\/\/espai-marx.net\/index.php?rest_route=\/wp\/v2\/posts\/12185\/revisions"}],"wp:attachment":[{"href":"https:\/\/espai-marx.net\/index.php?rest_route=%2Fwp%2Fv2%2Fmedia&parent=12185"}],"wp:term":[{"taxonomy":"category","embeddable":true,"href":"https:\/\/espai-marx.net\/index.php?rest_route=%2Fwp%2Fv2%2Fcategories&post=12185"},{"taxonomy":"post_tag","embeddable":true,"href":"https:\/\/espai-marx.net\/index.php?rest_route=%2Fwp%2Fv2%2Ftags&post=12185"}],"curies":[{"name":"wp","href":"https:\/\/api.w.org\/{rel}","templated":true}]}}