{"id":1219,"date":"2009-09-23T00:00:00","date_gmt":"2009-09-23T00:00:00","guid":{"rendered":"https:\/\/espai-marx.net\/?p=1219"},"modified":"2020-02-23T12:18:29","modified_gmt":"2020-02-23T11:18:29","slug":"despidos-jovenes-trabajadores-y-declaraciones-de-la-consellera-de-treball-de-la-generalitat-de-catalunya","status":"publish","type":"post","link":"https:\/\/espai-marx.net\/?p=1219","title":{"rendered":"Despidos, j\u00f3venes trabajadores y declaraciones de la consellera de Treball de la Generalitat de Catalunya"},"content":{"rendered":"<p>Ser\u00e1 un globo sonda. Ir\u00e1 o no por libre. Habr\u00e1 consultado o no con el partido hegemon\u00f3nico del tripartito de izquierdas (\u00a1qu\u00e9 risa t\u00eda Felisa!) y con el president Montilla. Estar\u00e1n o no de acuerdo las otras dos formaciones. Acaso quiera ir de pol\u00edticamente incorrecta pensando en nuevos escenarios pol\u00edticos a corto o medio plazo. Es igual, tanto dan los c\u00e1lculos y los entresijos de la trama. Todo esto, perm\u00edtanme el exabrupto, es una birria.<\/p>\n<p>Las declaraciones, las digamos ideas y propuestas de la consellera de Treball de la Generalitat catalana sobre abaratar el despido de los j\u00f3venes cuando, eso s\u00ed, hayamos superado m\u00ednimamente la situaci\u00f3n de crisis son tan abyectas, tan impropias de un dirigente pol\u00edtico que no sit\u00fae la izquierda en el \u00e1mbito de sus est\u00fapidas y olvidadas utop\u00edas juveniles, que tan s\u00f3lo merecen un breve comentarios.<\/p>\n<p>Este por ejemplo:<\/p>\n<p>Hay que haber perdido todo \u00e1tomo de inquietud pol\u00edtica transformadora, de rebeld\u00eda, de no subordinaci\u00f3n, todo deseo aunque sea amortiguado por desplazarse por senderos que tengan que ver, aunque sea muy moderada y remotamente, con cambiar alguna arista social, por secundaria que esta sea, para atreverse a proponer a la ciudadan\u00eda que una forma de mejorar la situaci\u00f3n del desempleo obrero en Catalunya sea abaratar los costes del despido de los j\u00f3venes porque \u00e9stos, dicho literalmente por la se\u00f1ora consellera, por edad, por energ\u00eda, por formaci\u00f3n, suelen encontrar trabajo m\u00e1s f\u00e1cilmente.<\/p>\n<p>No hace falta apuntar la nueva brecha de desuni\u00f3n que esa propuesta genera, el sendero abisal que abre. \u00bfPor qu\u00e9 no propone la consellera que las personas que, como ella, tienen estudios superiores, y que suelen encontrar trabajo m\u00e1s f\u00e1cilmente, no sea el sector afectado por el abaratamiento? Puestos a negar derechos laborales, por qu\u00e9 no suprimimos ya definitivamente su conseller\u00eda, los profesores de derecho del trabajo e incluso los inspectores laborales. \u00bfEs constitucional una propuesta que trata de forma desigual a ciudadanos de diferentes edades? \u00bfNo era el caso de que todo ciudadano era igual ante la ley?<\/p>\n<p>Por lo dem\u00e1s, \u00bfla consellera no sabe la situaci\u00f3n laboral de los j\u00f3venes trabajadores catalanas? \u00bfQuiere dar a\u00fan m\u00e1s armas al empresariado catal\u00e1n e internacional para que sigan maltratando hasta l\u00edmites inconcebibles hace apenas diez a\u00f1os a j\u00f3venes que permanecen durante diez o m\u00e1s a\u00f1os con sueldos que apenas permiten un atisbo de independencia? \u00bfLa consellera ignora que la tasa de paro entre la poblaci\u00f3n catalana menor de 30 a\u00f1os es del 26,6%, siendo la media conjunta del 16%? \u00bfDesconoce que la tasa de temporalidad entre los j\u00f3venes es del 34,5%, siendo la media, tambi\u00e9n conjunta, del 17%?<\/p>\n<p>O lo que es peor, \u00bfconoce estos datos y lanza esas propuestas?<\/p>\n<p>Innecesario es se\u00f1alar el aplauso cerrado que la consellera ha cosechado entre la patronal catalana que ya se ha apresurado a decir, con cara y letra de circunstancias ajustadas, que as\u00ed es como se opera en otros pa\u00edses europeos y que el realismo pol\u00edtico-econ\u00f3mico (es decir, la subordinaci\u00f3n a sus intereses esenciales) debe figurar en el puesto de mando de todo gobierno responsable. \u00bfPor qu\u00e9 este sector social est\u00e1 siempre, y de forma destacada, en el punto de mira del gobierno de \u201cizquierdas\u201d catal\u00e1n? \u00bfSe trata de emular anticipadamente las probables actuaciones de gobiernos CiU-PP?<\/p>\n","protected":false},"excerpt":{"rendered":"<p>Despidos, j\u00f3venes trabajadores y declaraciones de la consellera de Treball de la Generalitat de Catalunya.<\/p>\n<p>\u00a0<\/p>\n<p>Salvador L\u00f3pez Arnal<\/p>\n<p>\u00a0<\/p>\n<p>Ser\u00e1 un globo sonda. Ir\u00e1 o no por libre. Habr\u00e1 consultado o no con el partido hegemon\u00f3nico del tripartito de izquierdas (\u00a1qu\u00e9 risa t\u00eda Felisa!) y con el president Montilla. Estar\u00e1n o no de acuerdo las otras dos formaciones. Acaso quiera ir de pol\u00edticamente incorrecta pensando en nuevos escenarios pol\u00edticos a corto o medio plazo. Es igual, tanto dan los c\u00e1lculos y los entresijos de la trama. Todo esto, perm\u00edtanme el exabrupto, es una birria.<\/p>\n<p>Las declaraciones, las digamos ideas y propuestas de la consellera de Treball de la Generalitat catalana sobre abaratar el despido de los j\u00f3venes cuando, eso s\u00ed, hayamos superado m\u00ednimamente la situaci\u00f3n de crisis son tan abyectas, tan impropias de un dirigente pol\u00edtico que no sit\u00fae la izquierda en el \u00e1mbito de sus est\u00fapidas y olvidadas utop\u00edas juveniles, que tan s\u00f3lo merecen un breve comentarios.<\/p>\n","protected":false},"author":9,"featured_media":0,"comment_status":"open","ping_status":"open","sticky":false,"template":"","format":"standard","meta":{"footnotes":""},"categories":[3],"tags":[],"class_list":["post-1219","post","type-post","status-publish","format-standard","hentry","category-condiciones-de-vida"],"aioseo_notices":[],"_links":{"self":[{"href":"https:\/\/espai-marx.net\/index.php?rest_route=\/wp\/v2\/posts\/1219","targetHints":{"allow":["GET"]}}],"collection":[{"href":"https:\/\/espai-marx.net\/index.php?rest_route=\/wp\/v2\/posts"}],"about":[{"href":"https:\/\/espai-marx.net\/index.php?rest_route=\/wp\/v2\/types\/post"}],"author":[{"embeddable":true,"href":"https:\/\/espai-marx.net\/index.php?rest_route=\/wp\/v2\/users\/9"}],"replies":[{"embeddable":true,"href":"https:\/\/espai-marx.net\/index.php?rest_route=%2Fwp%2Fv2%2Fcomments&post=1219"}],"version-history":[{"count":0,"href":"https:\/\/espai-marx.net\/index.php?rest_route=\/wp\/v2\/posts\/1219\/revisions"}],"wp:attachment":[{"href":"https:\/\/espai-marx.net\/index.php?rest_route=%2Fwp%2Fv2%2Fmedia&parent=1219"}],"wp:term":[{"taxonomy":"category","embeddable":true,"href":"https:\/\/espai-marx.net\/index.php?rest_route=%2Fwp%2Fv2%2Fcategories&post=1219"},{"taxonomy":"post_tag","embeddable":true,"href":"https:\/\/espai-marx.net\/index.php?rest_route=%2Fwp%2Fv2%2Ftags&post=1219"}],"curies":[{"name":"wp","href":"https:\/\/api.w.org\/{rel}","templated":true}]}}