{"id":12199,"date":"2022-07-26T05:00:11","date_gmt":"2022-07-26T04:00:11","guid":{"rendered":"https:\/\/espai-marx.net\/?p=12199"},"modified":"2023-02-04T04:54:20","modified_gmt":"2023-02-04T03:54:20","slug":"problemas-del-movimiento-obrero-en-occidente-en-los-anos-setenta","status":"publish","type":"post","link":"https:\/\/espai-marx.net\/?p=12199","title":{"rendered":"Problemas del movimiento obrero en Occidente en los a\u00f1os setenta"},"content":{"rendered":"<p><em>El 25 de agosto de 2022 har\u00e1 diez a\u00f1os del fallecimiento de Francisco Fern\u00e1ndez Buey. Se est\u00e1n organizando diversos actos de recuerdo y homenaje y, desde Espai Marx, cada semana a lo largo de 2022-2023 publicaremos como nuestra peque\u00f1a aportaci\u00f3n un texto suyo para apoyar estos actos y dar a conocer su obra.<br \/>\n<\/em><\/p>\n<p>Edici\u00f3n de Salvador L\u00f3pez Arnal<\/p>\n<p>Esquema fechado en mayo de 1976. Preparado para la Escuela de Sociolog\u00eda de la Diputaci\u00f3n de Barcelona de la que el autor fue profesor.<\/p>\n<p>&nbsp;<\/p>\n<p><strong>1. La cr\u00edtica del modelo productivista en la construcci\u00f3n del socialismo.<\/strong><\/p>\n<p>1.1. Los desequilibrios entre la estructura acad\u00e9mica econ\u00f3mica (estatalizaci\u00f3n de los medios de producci\u00f3n en la industria, colectivizaciones de las empresas agr\u00edcolas, etc.) y las sobreestructuras en la URSS y pa\u00edses del bloque sovi\u00e9tico. Crisis de la ecuaci\u00f3n leninista \u00ab<em>socialismo = soviets + electrificaci\u00f3n<\/em>\u00bb.<\/p>\n<p>a) El proceso de burocratizaci\u00f3n.<\/p>\n<p>b) La despolitizaci\u00f3n de las masas obreras y campesinas.<\/p>\n<p>c) Represi\u00f3n de las libertades individuales y nacionales.<\/p>\n<p>d) Jerarquizaci\u00f3n de salarios y diferencias sociales.<\/p>\n<p>e) Identificaci\u00f3n partido\/estado.<\/p>\n<p>1.2. Las contradicciones de la pol\u00edtica exterior de la URSS.<\/p>\n<p>a) La cristalizaci\u00f3n de la concepci\u00f3n del internacionalismo proletario propia de la \u00e9poca del cerco imperialista a la URSS.<\/p>\n<p>b) Conflicto entre intereses estatales e intereses comunistas revolucionarios.<\/p>\n<p>c) Interpretaci\u00f3n de la coexistencia pac\u00edfica en funci\u00f3n de los intereses estatales de la URSS.<\/p>\n<p>d) Tendencia a la conservaci\u00f3n del status quo internacional consecuencia de la segunda guerra mundial.<\/p>\n<p><strong>2. La crisis de identidad del movimiento comunista en Europa occidental.<\/strong><\/p>\n<p>2.1. Factores de la crisis:<\/p>\n<p>a) La paralizaci\u00f3n de la autocr\u00edtica del socialismo abierta por el XX Congreso del PCUS \/ prolongaci\u00f3n de la tendencia conformista en el tratamiento de los problemas de la revoluci\u00f3n comunista mundial y obst\u00e1culos e involuci\u00f3n de la cr\u00edtica del estalinismo.<\/p>\n<p>b) La extensi\u00f3n de los movimientos guerrilleros en Am\u00e9rica Latina como forma alternativa de la lucha de clases en los pa\u00edses perif\u00e9ricos o dependientes del imperialismo. Repercusi\u00f3n de la pol\u00e9mica sobre v\u00eda pac\u00edfica \/ v\u00eda armada en Europa occidental: desgajamiento de sectores del m.c. [movimiento comunista]<\/p>\n<p>c) La evoluci\u00f3n del capitalismo monopolista de estado en una fase de pausa o estabilizaci\u00f3n relativa: latencia de la consciencia de clase como elemento condicionador del estancamiento de la estrategia revolucionaria en el m.o. [movimiento obrero] de la Europa occidental.<\/p>\n<p>d) el desarrollo de la guerra en Vietnam como elemento de recuperaci\u00f3n de la subjetividad revolucionaria.<\/p>\n<p>2.2. 1968: la consciencia de la crisis:<\/p>\n<p>a) La rebeli\u00f3n estudiantil en Occidente: Francia, Alemania, Italia, USA, Inglaterra, etc.: primera manifestaci\u00f3n importante de la crisis de civilizaci\u00f3n en el capitalismo monopolista avanzado. S\u00edntomas de descomposici\u00f3n de los aparatos transmisores de la ideolog\u00eda dominante y de la involuci\u00f3n antidemocr\u00e1tica de los estados capitalistas.<\/p>\n<p>b) Primeras bases para la reconstrucci\u00f3n de un movimiento sindical no reformista en algunos pa\u00edses de la Europa Occidental\/reaparici\u00f3n del tema de la democracia obrera de base: inclusi\u00f3n en las plataformas sindicales de reivindicaciones que rebasan las exigencias tradicionales y apuntan hacia la puesta en primer plano de problemas centrales de la civilizaci\u00f3n capitalista (organizaci\u00f3n del trabajo, derecho al estudio, problemas urbanos y sanitarios, etc).<\/p>\n<p>c) El nuevo nuevo en Checoslovaquia: la autocr\u00edtica del socialismo leninista. Replanteamiento de la relaci\u00f3n estado\/partido y de la relaci\u00f3n partido\/masas; afirmaci\u00f3n de la posibilidad de nuevos modelos de crecimiento econ\u00f3mico en el socialismo; atenci\u00f3n a la cuesti\u00f3n de la relaci\u00f3n entre democracia y socialismo, etc.<\/p>\n<p>d) La revoluci\u00f3n cultural proletaria en China.<\/p>\n<p><strong>3. El modelo chino en Europa Occidental.<\/strong><\/p>\n<p>a) Nuevo elemento favorable a la recuperaci\u00f3n de la subjetividad revolucionaria: \u00abla pol\u00edtica en el puesto de mando\u00bb; importancia de las creencias revolucionarias en la construcci\u00f3n del socialismo, etc.<\/p>\n<p>b) Una pol\u00edtica decididamente anti-imperialista \/ 1956-1970.<\/p>\n<p>c) Conjugaci\u00f3n de la productividad y de los est\u00edmulos morales en la construcci\u00f3n del socialismo: proyecto de superaci\u00f3n del abismo entre agricultura e industria.<\/p>\n<p>d) Replanteamiento socialista del problema de la ense\u00f1anza: bases para la superaci\u00f3n de la divisi\u00f3n entre trabajo manual y trabajo intelectual.<\/p>\n<p>e) Una visi\u00f3n revolucionaria de la coexistencia pac\u00edfica<\/p>\n<p>f) Primera autocr\u00edtica estructural del fen\u00f3meno estalinista.<\/p>\n<p><strong>4. El renacimiento del marxismo occidental y eurocomunismo.<\/strong><\/p>\n<p>4.1. La recuperaci\u00f3n del \u00abverdadero\u00bb Marx: el tema de la revoluci\u00f3n en Occidente. La doble autocr\u00edtica del \u00abmarxismo occidental\u00bb.<\/p>\n<p>4.2. Distanciamiento paralelo de los modelos ruso y chino.<\/p>\n<p>4.3. El dilema democracia\/ socialismo y la alternativa reforma\/ revoluci\u00f3n en el m.o. de Europa occidental hoy.<\/p>\n<p>4.4. La reinterpretaci\u00f3n de la din\u00e1mica del capitalismo avanzado.<\/p>\n<p>4.5. Subjetividad y objetividad de la revoluci\u00f3n cultural en ciernes.<\/p>\n","protected":false},"excerpt":{"rendered":"<p>El 25 de agosto de 2022 har\u00e1 diez a\u00f1os del fallecimiento de Francisco Fern\u00e1ndez Buey. Se est\u00e1n organizando diversos actos<\/p>\n","protected":false},"author":5,"featured_media":12200,"comment_status":"open","ping_status":"open","sticky":false,"template":"","format":"standard","meta":{"footnotes":""},"categories":[1948,22],"tags":[1002],"class_list":["post-12199","post","type-post","status-publish","format-standard","has-post-thumbnail","hentry","category-francisco-fernandez-buey","category-historia-del-movimiento-y-de-la-clase-obrera","tag-francisco-fernandez-buey"],"aioseo_notices":[],"_links":{"self":[{"href":"https:\/\/espai-marx.net\/index.php?rest_route=\/wp\/v2\/posts\/12199","targetHints":{"allow":["GET"]}}],"collection":[{"href":"https:\/\/espai-marx.net\/index.php?rest_route=\/wp\/v2\/posts"}],"about":[{"href":"https:\/\/espai-marx.net\/index.php?rest_route=\/wp\/v2\/types\/post"}],"author":[{"embeddable":true,"href":"https:\/\/espai-marx.net\/index.php?rest_route=\/wp\/v2\/users\/5"}],"replies":[{"embeddable":true,"href":"https:\/\/espai-marx.net\/index.php?rest_route=%2Fwp%2Fv2%2Fcomments&post=12199"}],"version-history":[{"count":0,"href":"https:\/\/espai-marx.net\/index.php?rest_route=\/wp\/v2\/posts\/12199\/revisions"}],"wp:featuredmedia":[{"embeddable":true,"href":"https:\/\/espai-marx.net\/index.php?rest_route=\/wp\/v2\/media\/12200"}],"wp:attachment":[{"href":"https:\/\/espai-marx.net\/index.php?rest_route=%2Fwp%2Fv2%2Fmedia&parent=12199"}],"wp:term":[{"taxonomy":"category","embeddable":true,"href":"https:\/\/espai-marx.net\/index.php?rest_route=%2Fwp%2Fv2%2Fcategories&post=12199"},{"taxonomy":"post_tag","embeddable":true,"href":"https:\/\/espai-marx.net\/index.php?rest_route=%2Fwp%2Fv2%2Ftags&post=12199"}],"curies":[{"name":"wp","href":"https:\/\/api.w.org\/{rel}","templated":true}]}}