{"id":12239,"date":"2022-07-30T05:00:37","date_gmt":"2022-07-30T04:00:37","guid":{"rendered":"https:\/\/espai-marx.net\/?p=12239"},"modified":"2022-07-29T21:09:25","modified_gmt":"2022-07-29T20:09:25","slug":"la-solidez-sabiduria-y-compromiso-de-un-fiscal-que-milito-en-el-psuc","status":"publish","type":"post","link":"https:\/\/espai-marx.net\/?p=12239","title":{"rendered":"La solidez, sabidur\u00eda y compromiso de un fiscal que milit\u00f3 en el PSUC"},"content":{"rendered":"<p>Rese\u00f1a de: Carlos Jim\u00e9nez Villarejo, <em>Justicia-Democracia<\/em>, Utop\u00eda libros: C\u00f3rdoba, 2022, 541 p\u00e1ginas.<\/p>\n<p><a href=\"https:\/\/espai-marx.net\/wp-content\/uploads\/2022\/07\/justicia-democracia.jpg\"><img loading=\"lazy\" decoding=\"async\" class=\"alignleft size-full wp-image-12240\" src=\"https:\/\/espai-marx.net\/wp-content\/uploads\/2022\/07\/justicia-democracia.jpg\" alt=\"\" width=\"229\" height=\"356\" srcset=\"https:\/\/espai-marx.net\/wp-content\/uploads\/2022\/07\/justicia-democracia.jpg 229w, https:\/\/espai-marx.net\/wp-content\/uploads\/2022\/07\/justicia-democracia-193x300.jpg 193w\" sizes=\"auto, (max-width: 229px) 100vw, 229px\" \/><\/a>En el presente volumen, se\u00f1ala Carlos Jim\u00e9nez Villarejo, \u00abno puedo ni debo ocultar que, desde mi toma de posici\u00f3n como Fiscal en Barcelona, en un clima no s\u00f3lo favorable sino de entusiasta apoyo a la dictadura, m\u00e1s pronto que tarde adopt\u00e9 posiciones de defensa de los derechos y libertades que generaron un inevitable clima de conflictividad con la jerarqu\u00eda de la profesi\u00f3n. Afortunadamente, ese clima fue ampli\u00e1ndose hasta conducir a una oposici\u00f3n m\u00e1s amplia abiertamente antifranquista, como Justicia Democr\u00e1tica\u00bb. Una arista esencial del autor, no es la \u00fanica; a\u00f1adamos otra, muestra de su preocupaci\u00f3n ininterrumpida (y no de boquilla) por los m\u00e1s vulnerables: \u00abEn enero de 2018, con motivo del cierre definitivo de la C\u00e1rcel Modelo, bajo la presidencia de la Alcaldesa de Barcelona, tuvo lugar un acto, entre institucional y festivo, para celebrar la clausura. Durante tal acto, nadie mencion\u00f3 ni record\u00f3 a los miles de reclusos \u2013presos comunes\u2013 que, durante el per\u00edodo mencionado, y en otros muchos, vivieron y sufrieron condiciones inhumanas de encierro, as\u00ed como sus dif\u00edciles luchas para recuperar un trato humanitario y digno. Y, por supuesto, no me consta que haya una placa que recuerde para siempre su sufrimiento y sus reivindicaciones. Son merecedores de ella\u00bb. Lo son.<\/p>\n<p><em>Justicia-Democracia<\/em> es el primer tomo de las <em>Obras completas<\/em> (\u00abuna amplia cr\u00f3nica profesional del magistrado, entre 1962 y 2003, hasta el momento de su cese como Fiscal-Jefe Anticorrupci\u00f3n\u00bb) de alguien, un ciudadano ejemplar, que no necesita presentaci\u00f3n. Un breve e innecesario apunte: Carlos Jim\u00e9nez Villarejo (1935) milit\u00f3 en el PSUC durante la dictadura y particip\u00f3 en la constituci\u00f3n de la organizaci\u00f3n clandestina antifranquista \u00abJusticia Democr\u00e1tica\u00bb. Sancionado por su lucha y compromiso, en 1984 particip\u00f3 en la presentaci\u00f3n de una querella criminal por delitos econ\u00f3micos contra los consejeros de Banca Catalana (incluido el entonces presidente de la Generalitat, Jordi Pujol). Nombrado en 1995 Fiscal-Jefe de la reci\u00e9n creada Fiscal\u00eda Anticorrupci\u00f3n, fue cesado en 2003 por el gobierno Aznar. Ha sido asesor del Grupo Parlamentario de IU-IC en el Congreso de Diputados. Es autor de <em>Catalunya, mitos y resistencias<\/em> (El Viejo Topo, 2018).<\/p>\n<p>Este primer volumen est\u00e1 estructurado del modo siguiente: Presentaci\u00f3n del autor, Introducci\u00f3n, 42 art\u00edculos (algunos sobre \u00e9l, entre ellos un informe de la brigada pol\u00edtico-social), comparencias (ante el Senado y ante el Parlamento de Catalunya), \u00abMi gratitud al periodismo\u00bb (cinco art\u00edculos sobre \u00e9l, una breve nota de V\u00e1zquez Montalb\u00e1n entre ellos), Homenajes (entre otros, a Jos\u00e9 M.\u00aa Gonz\u00e1lez Ruiz, Gregorio L\u00f3pez Raimundo, su hermano Jos\u00e9 Jim\u00e9nez Villarejo,\u2026) y \u00abContra el proc\u00e9s\u00bb (10 art\u00edculos y una entrevista, todos ellos posteriores a los trabajos incluidos en <em>Catalunya, Mitos y Resistencias<\/em>). Con una ausencia que muchos lectores echar\u00e1n en falta (el que suscribe por ejemplo): desde sus primeros a\u00f1os de fiscal, CVJ opt\u00f3 por conocer y estudiar el marxismo, como m\u00e9todo y sistema \u00abpara construir una sociedad econ\u00f3micamente m\u00e1s justa de la que ya percib\u00eda y un Estado que respetara a las personas como titulares, inviolables, de derechos y libertades de los que entonces \u20131964 y siguientes\u2013, carec\u00edan en absoluto. Lo que me llevar\u00eda a escribir unas p\u00e1ginas tituladas \u201cLecciones de filosof\u00eda marxista\u201d, que por su extensi\u00f3n no he incluido en los presentes escritos\u00bb. \u00a1Es una l\u00e1stima!<\/p>\n<p>Destaco uno de los grandes temas que han ocupado la atenci\u00f3n del autor (otro ser\u00eda la tortura) y que est\u00e1 muy presente en el libro: la inmigraci\u00f3n. Para CJV, la realidad de la inmigraci\u00f3n, en el caso de Espa\u00f1a, \u00abtiene una gran trascendencia por su frontera sur y el acceso masivo y permanente de ciudadanos marroqu\u00edes y subsaharianos, pa\u00edses subdesarrollados y pobres, lo que va a determinar un flujo migratorio permanente de inmigrantes extracomunitarios pobres\u00bb. Ante lo que no bastan en modo alguno, nos recuerda, \u00abbarreras policiales, pues no puede aceptarse que constituya su soporte del concepto de Estado ante esa realidad la distinci\u00f3n entre nacional y extranjero (Hanas Kelsen)\u00bb. Todos y todas son ciudadanos y las restricciones de derechos deben ser m\u00ednimas y estrictamente reguladas, a\u00f1ade.<\/p>\n<p>Un breve selecci\u00f3n de los escritos que m\u00e1s me han impactado e interesado: \u00abLa justicia, de la dictadura a la democracia. La cr\u00f3nica de un fiscal antifranquista\u00bb (2019), \u00abRetos y dificultades de la inmigraci\u00f3n\u00bb (2005), \u00abBorrachera de poder (Conversaci\u00f3n \u2013\u00a1magn\u00edfica, excelente!\u2013 con el profesor Juan-Ram\u00f3n Capella)\u00bb (2007), \u00abEl genocidio maya ante el Tribunal Constitucional\u00bb (2006), \u00abLos \u201cvuelos de la CIA\u201d, una afrenta a la justicia\u00bb (2015), \u00abLa tortura, grave amenaza para la democracia\u00bb (2008), \u00abLa crisis de la justicia universal\u00bb (2009), \u00abEl valor constitucional, \u00bfen crisis?\u00bb (2010), \u00abClaroscuros de la justicia. \u00bfPoder o servicio?\u00bb (2014), \u00abEl Tarajal: muerte a los \u201cextra\u00f1os\u201d\u00bb (2017), \u00abUna lecci\u00f3n sobre los refugiados y el derecho de asilo\u00bb (no fechado), \u00abDecidme c\u00f3mo es un \u00e1rbol. En la muerte de Marcos Ana\u00bb (2016), \u00abHa muerto un comunista. Ha muerto Paco Frutos\u00bb (2020). Sumo sus art\u00edculos sobre el proc\u00e9s, ninguno de ellos menor o insustantivo.<\/p>\n<p>Ni que decir tiene que CJV piensa y escribe sin pelos en la lengua (\u00abLa Constituci\u00f3n europea representa un fuerte retroceso respecto a la actitud mantenida hasta ahora por la Comisi\u00f3n, respecto a la cuesti\u00f3n inmigratoria. Representa una posici\u00f3n m\u00e1s estritiva y defensiva\u00bb) y que las sustantivas p\u00e1ginas que dedica al caso Banca Catalana son de enorme inter\u00e9s para todos aquellos que no estamos dispuestos a que habite el olvido en un asunto tan esencial como ese en nuestra historia reciente.<\/p>\n<p>En s\u00edntesis: \u00a1No se lo pierdan y recomi\u00e9ndeselo a sus amistades!\u2026 Y estemos atentos a la edici\u00f3n de los vol\u00famenes II y III de estas <em>Obras Completas<\/em> de este compa\u00f1ero imprescindible.<\/p>\n","protected":false},"excerpt":{"rendered":"<p>Rese\u00f1a de: Carlos Jim\u00e9nez Villarejo, Justicia-Democracia, Utop\u00eda libros: C\u00f3rdoba, 2022, 541 p\u00e1ginas. En el presente volumen, se\u00f1ala Carlos Jim\u00e9nez Villarejo,<\/p>\n","protected":false},"author":5,"featured_media":12241,"comment_status":"open","ping_status":"open","sticky":false,"template":"","format":"standard","meta":{"footnotes":""},"categories":[1549,5,1548],"tags":[1871,1731,1872,917],"class_list":["post-12239","post","type-post","status-publish","format-standard","has-post-thumbnail","hentry","category-democracia","category-literatura","category-politica","tag-carlos-jimenez-villarejo","tag-derecho","tag-justicia-democracia","tag-resenas"],"aioseo_notices":[],"_links":{"self":[{"href":"https:\/\/espai-marx.net\/index.php?rest_route=\/wp\/v2\/posts\/12239","targetHints":{"allow":["GET"]}}],"collection":[{"href":"https:\/\/espai-marx.net\/index.php?rest_route=\/wp\/v2\/posts"}],"about":[{"href":"https:\/\/espai-marx.net\/index.php?rest_route=\/wp\/v2\/types\/post"}],"author":[{"embeddable":true,"href":"https:\/\/espai-marx.net\/index.php?rest_route=\/wp\/v2\/users\/5"}],"replies":[{"embeddable":true,"href":"https:\/\/espai-marx.net\/index.php?rest_route=%2Fwp%2Fv2%2Fcomments&post=12239"}],"version-history":[{"count":0,"href":"https:\/\/espai-marx.net\/index.php?rest_route=\/wp\/v2\/posts\/12239\/revisions"}],"wp:featuredmedia":[{"embeddable":true,"href":"https:\/\/espai-marx.net\/index.php?rest_route=\/wp\/v2\/media\/12241"}],"wp:attachment":[{"href":"https:\/\/espai-marx.net\/index.php?rest_route=%2Fwp%2Fv2%2Fmedia&parent=12239"}],"wp:term":[{"taxonomy":"category","embeddable":true,"href":"https:\/\/espai-marx.net\/index.php?rest_route=%2Fwp%2Fv2%2Fcategories&post=12239"},{"taxonomy":"post_tag","embeddable":true,"href":"https:\/\/espai-marx.net\/index.php?rest_route=%2Fwp%2Fv2%2Ftags&post=12239"}],"curies":[{"name":"wp","href":"https:\/\/api.w.org\/{rel}","templated":true}]}}