{"id":1229,"date":"2009-10-04T00:00:00","date_gmt":"2009-10-04T00:00:00","guid":{"rendered":"https:\/\/espai-marx.net\/?p=1229"},"modified":"2020-02-23T12:13:18","modified_gmt":"2020-02-23T11:13:18","slug":"el-caso-millet-con-un-apunte-sobre-un-encuentro-en-l-ametlla-del-valles","status":"publish","type":"post","link":"https:\/\/espai-marx.net\/?p=1229","title":{"rendered":"El caso Millet (con un apunte sobre un encuentro en L&#8217;Ametlla del Vall\u00e8s)"},"content":{"rendered":"<p>El caso-esc\u00e1ndalo Millet ha agitado las aparentemente apacibles aguas del (mal) denominado oasis catal\u00e1n<a href=\"#_ftn1\" name=\"_ftnref1\">[1]<\/a>. No sabemos cuando durar\u00e1n las turbulencias. Es posible que su duraci\u00f3n sea breve y que nada cambie para que todo contin\u00fae igual. El asunto tiene una curiosa derivada familiar que nos retrotrae a los a\u00f1os sesenta del pasado siglo.<\/p>\n<p>Lo sucedido, lo que est\u00e1 sucediendo, ense\u00f1a, y mucho, sobre las maneras y comportamientos de las clases patricias catalanas, sobre su ininterrumpida ocupaci\u00f3n de un poderoso lugar en el mundo y sobre la subordinaci\u00f3n a sus intereses y cosmovisi\u00f3n pol\u00edtico-existencial de la mayor\u00eda de administraciones p\u00fablicas y fuerzas pol\u00edticas catalanas (y no s\u00f3lo catalanas desde luego).<\/p>\n<p>Lo esencial del caso-esc\u00e1ndalo: en junio del 2009 la fiscal\u00eda de Barcelona ya hab\u00eda presentado una querella por apropiaci\u00f3n indebida y falsedad contra F\u00e9lix Millet i Tusell y tres responsables y directivos m\u00e1s de la Fundaci\u00f3n del Palau de la M\u00fasica catalana. A finales de julio de 2009 Millet se vio implicado en una investigaci\u00f3n de la fiscal\u00eda barcelonesa en la que se intent\u00f3 aclarar un \u201cpresunto\u201d desv\u00edo de 2.000.000 de euros durante los a\u00f1os 2003 y 2004 por parte de la Asociaci\u00f3n Orfe\u00f3 Catal\u00e0-Palau de la M\u00fasica, cuyo patronato era presidido por \u00e9l. El 28 de julio de 2009 Millet fue destituido de su cargo y dos d\u00edas m\u00e1s tarde, el 31 de julio, \u00e9l mismo ces\u00f3 de su presidencia en la Bankpime, el Banco de la peque\u00f1a y mediana empresa.<\/p>\n<p>El propio Millet, aconsejado por sus abogados, ha reconocido el desv\u00edo de fondos para sus cuentas y patrimonio personal-familiar. Se habla de entre 3 y 10 millones de euros<a href=\"#_ftn2\" name=\"_ftnref2\">[2]<\/a>. Millet ha confesado haber desviado para su propio beneficio personal al menos 3,3 millones de euros, que destin\u00f3, entre otros usos, a reformar inmuebles de su propiedad en Barcelona y l\u2019Ametlla y a pagar viajes tur\u00edsticos a su propia familia (Maldivas, Dubai). Adem\u00e1s, claro est\u00e1, de sus propios honorarios de m\u00e1s de 1,5 millones de euros. Millet tambi\u00e9n ha confesado, cosa que ha levantado alg\u00fan esc\u00e1ndalo entre sectores implicados, que pag\u00f3 comisiones y que contrat\u00f3 &#8216;pagando en negro&#8217;.<\/p>\n<p>\u00bfY qui\u00e9n es este F\u00e9lix Millet? F\u00e8lix Millet i Tusell naci\u00f3 en Barcelona el 8 de diciembre de 1935<a href=\"#_ftn3\" name=\"_ftnref3\">[3]<\/a>. Empresario catal\u00e1n es hijo de F\u00e8lix Millet i Maristany, al que posteriormente me referir\u00e9. Fue en 1974 cuando Millet i Rusell, junto con Josep Trias de Bes i Joaquim Molins i Amat (otros dos grandes nombres de las grandes familias catalanas, netamente vinculados a la derecha conservadora del pa\u00eds en sus diferentes ramas y versiones), ingres\u00f3 en la empresa inmobiliaria Renta Catalana, dirigida por los hermanos Ignasi y Antoni Maria Baquer i Mir\u00f3. Hasta fechas muy recientes, como se apunt\u00f3, Millet ha sido presidente de la \u201cFundaci\u00f3 Orfe\u00f3 Catal\u00e0-Palau de la M\u00fasica Catalana\u201d, por \u00e9l mismo fundada en 1990. Dinamit\u00f3 durante su presidencia, se dijo en la prensa, las actividades del Palau ofreciendo becas y renovando el edificio que ha sido declarado por la UNESCO \u201cPatrimonio de la Humanidad\u201d.<\/p>\n<p>El 6 de mayo de 1983, junto con Ignasi Baquer, uno de los dos hermanos \u201crentistas\u201d, y Eduardo Guill\u00e9n Ulloa, F\u00e9lix Millet estuvo dos semanas en presi\u00f3n preventiva por un delito de estafa en relaci\u00f3n a Renta Inmobiliaria. Un a\u00f1o despu\u00e9s, la Audiencia de Barcelona lo condeno a dos meses de c\u00e1rcel y a 30.000 pesetas de multa \u201cpor un delito de imprudencia que facilit\u00f3 un delito de falsedad\u201d. Ni que decir tiene que todo eso no impidi\u00f3 su posterior carrera institucional ni los premios conseguidos.<\/p>\n<p>El 7 de julio de 1999 recibi\u00f3 la Creu de Sant Jordi de la Generalitat de Catalunya presidida por Jordi Pujol. En 2006 fue nombrado \u201cPresident de l&#8217;Agrupaci\u00f3 arrambla\u201d por el consistorio municipal barcelon\u00e9s y un a\u00f1o m\u00e1s tarde de Bankjoprimer. No fueron los \u00fanicos premios que recibi\u00f3: en 1981 se le concedi\u00f3 la \u201cCorbata de Isabel la Cat\u00f3lica\u201d como Presidente de l&#8217;Orfe\u00f3 Catal\u00e0; el 10 de diciembre de 1998 le fue concedida la \u201cLlave\u201d de Barcelona, adem\u00e1s de ser distinguido como un \u201cSenyor de Barcelona\u201d en 2004, con la Cruz de Oro por la AEFE (Agrupaci\u00f3n Espa\u00f1ola de Fomento Europeo) en 2008 y ser distinguido como \u201cConciudadano que nos honra\u201d el 9 de julio de 2008. Nada m\u00e1s y nada menos: obs\u00e9rvese la paradoja \u201cconciudadano que nos honra\u201d a un desfalcador de bienes: dig\u00e1moslo sin eufemismo, a un chorizo de alto standing.<\/p>\n<p>En 2006 fue nombrado vicepresidente tercero de la Fundaci\u00f3n FC Barcelona, cargo del que acabar de dimitir a ra\u00edz del esc\u00e1ndalo de l&#8217;Orfe\u00f3 Catal\u00e0. Es tambi\u00e9n miembro de la Fundaci\u00f3n Pau Casals. No son sus \u00fanicos cargos. He aqu\u00ed una breve lista que traiciona fuertemente su curr\u00edculum: Presidente de la Fundaci\u00f3 Esmen (1992), Vicepresidente de la Societat del Gran Teatre del Liceu (1980), Presidente del Consell Editorial de Revista Musical Catalana (1984), Presidente de l&#8217;Agrupaci\u00f3 M\u00fatua del Comer\u00e7 i la Ind\u00fastria, MARPF (2006), Presidente d&#8217;AMCI HABITAT (2007), Presidente d&#8217;AMCI REHABILITACI\u00d3, SL, Presidente d&#8217;AMSYR AGRUPACI\u00d3 SEGUROS Y REASEGUROS, SA, Vocal de DINAMITA CAPITAL PILLADO SCR, SA, Presidente de GRUPO MGO, SA, Presidente de SANITARIA M\u00c9DICO QUIR\u00daRGICA DE SEGUROS, SA, Presidente de SEGUROS LATINA, SA, Presidente de TRANSPORT SANITARI DE CATALUNYA, SL, mimbro de la Fundaci\u00f3 Pau Casals, miembro de la Fundaci\u00f3 G\u00fcell, miembro de la Fundaci\u00f3n Bayer, miembro del Consell Assessor Institut Catalunya Futur, vicepresidente de Honor de l&#8217;Associaci\u00f3 Amics de Llu\u00eds Dom\u00e8nech i Montaner y as\u00ed siguiendo. Largo etc\u00e9tera, no es ret\u00f3rica.<\/p>\n<p>Dato b\u00e1sico que ense\u00f1a sobre los v\u00e9rtices pol\u00edticos, dobles o triples si es necesario, de la gran burgues\u00eda catalana: en 2003, F\u00e8lix Millet se incorpor\u00f3 al patronato del \u201cInstitut Catalunya Futur\u201d, secci\u00f3n catalana de la aznarista Fundaci\u00f3n para el An\u00e1lisis y los Estudios Sociales (FAES). Ese mismo a\u00f1o, sorpresas nos da la vida, la Fundaci\u00f3n Orfe\u00f3 Catal\u00e0 recibi\u00f3 un incremento de 3.000.000 de euros del Ministerio de Cultura del gobierno central que entonces presid\u00eda uno de los componentes del belicoso tr\u00edo o cuarteto de las Azores.<\/p>\n<p>Un breve apunte sobre su padre que ayuda a completar el cuadro. Es cierto que todo esto no est\u00e1 en los genes pero las tradiciones familiares, a veces, s\u00f3lo a veces, son dignas de tenerse en cuenta. Imprimen car\u00e1cter, modos de actuaci\u00f3n y ense\u00f1an finalidades.<\/p>\n<p>Como su hijo, tambi\u00e9n F\u00e8lix Millet i Maristany (1903-1967) presidi\u00f3 el Palau de la M\u00fasica Catalana. En su juventud hab\u00eda participado en la fundaci\u00f3n de la &#8216;Federaci\u00f3 de Joves Cristians de Catalunya&#8217; y hab\u00eda colaborado en el diario El Mati. En los a\u00f1os cuarenta, fue presidente del consejo de administraci\u00f3n del que luego ser\u00eda Banco Popular Espa\u00f1ol, sirviendo, seg\u00fan Jes\u00fas Ynfante, como \u201ccabeza de puente de la penetraci\u00f3n y control de este banco por el Opus Dei\u201d. Fue presidente del Orfe\u00f3 Catal\u00e0 durante m\u00e1s de 15 a\u00f1os y en la d\u00e9cada de los 60 fue fundador y presidente de \u00d2mnium Cultural. Tambi\u00e9n fue presidente ejecutivo de la Compa\u00f1\u00eda Hispano-Americana de Seguros y Reaseguros, de la Compa\u00f1\u00eda Marroqu\u00ed de Seguros Generales, de la Compa\u00f1\u00eda Agr\u00edcola Industrial de Fernando Poo (CAIFER), de Ediciones y Publicaciones SPES, etc, y consejero de las entidades Sociedad Catalana de Estudios y Inversiones, de Le Continent, de Alianza Securitas de Roma, de Comercial Frutera, de Barinco, de Mann-Rutter d&#8217;Espanya y del Comit\u00e9 europ\u00e9en de cooperation avec l&#8217;Am\u00e9rique Latine.<\/p>\n<p>Como en el caso anterior, el curr\u00edculum resumido empobrece, y mucho, el largo historial del patricio.<\/p>\n<p>Pues bien, el 24 de enero de 1966, cuando era miembro del comit\u00e9 ejecutivo del PSUC, Manuel Sacrist\u00e1n (1925-1985) envi\u00f3 una nota \u2013firmada como \u201cRicardo\u201d uno de sus nombres clandestinos- a la direcci\u00f3n del PSUC<a href=\"#_ftn4\" name=\"_ftnref4\">[4]<\/a>. Dada cuenta de una reuni\u00f3n que se hab\u00eda celebrado a principios de a\u00f1o.<\/p>\n<p>Cuenta en su escrito Sacrist\u00e1n que los d\u00edas 8 y 9 de enero de 1966, dos semanas antes de la redacci\u00f3n de la nota, se hab\u00edan reunido en L\u2019Ametlla del Vall\u00e8s, una poblaci\u00f3n cercana a Barcelona, un grupo de intelectuales catalanes convocados por lo que podr\u00eda denominarse \u201cel secretariado cultural del Omnium\u201d. El pretexto fue estudiar los problemas que planteaba la difusi\u00f3n de la cultura catalana<\/p>\n<p>La reuniones, se\u00f1alaba el autor de \u201cPanfletos y materiales\u201d, se extendieron desde el s\u00e1bado por la ma\u00f1ana hasta el domingo al mediod\u00eda, y se termin\u00f3 \u201ccon un almuerzo de fais\u00e1n regalado por un industrial catal\u00e1n que se dedica al \u201cdeporte\u201d de su cr\u00eda\u201d. A la hora de los postres y con la euforia de la bebida, los asistentes \u2013empresarios convocantes e intelectuales convocados- jugaron a \u201celecciones libres\u201d: depositaron su voto como si se tratara de unos comicios generales. Resultado de las votaciones: la democracia-cristiana obtuvo 9 votos, el PSUC 8, Esquerra y Socialistas 4 cada uno, y otros partidos menores, que Sacrist\u00e1n no cita, 1 o 2.<\/p>\n<p>Recuerda Sacrist\u00e1n oportunamente que hab\u00eda que tener en cuenta \u201cque las distintas organizaciones fueron denominadas de una forma m\u00e1s o menos vaga, salvo en el caso del PSUC, en el que la elecci\u00f3n se hizo sobre siglas concretas\u201d. Al conocer los resultados, apunta Sacrist\u00e1n con sorna, el Sr. Carulla de Gallina Blanca expres\u00f3 que si resultado se ajustaba a la realidad habr\u00eda que tomar el barco inmediatamente e irse a Ginebra.<\/p>\n<p>La direcci\u00f3n de la reuni\u00f3n y cabezas visibles fueron Josep Benet<a href=\"#_ftn5\" name=\"_ftnref5\">[5]<\/a> y Jordi Pujol con Triad\u00fa<a href=\"#_ftn6\" name=\"_ftnref6\">[6]<\/a>. Inicialmente se presentaban dos temas de discusi\u00f3n: los problemas que planteaba la difusi\u00f3n de la cultura catalana en el exterior, comunicaci\u00f3n defendida por Josep M\u00aa Castellet, C Pellicer, Joaquim Molas y Ricard Salvat; y, en segundo lugar, un escrito sobre la difusi\u00f3n de la cultura catalana en Catalu\u00f1a, presentada por Josep. Benet.<\/p>\n<p>Sacrist\u00e1n se\u00f1ala que \u201cla lista de intelectuales invitados, comprend\u00eda en general a lo que podr\u00edamos llamar, en el campo de la creaci\u00f3n cultural, intelectuales de izquierdas pol\u00edticamente no comprometidos: J. M. Castellet, Oriol Bohigas, Jordi Carbonell, R. Salvat, J. Molas, S. Espriu<a href=\"#_ftn7\" name=\"_ftnref7\">[7]<\/a>, C. Pellicer\u201d. Todos ellos hab\u00edan quedado pr\u00e1cticamente al margen en la direcci\u00f3n y creaci\u00f3n del \u00d2mnium Cultural en su primera fase.<\/p>\n<p>En el balance de la reuni\u00f3n apunta Sacrist\u00e1n:<\/p>\n<p>Parece ser que en general el curso de la discusi\u00f3n aport\u00f3 poco a nada de nuevo, pero en el curso de la misma se intensific\u00f3 la aproximaci\u00f3n en las relaciones personales, formul\u00e1ndose repetidamente los deseos y las posibilidades que el grupo promotor ten\u00eda, en el sentido de favorecer y estimular la creaci\u00f3n cultural. As\u00ed, aunque sin concretar, se habl\u00f3 de ofrecer puestos de trabajo de medio d\u00eda y bien remunerados, en empresas que el grupo financiero<a href=\"#_ftn8\" name=\"_ftnref8\"><strong>[8]<\/strong><\/a> domina, para aquellos intelectuales que precisasen solucionar su situaci\u00f3n econ\u00f3mica<\/p>\n<p>Por la ma\u00f1ana del domingo se habl\u00f3 de la necesidad de sacar unas conclusiones que fuesen base para una relaci\u00f3n de trabajo futuro, as\u00ed se lleg\u00f3 a establecer la preparaci\u00f3n de un libro sobre historia de la cultura catalana, que el grupo financiero se compromete a publicar incluso en Francia e Inglaterra y que dirigir\u00eda J. Molas; tambi\u00e9n se abri\u00f3 la posibilidad de ayuda econ\u00f3mica para un grupo que integrado por Castellet, Benet, Bohigas, Pellicer y un abogado de Vilafranca, siguiese estudiando los problemas de la difusi\u00f3n de la cultura catalana. Otro grupo (Pi\u00f1ol y Verdura entre los componentes), tratar\u00eda de los problemas editoriales en relaci\u00f3n con esta misma difusi\u00f3n. Por \u00faltimo, se decidi\u00f3 una planificaci\u00f3n de las ayudas econ\u00f3micas, que hicieron p\u00fablico que en el momento actual sobrepasa los dos millones [de pesetas] anules, y el estudio de un posible incremento de las recaudaciones destinadas a fines culturales.<\/p>\n<p>A la reuni\u00f3n de la Ametlla no fue invitado, remarca Sacrist\u00e1n, ning\u00fan intelectual \u201cde los conocidamente organizados\u201d tanto del PSUC<a href=\"#_ftn9\" name=\"_ftnref9\">[9]<\/a> como del MSC, los socialistas de Ravent\u00f3s. Seg\u00fan parece se lleg\u00f3 a dar conocimiento de la reuni\u00f3n al mism\u00edsimo Josep Tarradellas<a href=\"#_ftn10\" name=\"_ftnref10\">[10]<\/a>.<\/p>\n<p>Las reuniones contaron con la presencia de la representaci\u00f3n de Banca Catalana (Jordi Pujol)<a href=\"#_ftn11\" name=\"_ftnref11\">[11]<\/a> y del Banco Industrial de Catalu\u00f1a (Raimon Carrasco<a href=\"#_ftn12\" name=\"_ftnref12\">[12]<\/a>). Ort\u00ednez, el posterior consejero de Tarradellas, y Dur\u00e1n Farell, el del Gas Natural, se vieron imposibilitados de estar presentes y mandaron cartas de adhesi\u00f3n y representantes (el economista Sard\u00e0 entre otros). Tambi\u00e9n estuvieron, como se indic\u00f3, varios industriales catalanes como Carulla de Gallina Blanca<a href=\"#_ftn13\" name=\"_ftnref13\">[13]<\/a>.<\/p>\n<p>\u00bfSe imaginan donde tuvieron lugar las reuniones de aquellos primeros d\u00edas de 1966? Imaginan bien. Efectivamente, el encuentro tuvo lugar en la casa de F\u00e9lix Millet i Maristany en l\u2019Ametlla. \u00bfQui\u00e9n habl\u00f3 del discreto encanto de la burgues\u00eda? \u00bfQui\u00e9n sostuvo que la sombra del poder real no es alargada? Ni han tenido que salir con barcos de urgencia hacia Ginebra ni sus poderosas sagas est\u00e1n dispuestas a abandonar el mando en plaza de un territorio que consideran plaza en propiedad. Sea cual sea \u2013insisto: sea cual sea- el procedimiento que sea necesario utilizar.<\/p>\n<p>Ni que decir tiene que no hay progreso poli\u00e9tico en esas sagas ni estas tradiciones ni en estas historias. M\u00e1s bien un regressus. Todo lo s\u00f3lido se desvanece en al aire.<\/p>\n<p>&nbsp;<\/p>\n<p><a href=\"#_ftnref1\" name=\"_ftn1\">[1]<\/a> El espionaje de los vicepresidentes del Bar\u00e7a tambi\u00e9n es otro asunto a tener en cuenta desde luego. Procedimientos y lucha por el poder en el casi Consejo de Administraci\u00f3n de la casa com\u00fan de la gran burgues\u00eda catalana. Dejemos el tema para otra ocasi\u00f3n<\/p>\n<p><a href=\"#_ftnref2\" name=\"_ftn2\">[2]<\/a> De hecho, seg\u00fan se ha sabido posteriormente, el S\u00edndico de Cuentas catal\u00e1n de la Generalitat ya encontr\u00f3 anomal\u00edas en la gesti\u00f3n de 2002, dando cuenta de ellas a trav\u00e9s de informes a las Administraciones responsables, entre ellas \u2013aunque no s\u00f3lo-, la conselleria de Cultura de la Generalitat, entonces dirigida por CiU.<\/p>\n<p><a href=\"#_ftnref3\" name=\"_ftn3\">[3]<\/a> Tomo los datos b\u00e1sicos de la Wikipedia en catal\u00e1n y de art\u00edculos de prensa de estos d\u00edas.<\/p>\n<p><a href=\"#_ftnref4\" name=\"_ftn4\">[4]<\/a> Tomo la informaci\u00f3n de uno de los anexos de la tesis doctoral de Miguel Manzanera Salavert, Teor\u00eda y pr\u00e1ctica. La trayectoria intelectual de Manuel Sacrist\u00e1n, UNED, 1993, dirigida por Jos\u00e9 M\u00aa Ripalda, pp. 787-789.<\/p>\n<p><a href=\"#_ftnref5\" name=\"_ftn5\">[5]<\/a> Dirigente democristiano recientemente fallecido, Josep Benet fue tiempo despu\u00e9s un pol\u00edtico antifranquista muy pr\u00f3ximo al PSUC en algunos per\u00edodos. En los a\u00f1os ochenta, el Partido present\u00f3 una moci\u00f3n de censura contra el president Jordi Pujol. Fue Benet el candidato presentado por el PSUC a la presidencia. Sin embargo, en carta p\u00fablica, poco antes de su fallecimiento, Benet recomend\u00f3 el voto a J. A. Duran i Lleida, de Convergencia i Uni\u00f3, en las elecciones legislativas espa\u00f1olas de 2008.<\/p>\n<p><a href=\"#_ftnref6\" name=\"_ftn6\">[6]<\/a> Joan Triad\u00fa i Font (1921, Ribes de Fresser) estudi\u00f3 filolog\u00eda cl\u00e1sica en la Universidad de Barcelona, siendo profesor de catal\u00e1n en la Universidad de Liverpool entre 1948 y 1950. En 1982 fue galardonado con la Creu de Sant Jordi, la misma que recibi\u00f3 a\u00f1os m\u00e1s tarde Millet; en 1992 con el Premio de Honor de las Letras Catalanas, y en 2001 con la Medalla de Oro de la Generalidad de Catalu\u00f1a.<\/p>\n<p><a href=\"#_ftnref7\" name=\"_ftn7\">[7]<\/a> El 16 de octubre de 1965, poco despu\u00e9s de que Sacrist\u00e1n fuera expulsado de la Universidad barcelonesa, el gran poeta y autor teatral Salvador Espriu le escribi\u00f3 una carta en la que manifestaba su solidaridad en los t\u00e9rminos siguientes:<\/p>\n<p>Dr. Manuel Sacrist\u00e1n.<\/p>\n<p>Mi querido y admirado amigo:<\/p>\n<p>Acabo de enterarme del inaudito e incalificable atropello de las autoridades acad\u00e9mico-ministeriales contra Usted. No comentar\u00e9, porque no vale la pena, un acto tan arbitrario como est\u00fapido. Le ruego acepte la renovada expresi\u00f3n de mi amistad y le recuerdo que me tiene, para cuando necesite, a su entera disposici\u00f3n.<\/p>\n<p>Reciba un cordial abrazo de su afmo. Espriu\u201d<\/p>\n<p><a href=\"#_ftnref8\" name=\"_ftn8\">[8]<\/a> Es decir, Banca Catalana y Banco Industrial de Catalu\u00f1a.<\/p>\n<p><a href=\"#_ftnref9\" name=\"_ftn9\">[9]<\/a> Desconozco la fuente de informaci\u00f3n de Sacrist\u00e1n, pero es probable que fuera algunos de \u201clos compa\u00f1eros de viaje\u201d del PSUC en aquel entonces: R. Salvat, J. M. Castellet, A, Cirici I Pellicer, acaso el propio J. Benet, etc.<\/p>\n<p><a href=\"#_ftnref10\" name=\"_ftn10\">[10]<\/a> Josep Tarradellas, el presidente de la Generalitat en el exilio y presidente de la Generalitat provisional tras sus acuerdos con Adolfo Su\u00e1rez, primer ministro de la Monarqu\u00eda juancarlista desde 1977 hasta 1981.<\/p>\n<p><a href=\"#_ftnref11\" name=\"_ftn11\">[11]<\/a> Jordi Pujol, el presidente de la Generalitat durante dos d\u00e9cadas, fue presidente de Banca Catalana tras el fallecimiento de su padre Florenci Pujol.<\/p>\n<p><a href=\"#_ftnref12\" name=\"_ftn12\">[12]<\/a> Raimon Carrasco, hijo del dirigente democristiano asesinado por el franquismo Carrasco i Formiguera, fue a\u00f1os m\u00e1s tarde director general de Banca Catalana.<\/p>\n<p><a href=\"#_ftnref13\" name=\"_ftn13\">[13]<\/a> Llu\u00eds Carulla i Canals (1904-1990) fund\u00f3 Gallina Blanca en 1937, en plena Guerra civil espa\u00f1ola, con el nombre de Gallina de Oro. A\u00f1os m\u00e1s tarde, participar\u00eda en la fundaci\u00f3n del \u00d2mnium Cultural.<\/p>\n","protected":false},"excerpt":{"rendered":"<p>\u00a0<\/p>\n<p>Salvador L\u00f3pez Arnal<\/p>\n<p>\u00a0<\/p>\n<p>El caso-esc\u00e1ndalo Millet ha agitado las aparentemente apacibles aguas del (mal) denominado oasis catal\u00e1n[1]. No sabemos cuando durar\u00e1n las turbulencias. Es posible que su duraci\u00f3n sea breve y que nada cambie para que todo contin\u00fae igual. El asunto tiene una curiosa derivada familiar que nos retrotrae a los a\u00f1os sesenta del pasado siglo.<\/p>\n<p>Lo sucedido, lo que est\u00e1 sucediendo, ense\u00f1a, y mucho, sobre las maneras y comportamientos de las clases patricias catalanas, sobre su ininterrumpida ocupaci\u00f3n de un poderoso lugar en el mundo y sobre la subordinaci\u00f3n a sus intereses y cosmovisi\u00f3n pol\u00edtico-existencial de la mayor\u00eda de administraciones p\u00fablicas y fuerzas pol\u00edticas catalanas (y no s\u00f3lo catalanas desde luego).<\/p>\n<p>Lo esencial del caso-esc\u00e1ndalo: en junio del 2009 la fiscal\u00eda de Barcelona ya hab\u00eda presentado una querella por apropiaci\u00f3n indebida y falsedad contra F\u00e9lix Millet i Tusell y tres responsables y directivos m\u00e1s de la Fundaci\u00f3n del Palau de la M\u00fasica catalana. A finales de julio de 2009 Millet se vio implicado en una investigaci\u00f3n de la fiscal\u00eda barcelonesa en la que se intent\u00f3 aclarar un \u201cpresunto\u201d desv\u00edo de 2.000.000 de euros durante los a\u00f1os 2003 y 2004 por parte de la Asociaci\u00f3n Orfe\u00f3 Catal\u00e0-Palau de la M\u00fasica, cuyo patronato era presidido por \u00e9l. El 28 de julio de 2009 Millet fue destituido de su cargo y dos d\u00edas m\u00e1s tarde, el 31 de julio, \u00e9l mismo ces\u00f3 de su presidencia en la Bankpime, el Banco de la peque\u00f1a y mediana empresa.<\/p>\n","protected":false},"author":9,"featured_media":0,"comment_status":"open","ping_status":"open","sticky":false,"template":"","format":"standard","meta":{"footnotes":""},"categories":[3],"tags":[],"class_list":["post-1229","post","type-post","status-publish","format-standard","hentry","category-condiciones-de-vida"],"aioseo_notices":[],"_links":{"self":[{"href":"https:\/\/espai-marx.net\/index.php?rest_route=\/wp\/v2\/posts\/1229","targetHints":{"allow":["GET"]}}],"collection":[{"href":"https:\/\/espai-marx.net\/index.php?rest_route=\/wp\/v2\/posts"}],"about":[{"href":"https:\/\/espai-marx.net\/index.php?rest_route=\/wp\/v2\/types\/post"}],"author":[{"embeddable":true,"href":"https:\/\/espai-marx.net\/index.php?rest_route=\/wp\/v2\/users\/9"}],"replies":[{"embeddable":true,"href":"https:\/\/espai-marx.net\/index.php?rest_route=%2Fwp%2Fv2%2Fcomments&post=1229"}],"version-history":[{"count":0,"href":"https:\/\/espai-marx.net\/index.php?rest_route=\/wp\/v2\/posts\/1229\/revisions"}],"wp:attachment":[{"href":"https:\/\/espai-marx.net\/index.php?rest_route=%2Fwp%2Fv2%2Fmedia&parent=1229"}],"wp:term":[{"taxonomy":"category","embeddable":true,"href":"https:\/\/espai-marx.net\/index.php?rest_route=%2Fwp%2Fv2%2Fcategories&post=1229"},{"taxonomy":"post_tag","embeddable":true,"href":"https:\/\/espai-marx.net\/index.php?rest_route=%2Fwp%2Fv2%2Ftags&post=1229"}],"curies":[{"name":"wp","href":"https:\/\/api.w.org\/{rel}","templated":true}]}}