{"id":12304,"date":"2022-08-15T05:00:15","date_gmt":"2022-08-15T04:00:15","guid":{"rendered":"https:\/\/espai-marx.net\/?p=12304"},"modified":"2022-08-16T11:31:47","modified_gmt":"2022-08-16T10:31:47","slug":"las-oficinas-de-la-cnt-en-el-exterior-durante-la-guerra-civil","status":"publish","type":"post","link":"https:\/\/espai-marx.net\/?p=12304","title":{"rendered":"Las oficinas de la CNT en el exterior durante la guerra civil"},"content":{"rendered":"<p><em>Este trabajo cont\u00f3 con la ayuda de una beca de la Consejer\u00eda de Presidencia para investigar en el IISG de \u00c1msterdam. La investigaci\u00f3n se centr\u00f3 en la correspondencia tanto personal como oficial. La investigaci\u00f3n se complet\u00f3 con una visita al Centro Documental de la Memoria Hist\u00f3rica, siempre buceando en la correspondencia. Posteriormente se ha continuado la investigaci\u00f3n sin ninguna ayuda.<br \/>\nNo es una investigaci\u00f3n cerrada y lo escrito se basa en lo encontrado, hasta el momento, de Gran Breta\u00f1a y Francia.<br \/>\n[Texto modificado el 16\/8\/2022]<br \/>\n<\/em><\/p>\n<blockquote><p>&nbsp;<\/p><\/blockquote>\n<p><strong>UN MUNDO DIF\u00cdCIL<\/strong><\/p>\n<p>El levantamiento militar de 1936 en Espa\u00f1a fue un acontecimiento anunciado. Hac\u00eda meses que se hablaba de la inquietud en los cu\u00e1rteles y de las sospechosas comunicaciones entre los generales m\u00e1s prestigiosos de la naci\u00f3n. El 17 de julio no fue una sorpresa para nadie. El golpe de las derechas se produc\u00eda en un mundo donde las pol\u00edticas autoritarias y totalitarias avanzaban a toda m\u00e1quina mientras las democracias se mostraban cada vez m\u00e1s timoratas y se replegaban sobre s\u00ed mismas. Naturalmente enseguida viene a la cabeza Alemania e Italia, las protagonistas indiscutibles de aquellos tr\u00e1gicos a\u00f1os, dejamos as\u00ed en la sombra a otros int\u00e9rpretes menos conocidos que dieron el contexto que daba sentido a Hitler y Mussolini, algunos estrat\u00e9gicos para la pol\u00edtica espa\u00f1ola como Salazar en Portugal, pero no era el \u00fanico. Si miramos un mapa de Europa de la \u00e9poca veremos que casi todo Centro Europa estaba gobernada por reg\u00edmenes autoritarios. La semilla del fascismo hab\u00eda echado ra\u00edces tambi\u00e9n en pa\u00edses de tradici\u00f3n democr\u00e1tica y con tanta influencia en el mundo de la \u00e9poca como Francia, la \u00abCroix de Feu\u00bb, o Gran Breta\u00f1a en la que surgi\u00f3 el partido de Oswald Ernald Mosley. En Gran Breta\u00f1a, adem\u00e1s, quiz\u00e1s lo m\u00e1s peligroso era el predicamento que las ideas nazistas y fascistas ten\u00edan entre las clases aristocr\u00e1ticas, de tanto peso a la hora de dirigir la pol\u00edtica exterior.<\/p>\n<p>La debilidad de las tendencias democr\u00e1ticas hab\u00eda tenido una demostraci\u00f3n evidente con la invasi\u00f3n de Abisinia por Italia en ese mismo a\u00f1o de 1936. La Sociedad de Naciones, la gran apuesta para dirimir los conflictos entre pa\u00edses de forma pac\u00edfica despu\u00e9s de la I\u00aa Guerra Mundial, demostr\u00f3 su incapacidad para frenar la invasi\u00f3n de Mussolini que iba contra todo el derecho internacional. Era la premonici\u00f3n de lo que pod\u00eda esperar la Rep\u00fablica espa\u00f1ola, sobre todo si tenemos en cuenta que justamente el 4 de julio, ese julio de 1936, se levantaron las sanciones a Italia que la misma Sociedad de Naciones hab\u00eda impuesto por la invasi\u00f3n.<\/p>\n<p>Solo atendiendo a estas pocas referencias no es de extra\u00f1ar las dificultades de todo tipo que tuvo la Segunda Rep\u00fablica en el \u00e1mbito diplom\u00e1tico, los problemas para ser escuchada y atendida y su fracaso a la hora de conseguir armas y apoyos en favor de su causa lo que fue uno de los motivos m\u00e1s importantes de la derrota frente a un ej\u00e9rcito mejor adiestrado, sin duda, pero much\u00edsimo mejor dotado armament\u00edsticamente y unos rebeldes respaldados por unas Alemania e Italia desacomplejadas y ayudado oficiosamente por acci\u00f3n o por omisi\u00f3n de las llamadas democracias.<\/p>\n<p><strong>Los inicios de la Guerra<\/strong><\/p>\n<p>El estallido de la Guerra civil situ\u00f3 a los anarquistas espa\u00f1oles en una posici\u00f3n como no hab\u00eda experimentado antes ninguna organizaci\u00f3n libertar\u00eda, ni se ha encontrado, hasta el momento, ninguna m\u00e1s. Despu\u00e9s del 19 de julio de 1936, tanto la CNT como la FAI se convirtieron en fuerzas imprescindibles con las que contar a la hora de pactar y de repartir el poder en Espa\u00f1a. De hecho en Catalu\u00f1a, como ya se ha explicado y estudiado ampliamente, y, concretamente, en Barcelona, los anarquistas se convirtieron en el \u00fanico poder efectivo. La situaci\u00f3n no pod\u00eda ser m\u00e1s parad\u00f3jica, por un lado los anarquistas y los anarcosindicalistas hab\u00edan sido v\u00edctimas frecuentes de la represi\u00f3n del mismo r\u00e9gimen que acababan de salvar y, aquellos que hab\u00edan sido sus perseguidores, ahora se convert\u00edan en fuerzas que les deb\u00edan la existencia y la vida.<\/p>\n<p>No solo eso, los anarquistas que rechazaban cualquier forma de poder y estado, eran los salvadores de unas instituciones que, de acuerdo con sus principios, deber\u00edan haber destruido. Otra singularidad era que de todas las fuerzas que defend\u00edan la Rep\u00fablica, eran los que contaban con un menor apoyo fuera de nuestras fronteras.<\/p>\n<p>La guerra espa\u00f1ola, por otro lado, despert\u00f3 la pasi\u00f3n del mundo, en especial de las fuerzas de izquierda, porque el golpe era injusto y los rebeldes demostraron desde el primer momento una extrema ferocidad en la retaguardia, porque la ayuda alemana e italiana a los militares rebeldes fue casi inmediata y, sobre todo, porque exist\u00eda la clara conciencia de que en Espa\u00f1a estaba la \u00faltima barrera para frenar la expansi\u00f3n del fascismo antes de que todas los nubarrones que amenazaban descargar su furia sobre Europa, se abatieran con el m\u00e1ximo rigor.<\/p>\n<p>Para los anarquistas, adem\u00e1s de ser una nueva oportunidad de alcanzar la acracia, era la ocasi\u00f3n de resarcirse del trato recibido en la Uni\u00f3n Sovi\u00e9tica. Esta nueva oportunidad se presentaba en el pa\u00eds que acog\u00eda la central anarcosindicalista m\u00e1s importante por n\u00famero de afiliados. Esta circunstancia hab\u00eda aconsejado mantener uno de los sub secretariados de la Internacional sindicalista revolucionaria en Espa\u00f1a y, aunque no dispongamos de evidencia documental, seguro que favoreci\u00f3 que un n\u00famero no negligible de anarquistas y anarcosindicalistas, estuvieran en Espa\u00f1a en aquel momento, ocasionalmente o de forma estable. Cuando la ayuda de la Uni\u00f3n Sovi\u00e9tica empiece a llegar a Espa\u00f1a, un nuevo frente se abri\u00f3 para una parte los libertarios de Europa, a la lucha contra el fascismo, a la lucha contra la burgues\u00eda para mantener y aumentar los logros revolucionarios, se sumaba la lucha contra el partido comunista, sea este espa\u00f1ol o ruso a quien se ve como contrarrevolucionario y del que se sospecha que uno de sus objetivos sea la aniquilaci\u00f3n de la CNT.<\/p>\n<blockquote><p>Cuanto ocurra en Espa\u00f1a ser\u00e1 seguido puntualmente y comentado por todos ellos. La revoluci\u00f3n se vive como una gran esperanza. El recuerdo de la revoluci\u00f3n bolchevique estar\u00e1 siempre presente como punto de referencia y comparaci\u00f3n. Muchos de estos anarquistas hab\u00edan vivido la Revoluci\u00f3n de Octubre en primera l\u00ednea y la revivir\u00e1n nuevamente a medida que aumente la influencia del Partido comunista en la pol\u00edtica de la Rep\u00fablica. Entonces cada paso de la CNT, cada decisi\u00f3n, se pondr\u00e1 en referencia a lo vivido 20 a\u00f1os atr\u00e1s. Emma Goldman relacionar\u00e1 la influencia comunista en las Trade Unions inglesas con el pacto de silencio que, dice, hay sobre las iniciativas y los logros de la CNT. Igualmente los gobiernos franc\u00e9s e ingl\u00e9s ser\u00e1n considerados fascistas al ver los gestos de indulgencia hacia Franco y llegan a considerar la eventualidad de que ambos gobiernos est\u00e9n esperando la oportunidad de intervenir en la guerra en favor propio, en una maniobra que tendr\u00eda m\u00e1s de imperialista que de defensa de ninguna de las dos tendencias ideol\u00f3gicas que luchaban en la Pen\u00ednsula.<\/p><\/blockquote>\n<p>La decisi\u00f3n de formar parte del gobierno de la Generalitat primero, y del gobierno central mas tarde, dividi\u00f3 a los anarquistas. Algunos se manifestaron absolutamente en contra y en todos hizo nacer la duda al tiempo que aumentan las reticencias. Emma Goldman en febrero de 1937 ya le escribe a Rudolf Rocker y le habla de su desconfianza, piensa que los anarquistas van capitulando ante los comunistas y Largo Caballero[1] y denuncia el trato que se le da al POUM. Un mes m\u00e1s tarde volver\u00e1 a insistir a\u00f1adiendo, adem\u00e1s, que las nuevas pol\u00edticas del gobierno la asustan porque est\u00e1n encaminadas a la \u00abmilitarizaci\u00f3n\u00bb y el mando \u00fanico, \u00ab<em>and all other such fancy steps very closet to Dictatorship<\/em>\u00bb[2]. La misma impresi\u00f3n se la vuelve a trasladar a Rocker al d\u00eda siguiente a quien, adem\u00e1s, le comunicar\u00e1 que estas capitulaciones no sirven para cambiar la imagen que de la CNT hay en Inglaterra, donde los diarios contin\u00faan ignorando cualquier aportaci\u00f3n positiva o social de la CNT. El 4 de mayo de 1937, (probablemente a\u00fan no ten\u00eda noticias de lo que estaba pasando en Barcelona) Goldman volver\u00e1 a escribir a Rocker e ir\u00e1 m\u00e1s all\u00e1, dar\u00e1 un nombre, Federica Montseny. Piensa que Montseny es la persona de la CNT que m\u00e1s ha evolucionado hacia la derecha y que \u00ab<em>Her position has simply gone to her head<\/em>\u00bb[3]. Goldman solo comparte estas opiniones con los m\u00e1s \u00edntimos como Rudolf y Millie Rocker, aunque, poco acostumbrada a callar lo que piensa, tambi\u00e9n intentar\u00e1 decirlo en p\u00fablico. Pasados los \u00abhechos de mayo\u00bb, las noticias que llegan de lo que est\u00e1 pasando en Barcelona no son nada tranquilizadoras. Se habla de represi\u00f3n, de compa\u00f1eros anarquistas que luchan en las Brigadas Internacionales y que son retenidos y encarcelados as\u00ed como una gran cantidad de cenetistas[4]. Goldman se siente obligada a escribir un art\u00edculo en <em>Spanish Revolution<\/em>[5] de 20 de diciembre de 1937, \u00abLas persecuciones pol\u00edticas deben acabar en Espa\u00f1a\u00bb. Entonces recibir\u00e1 una carta del Comit\u00e9 Nacional de la CNT y del peninsular de la FAI en la que se le pide que no vuelva a tomar una iniciativa semejante porque estas actuaciones pueden malinterpretarse en el extranjero y podr\u00edan perjudicar a la Rep\u00fablica.<\/p>\n<p>No todas las organizaciones lo vivir\u00e1n de la misma manera. En Suecia no parece que haya ning\u00fan inconveniente y, el SAC, ser\u00e1 siempre un puntal de ayuda econ\u00f3mica y moral. Donde habr\u00e1n las tensiones m\u00e1s fuertes ser\u00e1 en Par\u00eds.<\/p>\n<p>En Francia se formar\u00e1n tres grupos. El m\u00e1s radicalmente opuesto a los dirigentes cenetistas se agrupar\u00e1 en torno del peri\u00f3dico <em>Terre Libre<\/em> y ser\u00e1 encabezado por el grupo de Volin, el F.A.F. En cambio la Uni\u00f3n Anarquista justificar\u00e1 en todo momento la actuaci\u00f3n de la Confederaci\u00f3n, incluso despu\u00e9s de los hechos de mayo. Mientras la CGTSR observar\u00e1 una actitud equidistante. La FAF y la CGSTR, ya muy distantes, mantendr\u00e1n un enfrentamiento que se alargar\u00e1 y enquistar\u00e1 porque el 16 de marzo de 1938, encontramos una misiva pidiendo la mediaci\u00f3n de la AIT y el Comit\u00e9 Peninsular de la FAI para poner fin a los insultos y calumnias que unos y otros vierten sobre los compa\u00f1eros que colaboran con la CNT[6]. Y en medio estar\u00e1 Nettlau, incondicional de la familia Montseny, incapaz de soportar la menor cr\u00edtica a Federica y que arremeter\u00e1 contra cualquiera que exprese una m\u00ednima duda, llegando, incluso, a la palabra gruesa y el insulto[7]. Los \u00abhechos de mayo\u00bb[8] ser\u00e1n un punto de inflexi\u00f3n. La indignaci\u00f3n ser\u00e1 pr\u00e1cticamente general, en especial cuando llegue la noticia de la muerte de Camilo Berneri.<\/p>\n<p>La mayor\u00eda de los anarquistas europeos no entienden la reacci\u00f3n de la CNT y sus principales dirigentes a los que acusan de estar entregados al gobierno de Largo Caballero y no querer luchar contra los comunistas que buscan directamente la desaparici\u00f3n de los anarquistas. Acusan a la CNT de silenciar las voces discordantes y se preguntan por qu\u00e9 <em>Solidaridad Obrera<\/em> no quiere reproducir la \u00abCarta abierta a la compa\u00f1era Federica Montseny\u00bb que Camilo Berneri public\u00f3 en <em>Guerra di Classe<\/em> el 14 de Abril[9]. Federica Montseny y Garc\u00eda Oliver ser\u00e1n considerados los principales culpables porque son ellos quienes han enviado los mensajes a los combatientes pidiendo que dejen las armas e, incluso, han dado la consigna desde las p\u00e1ginas de la <em>Soli<\/em>, de no contestar a las provocaciones, algo que se interpreta como una claudicaci\u00f3n ante Mosc\u00fa. Reviven los momentos de la Revoluci\u00f3n bolchevique cuando los anarquistas fueron eliminados y pasaron a ser considerados enemigos pol\u00edticos, piensan que, a cambio de unas cuantas armas, Montseny y Garc\u00eda Oliver han vendido la revoluci\u00f3n. La rabia crece especialmente al ver que no se hace ninguna referencia a la muerte de anarquistas no espa\u00f1oles[10] y, especialmente, que no se nombra a Camilo Berneri[11] uno de los anarquistas m\u00e1s reconocidos y respetados que hab\u00eda venido a luchar a Espa\u00f1a as\u00ed que empieza el conflicto. Meses despu\u00e9s, en julio, Garc\u00eda Oliver y Federica Montseny ser\u00e1n boicoteados en un mitin en Paris. Garc\u00eda Oliver ser\u00e1 increpado por la muerte de Berneri pero Garc\u00eda Oliver no se dar\u00e1 por aludido. La indignaci\u00f3n fue tanta que incluso Emma Goldman se platea abandonar su cargo de representante de la CNT en Londres[12]. Con el paso del tiempo a la rabia la sustituir\u00e1 la decepci\u00f3n y el sentimiento de fracaso (para ella, para Goldman, un nuevo fracaso) de la revoluci\u00f3n y as\u00ed se lo dir\u00e1 a Rudolf Rocker, nuevamente su confidente: \u00ab<em>they had everything in their hands. And they lost everything largely due to the lack of judjement of the Montsenys and Olivers and to their compromisses<\/em>\u00bb. Aunque Goldman se permita estas expansiones en privado, en p\u00fablico, quiz\u00e1s por ser la representante de la CNT, es mucho m\u00e1s moderada algo que le acarrea la cr\u00edtica cuando en agosto llegue a la reuni\u00f3n en Par\u00eds de la IWMA sin haber sido nombrada delegada y, adem\u00e1s, ha de soportar las protestas cuando quiera hablar en la misma \u00abpues,[\u2026], se hab\u00eda convertido en un puntal de la CNT\u00bb[13].<\/p>\n<p><strong>Primeros meses de la guerra<\/strong><\/p>\n<p>El caos que produjo el golpe de estado llev\u00f3 a la improvisaci\u00f3n en casi todas las facetas de la vida pol\u00edtica y ciudadana. Tambi\u00e9n en quien dirig\u00eda la estrategia de la propaganda en el exterior. Parece que quien asumi\u00f3 ese papel fue el anarcosindicalista Agustin Souchy, quien se hallaba en Espa\u00f1a en ese momento. Es \u00e9l quien llama a Emma Goldmann para que venga ya en el mes de agosto de 1936. En esos primeros momentos, cuando todo parec\u00eda sonre\u00edr a los anarquistas espa\u00f1oles y se extend\u00eda la convicci\u00f3n de que se estaba haciendo la revoluci\u00f3n, muchos anarquistas llegaron a Espa\u00f1a y Catalu\u00f1a desde todas las partes del mundo que se un\u00edan a los que ya se encontraban en Espa\u00f1a porque no debemos olvidar que en Espa\u00f1a resid\u00eda uno de los subsecretariados de la IWMA. Algunos ven\u00edan para unirse a las columnas de milicianos en el frente y acabaron formando parte de las Brigadas internacionales, pero otros ven\u00edan para ayudar a la revoluci\u00f3n que se estaba haciendo en la retaguardia y a\u00fan alguno, como Camillo Berneri, vinieron para luchar en el frente pero se les requiri\u00f3 en la retaguardia donde su preparaci\u00f3n era mucho m\u00e1s eficaz. Hubo quien se qued\u00f3 pero otros se marcharon con el encargo explicito de dar a conocer la causa de la CNT en el exterior. De los que se quedaron, muchos ocuparon puestos de relevancia, como Souchy, que fue el primer responsable de la Oficina de Propaganda Exterior o se les llam\u00f3 para que se encargaran de un trabajo espec\u00edfico, es el caso de Kam\u00ednski al que se le encarg\u00f3 la redacci\u00f3n de un libro, <em>El nazismo al desnudo<\/em>, uno de los objetivos en los que m\u00e1s inter\u00e9s se pone desde la Oficina de Propaganda Exterior y desde el Secretariado de Relaciones Exteriores de la CNT.<\/p>\n<p>En segundo lugar, durante la segunda mitad de 1936, la CNT era el \u00abpoder\u00bb en Catalu\u00f1a, desde septiembre hay anarquistas en el gobierno de la Generalidad[14], debi\u00f3 parecer natural que la CNT tambi\u00e9n asumiera su representaci\u00f3n fuera de Espa\u00f1a. A\u00fan as\u00ed, la Generalidad mantendr\u00e1 sus propios delegados, al menos en Inglaterra, como veremos, y con unos resultados cuestionables. La doble funci\u00f3n de representante de la Generalitat y de la CNT no es exclusiva de Inglaterra. Tambi\u00e9n ocurre en Par\u00eds donde Nemesio Galve, que ya hab\u00eda sido designado representante de la Generalitat, recibe el encargo de representar, adem\u00e1s, a la CNT. Al poco tiempo, solo unos meses, tanto Goldmann como Galve dejar\u00e1n de asumir su responsabilidad respecto al gobierno catal\u00e1n.<\/p>\n<p>Este desconcierto es perfectamente atribuible, primero, a la situaci\u00f3n de guerra \u00abinconfesada\u00bb. \u00abInconfesada\u00bb porque los primeros meses se pens\u00f3 que el conflicto ser\u00eda breve y todo tuvo un cierto aire de provisionalidad y un mucho de improvisaci\u00f3n. Por otro lado la aparente sumisi\u00f3n de Companys a la Confederaci\u00f3n debi\u00f3 favorecer la decisi\u00f3n de unir las representaciones de ambas en una sola persona. Al mismo tiempo todo cuanto se refer\u00eda a la organizaci\u00f3n de la propaganda parec\u00eda dejarse en manos de los militantes extranjeros mostrando, con ello, una cierta ingenuidad y falta de experiencia que ser\u00e1n observadas por R\u00fcdiger en un informe que entrega en 1937[15] y, tambi\u00e9n, son detectadas por Emma Goldman en su primer viaje a Espa\u00f1a, de los tres que har\u00e1 durante la guerra. Justamente al principio de la contienda, Goldman le comunicar\u00e1 estas impresiones a Rudolf Rocker[16]. A medida que pase el tiempo, la CNT marcar\u00e1 una estrategia bien diferenciada de los organismos gubernamentales y del resto de las organizaciones pol\u00edticas y sindicales. Crear\u00e1 un Secretariado de Relaciones Exteriores que se funde y se confunde con el Comit\u00e9 Nacional de la CNT y el Comit\u00e9 Peninsular de la FAI, los m\u00e1ximos dirigentes de los cuales eran Mariano R. V\u00e1zquez, secretario Nacional de la CNT y Pedro Herrera, Secretario del Comit\u00e9 Peninsular de la FAI favoreciendo, as\u00ed, todav\u00eda m\u00e1s la confusi\u00f3n.<\/p>\n<p><strong>LA ORGANIZACI\u00d3N DE UNA ESTRUCTURA DE PROPAGANDA<\/strong><\/p>\n<p><strong>Gestaci\u00f3n de la Oficina de Propaganda Exterior<\/strong><\/p>\n<p>Al estallar la guerra la CNT no titube\u00f3, enseguida capt\u00f3 la importancia que ten\u00eda el papel de los pa\u00edses europeos en el desarrollo de la contienda y, consecuentemente, la necesidad de fortalecer los v\u00ednculos con las organizaciones de ideolog\u00eda cercana adem\u00e1s de estimular la creaci\u00f3n de formaciones afines all\u00ed donde no exist\u00edan y, muy importante, frenar la influencia del marxismo cercano a la Uni\u00f3n Sovi\u00e9tica.<\/p>\n<p>La Oficina de Propaganda Exterior de la CNT-FAI, se establece el 22 de julio de 1936. Es una iniciativa de Souchy, Alfred Souchy[17] .<\/p>\n<p>Con el paso de los meses hay un cambio notable de la situaci\u00f3n, la guerra se ha convertido en un conflicto largo y el resto de fuerzas pol\u00edticas en Catalu\u00f1a han ido revertiendo el predominio inicial de los anarcosindicalistas. La transformaci\u00f3n en la correlaci\u00f3n de fuerzas en el poder se hace absolutamente evidente e irreversible despu\u00e9s de los hechos de Mayo del 37. M\u00e1s tarde, Joaqu\u00edn Cort\u00e9s redacta un informe proponiendo una reestructuraci\u00f3n total de la Oficina de Propaganda de la que depend\u00eda la Oficina de propaganda exterior. El informe no lleva fecha pero en la \u00faltima p\u00e1gina del informe Cort\u00e9s expresa claramente una de las consecuencias de las nuevas circunstancias establecidas despu\u00e9s del 3 de mayo:<\/p>\n<p style=\"padding-left: 80px;\">\u00abPara terminar, debo hacer remarcar que en la actualidad carecemos de toda posibilidad para realizar la propaganda de la forma en que hasta el 3 de mayo la hab\u00edamos hecho\u00bb.[18]<\/p>\n<p>En el escrito se proporciona indirectamente, tambi\u00e9n, noticias de c\u00f3mo se hab\u00eda estructurado la Oficina de Propaganda hasta aquel momento. La \u00abOficina de Relaciones y Propaganda Exterior\u00bb depend\u00eda de la \u00abOficina de Propaganda\u00bb, de la cual tampoco conocemos el momento de su creaci\u00f3n aunque debi\u00f3 ser en los primeros tiempos porque Toryho fue su primer director hasta que pasa a ocupar el puesto de Director de <em>Solidaridad Obrera<\/em>, en noviembre de 1936[19]. En el Informe de Joaqu\u00edn Cort\u00e9s hay confusi\u00f3n porque no queda muy claro si se est\u00e1 refiriendo a la Oficina de Propaganda de la CNT o la Oficina de Propaganda de la CRT de Catalu\u00f1a, si bien creemos que acaba hablando de la primera. De lo que no hay duda es de que en alg\u00fan momento, m\u00e1s pronto que tarde, la \u00abOficina de Relaciones y Propaganda Internacional\u00bb pas\u00f3 a depender de la \u00abOficina de Propaganda\u00bb. En los primeros meses la oficina dependi\u00f3 exclusivamente de la CNT, precisamente el mismo Cort\u00e9s reclama que las Oficinas de Propaganda exterior han de depender tanto de la CNT como de la FAI. En el esquema que reproducimos, se puede ver el nuevo organigrama que se propone para el control de la propaganda. En el redactado la mayor extensi\u00f3n se dedica a cuestiones como boletines, radio y otros medios de difusi\u00f3n y poco a la \u00abOficina de Relaciones y propaganda Internacional\u00bb. Tampoco hay fecha en el esquema[20]<\/p>\n<figure id=\"attachment_12307\" aria-describedby=\"caption-attachment-12307\" style=\"width: 1896px\" class=\"wp-caption aligncenter\"><a href=\"https:\/\/espai-marx.net\/wp-content\/uploads\/2022\/08\/CNT-propaganda-internacional.png\"><img loading=\"lazy\" decoding=\"async\" class=\"wp-image-12307 size-full\" src=\"https:\/\/espai-marx.net\/wp-content\/uploads\/2022\/08\/CNT-propaganda-internacional.png\" alt=\"\" width=\"1896\" height=\"1287\" srcset=\"https:\/\/espai-marx.net\/wp-content\/uploads\/2022\/08\/CNT-propaganda-internacional.png 1896w, https:\/\/espai-marx.net\/wp-content\/uploads\/2022\/08\/CNT-propaganda-internacional-300x204.png 300w, https:\/\/espai-marx.net\/wp-content\/uploads\/2022\/08\/CNT-propaganda-internacional-1024x695.png 1024w, https:\/\/espai-marx.net\/wp-content\/uploads\/2022\/08\/CNT-propaganda-internacional-768x521.png 768w, https:\/\/espai-marx.net\/wp-content\/uploads\/2022\/08\/CNT-propaganda-internacional-1536x1043.png 1536w, https:\/\/espai-marx.net\/wp-content\/uploads\/2022\/08\/CNT-propaganda-internacional-1320x896.png 1320w\" sizes=\"auto, (max-width: 1896px) 100vw, 1896px\" \/><\/a><figcaption id=\"caption-attachment-12307\" class=\"wp-caption-text\">En IISG. Papeles de la CNT. Carpeta ARCH00293<\/figcaption><\/figure>\n<p>Lo que se comprueba es que\u00a0hay una transformaci\u00f3n importante a partir de 1938. Al empezar el a\u00f1o, se har\u00e1 cargo de la Oficina de Propaganda Exterior Mart\u00edn Gudell[21]. A partir de esa fecha, la correspondencia que antes se enviaba directamente a Mariano V\u00e1zquez y Pedro Herrera, se intenta vehicular o bien a trav\u00e9s de Martin Gudell o por medio de la Oficina de Par\u00eds donde Nemesio Galve ha sido sustituido por Manel Mascarell[22]. La comunicaci\u00f3n entre Par\u00eds y el Comit\u00e9 Nacional de la CNT y Peninsular de la FAI se har\u00e1 m\u00e1s regular y el n\u00famero de asuntos tratados mucho m\u00e1s amplio y, desde luego, Par\u00eds adquiere un status mucho m\u00e1s relevante. Sin que podamos establecer, de momento, un nexo directo entre el informe de Joaqu\u00edn Cort\u00e9s y todos estos cambios, nos parece muy posible su relaci\u00f3n. Desde luego, lo que s\u00ed es evidente es un cambio de estrategia y una actuaci\u00f3n mucho m\u00e1s disciplinada de ambas organizaciones anarquistas, CNT y FAI.<\/p>\n<p>En paralelo a las Oficinas se montar\u00e1 tambi\u00e9n el Socorro Internacional Antifascista, SIA, del que Pedro Herrera ser\u00e1 el primer secretario hasta que en mayo de 1938 lo haya de dejar y pase el cargo a Luc\u00eda S\u00e1nchez Saornil. Junto con una red de colonias para los hijos de compa\u00f1eros anarquistas agrupadas en \u00abInfancia evacuada\u00bb que funcionar\u00e1n al margen de las instituciones oficiales. La recaudaci\u00f3n del dinero dirigido a la S.I.A. en el extranjero se centralizar\u00e1 en Marsella y all\u00ed se tomar\u00e1n las decisiones.<\/p>\n<p>La transparencia en la cuentas fue una de las preocupaciones m\u00e1s importantes y cada mes habr\u00e1n de pasar un estado de ingresos y gastos al Secretariado de Relaciones Exteriores. Y los mismo hab\u00eda de hacer la Oficina de Propaganda Exterior.<\/p>\n<p>Fuera de Espa\u00f1a la oficina m\u00e1s importante era la de Par\u00eds. \u00c9sta era la encargada de coordinar todas las acciones del resto de oficinas, como acabamos de poner de relieve. La siguiente en importancia, seg\u00fan la documentaci\u00f3n que hemos encontrado, fue la de Londres, dirigida por Emma Goldman. Lo fue por el volumen de actos que organiz\u00f3 aunque Goldman nunca estuvo satisfecha y considerar\u00e1 que los resultados obtenidos no compensaban el esfuerzo invertido[23]. Hallamos tambi\u00e9n una delegaci\u00f3n en Estados Unidos y en Buenos Aires, que centralizaba toda la actividad de Am\u00e9rica Latina. En 1938 hay mucho inter\u00e9s en abrir una delegaci\u00f3n en Or\u00e1n pero no llega funcionar plenamente.<\/p>\n<p>Las actividades que se realizaban eran diversas e implicaban tanto a la Oficina de Propaganda Exterior como a las diferentes delegaciones: publicaci\u00f3n y reparto de prensa en los diferentes idiomas, publicaci\u00f3n y reparto de libros reivindicativos de la causa de la Rep\u00fablica y denuncia de la ilegalidad y brutalidad de los golpistas, realizaci\u00f3n y divulgaci\u00f3n de pel\u00edculas de propaganda financiadas por la CNT. Se cuenta al menos con tres publicaciones peri\u00f3dicas. Una en Francia, <em>L\u2019Espagne Antifasciste<\/em>, que en mayo de 1937 pasar\u00e1 por dificultades de edici\u00f3n; y dos en Gran Breta\u00f1a, <em>Spain &amp; the World<\/em> y <em>Fighting Call<\/em>[24]. Las delegaciones sirven tambi\u00e9n a otros objetivos como recuperar dinero extra\u00eddo de Espa\u00f1a de manera irregular o conseguir piezas de recambio para los coches que se estropeaban.<\/p>\n<p><strong>Las Oficinas de Propaganda Exterior<\/strong><\/p>\n<p>La correspondencia que hemos encontrado espec\u00edfica de las oficinas, empieza precisamente el 1 de enero de 1938. En aquel momento, su responsable, tal y como firma, es Mart\u00edn Gudell[25]. Estaba situada en la V\u00eda Durruti, 32 (la actual V\u00eda Layetana), de Barcelona, en la Casa de la CNT-FAI.<\/p>\n<p>Tal y como se ha dicho previamente, las oficinas del exterior depend\u00edan directamente del Secretariado de Relaciones Exteriores, por tanto, todo el financiamiento de estos delegados depender\u00e1 solamente de dicho Secretariado. Las n\u00f3minas y los sueldos se refieren \u00fanicamente al personal que trabaja con G\u00fcdell en Barcelona. Puntualmente podemos encontrar dinero dado a compa\u00f1eros que acaban de llegar a Espa\u00f1a y no tienen fondos para los primeros gastos, pero son casos espor\u00e1dicos. Una excepci\u00f3n ser\u00eda Emma Goldman la cual, en su \u00faltimo viaje a Catalu\u00f1a y a Espa\u00f1a a finales de 1938, recibir\u00e1 una pensi\u00f3n.<\/p>\n<p>Tampoco los boletines que se hac\u00edan en los distintos idiomas son pagados por esta Oficina. \u00c9stos parecen ser una responsabilidad de la Oficina de Par\u00eds, si bien encontramos excepciones, el bolet\u00edn de esperanto durante los tres primeros meses de 1938 y, espor\u00e1dicamente, la impresi\u00f3n de los boletines en ingl\u00e9s, italiano y franc\u00e9s ser\u00e1 pagados por la Oficina de Propaganda Exterior (de ahora en adelante, OPE). En cambio s\u00ed parecen ser de su competencia las pel\u00edculas producidas as\u00ed como el control de los libros y \u00e1lbumes que se editaron para apoyar la causa antifascista. La OPE era la responsable de enviarlos al extranjero y facilitar los pedidos que se hiciesen. A menudo encontrar\u00e1 dificultades en esta tarea debido a la censura y, a veces, por causas que no llegan a hacerse evidentes si bien el ya citado informe de Cort\u00e9s deja bien sentada la diferencia que la CNT sufre a partir de los hechos de mayo y como su actividad estar\u00e1 m\u00e1s controlada. Nunca se har\u00e1n env\u00edos importantes, sino peque\u00f1os paquetes que no despertasen la curiosidad de las autoridades aduaneras[26]. Las pel\u00edculas sufrir\u00e1n una censura a veces brutal que provocar\u00e1 quejas porque dejar\u00e1 la pel\u00edcula sin sentido de manera que se intentar\u00e1 esquivarla. La censura ser\u00e1 especialmente rigurosa a la hora de exhibir las pel\u00edculas fuera de Espa\u00f1a como por ejemplo la prohibici\u00f3n que se hace de enviar a Suecia la producci\u00f3n <em>\u00bfY t\u00fa qu\u00e9 haces?<\/em>[27].<\/p>\n<p>A lo largo de 1938 las dos apuestas propagand\u00edsticas m\u00e1s s\u00f3lidas son un libro y una pel\u00edcula. Ambas iniciativas ir\u00e1n ligadas a compa\u00f1eros extranjeros. Del libro ya hemos dado alguna pista, se trata de <em>El nazismo al desnudo.<\/em> Como ya se ha dicho, el impulsor fue Souchy. En \u00e9l se recogen documentos abandonados en el consulado alem\u00e1n. Estos documentos llegaran a manos de la CNT porque el edificio que hab\u00eda sido ocupado por el consulado alem\u00e1n, fue ocupado despu\u00e9s por el DAS[28] y fue esta organizaci\u00f3n la que los encontr\u00f3. Souchy llam\u00f3 a Kaminsky para que redacte un libro con los documentos pero se anticipa el DAS que ser\u00e1 quien har\u00e1 una versi\u00f3n en alem\u00e1n.<\/p>\n<p>Sin que conozcamos las razones, el DAS abandona repentinamente Catalu\u00f1a, dejando a deber dinero y sin que los documentos originales aparezcan por ninguna parte. Para entonces la OPE recupera la idea de publicarlo en distintos idiomas pero necesita pruebas, es decir los originales, de que cuanto se dice es cierto. Comienzan entonces una serie de acciones para recuperarlos al margen de la legalidad bastantes rocambolescas, como entrar en el antiguo consulado que estaba sellado por la polic\u00eda despu\u00e9s que el DAS lo abandonara. Pero no encontraran nada. Finalmente y cuando ya parec\u00eda imposible recuperar los documentos, aparecieron en un barco que los hab\u00eda llevado hasta Marsella y, al ver que nadie los reclamaba, los retornaron a Barcelona.[29]<\/p>\n<p><a href=\"https:\/\/espai-marx.net\/wp-content\/uploads\/2022\/08\/el-nazismo-al-desnudo.jpg\"><img loading=\"lazy\" decoding=\"async\" class=\"alignleft wp-image-12308\" src=\"https:\/\/espai-marx.net\/wp-content\/uploads\/2022\/08\/el-nazismo-al-desnudo.jpg\" alt=\"\" width=\"200\" height=\"272\" srcset=\"https:\/\/espai-marx.net\/wp-content\/uploads\/2022\/08\/el-nazismo-al-desnudo.jpg 300w, https:\/\/espai-marx.net\/wp-content\/uploads\/2022\/08\/el-nazismo-al-desnudo-221x300.jpg 221w\" sizes=\"auto, (max-width: 200px) 100vw, 200px\" \/><\/a>El libro acabar\u00e1 siendo publicado por la OPE y el Secretariado Nacional. El pr\u00f3logo lo escribi\u00f3 Josep Viadiu. La publicaci\u00f3n del Comit\u00e9 se hace en tapa dura. Hay much\u00edsimos documentos reproducidos as\u00ed como fotograf\u00edas de los principales responsables de la propaganda en el exterior del Parido Nazi. Los documentos se remontan a 1931, al principio de la Rep\u00fablica y toda la informaci\u00f3n escrita est\u00e1 traducida y transcrita para que pueda ser le\u00edda por cualquiera. Los documentos est\u00e1n agrupados por temas y van acompa\u00f1ados de comentarios que destacan su significado. La versi\u00f3n publicada por la OPE se distingue por la calidad de las cubiertas de tapa dura. Luego se har\u00e1 una versi\u00f3n con tapas solo blandas, versi\u00f3n r\u00fastica; la portada es negra con letras rojas; la contraportada es de un gris oscuro sobre el que hay una composici\u00f3n fotogr\u00e1fica. En el mes de junio ya iba por su segunda edici\u00f3n[30]. La responsable material de la publicaci\u00f3n ser\u00e1 la Distribuidora Ib\u00e9rica de Publicaciones y, un mes m\u00e1s tarde, ya ha recogido 8.000 pesetas.<\/p>\n<p>En el sector cinematogr\u00e1fico la apuesta m\u00e1s fuerte de este a\u00f1o 1938 es la pel\u00edcula <em>Amanecer en Espa\u00f1a<\/em>. La realizaci\u00f3n se le encarga a otro extranjero, Louis Frank. El rodaje y el montaje acaba a principios de 1938 y el coste total de la pel\u00edcula es de 63.007 pesetas.[31] En la carta que Mart\u00ed Gudell informa del coste, tambi\u00e9n informa de sus sospechas de que los operarios han aumentado la factura en 1.000 o 2.000 pesetas, aunque aconseja hacer la vista gorda.<\/p>\n<p>El film enseguida despertar\u00e1 el inter\u00e9s de la mayor\u00eda de delegaciones[32]. Un buen n\u00famero de copias estaban controladas por la SIA[33] que era el organismo encargado de controlar los ingresos para despu\u00e9s entregarlos a la CNT. Incluso la Delegaci\u00f3n de Colonias comprar\u00e1 una copia para llevarla a los territorios africanos. A pesar del inter\u00e9s despertado, la producci\u00f3n ser\u00e1 salvajemente mutilada una y otra vez porque, antes de su exhibici\u00f3n, m\u00e1s de un departamento hab\u00eda de dar el visto bueno. Todav\u00eda en Francia habr\u00e1 una nueva revisi\u00f3n seg\u00fan el pa\u00eds al que iba destinada la copia. Los cortes ser\u00e1n tan numerosos que dejar\u00e1 de tener sentido. El camino que emprende entonces el Comit\u00e9 Nacional es, primero, presionar a los distintos departamentos gubernamentales para evitar males peores. Cuando comprende que no hay nada que hacer, le pide a la OPE que pase las copias ilegalmente para esquivar la censura.<\/p>\n<p><iframe loading=\"lazy\" title=\"Amanecer sobre Espa\u00f1a (1938)\" width=\"800\" height=\"600\" src=\"https:\/\/www.youtube.com\/embed\/Vnat1D3pRGM?feature=oembed\" frameborder=\"0\" allow=\"accelerometer; autoplay; clipboard-write; encrypted-media; gyroscope; picture-in-picture; web-share\" referrerpolicy=\"strict-origin-when-cross-origin\" allowfullscreen><\/iframe><\/p>\n<p>La censura planear\u00e1 todo el tiempo. Tambi\u00e9n la Confederaci\u00f3n la ejercer\u00e1 sobre sus hombres y delegados. Las noticias que se permiten publicar, o que se desea sean conocidas en el exterior, siempre son filtradas, buscando causar el mejor efecto en Francia y, sobre todo, en Inglaterra. El objetivo es que las potencias democr\u00e1ticas levanten la prohibici\u00f3n de vender armas a la Rep\u00fablica[34].<\/p>\n<p>Se pretende que las pel\u00edculas se exhiban en salas comerciales, probablemente con la doble finalidad de que llegue a m\u00e1s gente y se recaude m\u00e1s dinero. Indudablemente es lo que se pretend\u00eda con <em>Amanecer en Espa\u00f1a<\/em>, pero en Francia se cortan tantas escenas que, finalmente, no se pudo exhibir en las salas comerciales, quedando relegada a la proyecci\u00f3n privada. Las partes censuradas parece que quieren disimular la crudeza de la guerra porque se proh\u00edbe la visi\u00f3n de cad\u00e1veres, o que se puedan herir seg\u00fan qu\u00e9 sensibilidades (se corta la visi\u00f3n de un sacerdote con un fusil), pues tambi\u00e9n parece querer dulcificar cualquier cr\u00edtica demasiado contundente a los rebeldes y sus aliados, suponemos que en un intento de Francia de no enfrentarse con Alemania o Italia cuando ya faltaban solo tres meses para la firma del \u00abPacto de M\u00fanich\u00bb.[35]<\/p>\n<p>Desde abril la OPE recopila art\u00edculos y noticias aparecidos en la prensa extranjera, tanto favorables a la causa republicana y anarcosindicalista como opiniones contrarias. Entre estos \u00faltimos destacan las opiniones que, pese a ser favorables a la Rep\u00fablica, no son partidarios en absoluto de los anarquistas a los que con frecuencia culpan de la dif\u00edcil situaci\u00f3n que a estas alturas de 1938 ya es totalmente desesperada.<\/p>\n<p>Quiz\u00e1s la iniciativa m\u00e1s interesante de la OPE sea la creaci\u00f3n de un archivo conjunto de la CNT y la FAI, aunque sean formaciones independientes. Posiblemente \u00e9sta sea la raz\u00f3n por la que no encontramos correspondencia oficial del Comit\u00e9 antes de 1938, que es cuando se crea el archivo. El Comit\u00e9 Regional de Catalu\u00f1a ya ten\u00eda uno pero el nuevo archivo se pretende que est\u00e9 bien diferenciado del regional y al mismo tiempo, supera las limitaciones de este \u00faltimo[36]. Dos d\u00edas despu\u00e9s el Comit\u00e9 contesta afirmativamente y proponiendo nombrar una ponencia para darle forma definitiva. Los miembros de la ponencia son: Mart\u00ed [\u00bf] de Propaganda, Polgare del Comit\u00e9 peninsular de la FAI y el propio Mart\u00ed G\u00fcdell.<\/p>\n<p>Siete d\u00edas despu\u00e9s ya ha tenido lugar la reuni\u00f3n de la ponencia y se pide que se hagan las gestiones precisas con el Comit\u00e9 de enlace de la regi\u00f3n catalana a fin de recuperar el material que se encuentra en el Archivo del Comit\u00e9 Regional y que corresponde a las Oficinas de Propaganda Exterior.[37]<\/p>\n<p><strong>LA OFICINA DE PARIS<\/strong><\/p>\n<p>La Delegaci\u00f3n de Par\u00eds se mont\u00f3 en fecha muy temprana. El primer encargado fue Nemesio Galve. Nemesio Galve acumulaba los cargos de subsecretario de la IWMA en Francia y Delegado de la Generalitat de Catalu\u00f1a, cargo este \u00faltimo, que hizo aconsejable su nombramiento como Delegado de la CNT aprovechando la confianza que su responsabilidad despertaba. Un segundo responsable fue Facundo Roca que se ocupaba principalmente de los ni\u00f1os evacuados.<\/p>\n<p>Roca hab\u00eda de estar en contacto directo con el Ministerio de Educaci\u00f3n al frente del cual estaba, en el per\u00edodo del que tenemos informaci\u00f3n, Segundo Blanco, tambi\u00e9n anarquista. Esta circunstancia podr\u00eda hacer pensar que las relaciones con el gobierno hab\u00edan de ser fluidas. No parece que fuera as\u00ed. Los ni\u00f1os evacuados eran alojados en colonias. Estas colonias pod\u00edan ser sostenidas directamente con fondos espa\u00f1oles o bien eran financiadas por alguna organizaci\u00f3n local total o parcialmente. A veces los recursos de la organizaci\u00f3n en cuesti\u00f3n no llegaban y, entonces, tambi\u00e9n hab\u00edan de sostenerlas el Ministerio. Lo cierto es que los recursos destinados y la puntualidad de los pagos no eran mod\u00e9licos. En mayo de 1938 Roca le ha arrancado a la Directora de Primera Ense\u00f1anza la promesa de obtener un presupuesto adecuado y suficiente para las necesidades de la infancia evacuada, pero no se f\u00eda demasiado porque le pide a Mariano R. V\u00e1zquez que est\u00e9 presente cada vez que tenga una conversaci\u00f3n telef\u00f3nica con el Ministerio a fin y efecto de que sea testimonio de la misma.<\/p>\n<p>La segunda tarea encomendada a Facundo Roca era la de hacer de intermediario a la hora de buscar materiales anarquistas que se quisieran publicar. Una de estas empresas fue la publicaci\u00f3n de la biograf\u00eda de Bakunin de Max Nettlau, viejo proyecto que ya hab\u00eda pasado, como m\u00ednimo, por dos intentos anteriores, el de <em>La Protesta<\/em> de Buenos Aires, en los a\u00f1os 20, y el de la familia Montseny a trav\u00e9s de sus ediciones de <em>La Revista Blanca<\/em>, en los primeros a\u00f1os de la Rep\u00fablica. Ahora se recupera la primera iniciativa, la de <em>La Protesta<\/em>, e, incluso, ir\u00e1 Elisa Kater, compa\u00f1era de Abad de Santill\u00e1n, antiguo director de <em>La Protesta<\/em>, a \u00c1msterdam para tratar el asunto con M\u00fceller Lehning y el mismo Max Nettlau que le ha de entregar los materiales que faltan. Una vez m\u00e1s, el dinero para el viaje lo hab\u00eda de poner la Oficina de Par\u00eds.<\/p>\n<p>A principios de 1938 Galve ha de abandonar sus responsabilidades porque tiene que operarse de la nariz. La intervenci\u00f3n se la hacen en Bruselas y la recuperaci\u00f3n llevar\u00e1 unos cuantos meses. En junio ya se encuentra lo bastante bien como para continuar trabajando para la CNT. Sus cartas tienen un tono amistoso e informal. En ellas se mezclan noticias personales e informaciones de tipo oficial aunque hechas de forma confidencial. Casi todas se refieren a individuos y hechos de personas que han huido de Espa\u00f1a llev\u00e1ndose un bot\u00edn. Algunos pertenecen al Comit\u00e9 de Patrullas, como Asensio, Coll y Bonet que han huido en un coche que despu\u00e9s han abandonado y ahora se puede recuperar. Seguramente el caso m\u00e1s relevante sea la desaparici\u00f3n de 800.000 francos belgas pertenecientes a la CNT de Gand\u00eda. Este dinero est\u00e1 en manos de un abogado de Liege a quien se lo dio el hijo de Jouhaux y que volver\u00e1 a que se le presente una autorizaci\u00f3n de la CNT. Es lo que pide Galve. Eso har\u00e1 el Comit\u00e9 Nacional no sin quejarse de la imprecisi\u00f3n de Galve.[38]<\/p>\n<p>La sospecha de corrupci\u00f3n planear\u00e1 sobre muchos dirigentes. El mismo Galve ser\u00e1 considerado un ladr\u00f3n por su sustituto al frente de la Oficina de Par\u00eds, Manel Mascarell, quien en una carta enviada a Pedro Herrera y Mariano R. Rodr\u00edguez, lo califica literalmente de \u00abchorizo\u00bb junto con Benito Pab\u00f3n. Aunque no fundamenta su acusaci\u00f3n. Las insinuaciones de Mascarell no debieron tener mucha fuerza porque la correspondencia entre Galve y el Secretariado continua normalmente.<\/p>\n<p>Los otros asuntos que ocupan las cartas de Galve son el comentario e informaci\u00f3n de publicaciones de B\u00e9lgica u otros pa\u00edses, que pueden interesar por uno u otro motivo a la CNT.<\/p>\n<p>Las cartas de Manel Mascarell tienen un tono bien distinto a las de Galve, siempre serias y de car\u00e1cter oficial. A trav\u00e9s de las mismas se adivina un car\u00e1cter mucho m\u00e1s serio que el de Galve, quiz\u00e1s porque no tenga tanta confianza con V\u00e1zquez y Herrera. Nada m\u00e1s hacerse cargo de la Oficina, pedir\u00e1 la supresi\u00f3n de algunas publicaciones que se financian y que considera que tan solo sirven para que peque\u00f1os grupos marginales se comuniquen entre ellos, sin ninguna incidencia sobre la opini\u00f3n p\u00fablica.[39]<\/p>\n<p>Con Mascarell se centralizan m\u00e1s responsabilidades en la Oficina de Par\u00eds. La m\u00e1s importante: la de administrar los recursos. A Par\u00eds llegan buena parte de los donativos que realizan Instituciones de otros pa\u00edses y que van destinadas a la CNT y, desde Par\u00eds, se reparten los fondos para las delegaciones que mantiene la Confederaci\u00f3n en el exterior y otras iniciativas. Habr\u00e1 quien se quiera saltar este proceso y apela directamente al Secretariado pero Herrera y V\u00e1zquez siempre canalizar\u00e1n la soluci\u00f3n a trav\u00e9s de Par\u00eds. Es el caso del delegado en Estados Unidos Maximiliano Olay. Con el tiempo los donativos disminuyen y la Oficina tendr\u00e1 problemas para cumplir sus objetivos, una situaci\u00f3n que ignora el Comit\u00e9 y que le habr\u00e1n de recordar tanto Manel Mascarell como Facundo Roca.<\/p>\n<p><a href=\"https:\/\/espai-marx.net\/wp-content\/uploads\/2022\/08\/nueva-espana-antifascista.jpg\"><img loading=\"lazy\" decoding=\"async\" class=\"alignright size-full wp-image-12309\" src=\"https:\/\/espai-marx.net\/wp-content\/uploads\/2022\/08\/nueva-espana-antifascista.jpg\" alt=\"\" width=\"185\" height=\"273\" \/><\/a>La Oficina de Propaganda Exterior de Par\u00eds, adem\u00e1s, publica una revista <em>Nueva Espa\u00f1a Antifascista<\/em> aunque los medios tambi\u00e9n son insuficientes porque, en mayo pide que un periodista enviado por <em>Solidaridad Obrera<\/em> con el encargo de enviar reportajes, se haga cargo de la publicaci\u00f3n de aquel peri\u00f3dico.<\/p>\n<p>De todas maneras la organizaci\u00f3n presenta algunas deficiencias y falta de control. Es lo que pasa en el caso de Or\u00e1n. En abril de 1938 se toma la decisi\u00f3n de substituir al delegado que ya est\u00e1, Rodrigo, por Funes. El tal Rodrigo no parece ocupar ning\u00fan cargo relacionado con la CNT, ha enviado algunos informes pero su presencia en Argel tendr\u00eda m\u00e1s a ver con el gobierno central que con la central anarcosindicalista. Se crea entonces una situaci\u00f3n delicada porque Funes ha dejado su trabajo y se ha quedado sin medios econ\u00f3micos. Aun as\u00ed Funes continuar\u00e1 en la ciudad argelina y en el mes de julio informa de la posibilidad de formar un centro de informaci\u00f3n. En agosto ya se le nombra Delegado de Prensa y Propaganda para \u00c1frica del Norte y su oficina ha de centralizar toda la actividad de esa zona en contra de la voluntad de algunos grupos que parece ser que aspiraban a ocupar ellos ese puesto.[40]<\/p>\n<p>En este mes de mayo tan pleno de iniciativas, surge una nueva: se env\u00eda a Eusebio Carb\u00f3 a hacer una tarea paralela a la de la OPE[41]. Carb\u00f3 hab\u00eda de ganarse la voluntad de personajes influyentes de Par\u00eds, Explicar las intenciones de los rebeldes, todas las falsedades que se dec\u00edan y subrayar que Italia y Alemania est\u00e1n traicionando el Pacto de no intervenci\u00f3n. Para llevar a cabo esta tarea se exige que Carb\u00f3 disponga de un despacho propio separado de la Delegaci\u00f3n y un coche propio. Este proyecto es acogido de forma desigual en Par\u00eds. Mascarell enseguida estar\u00e1 de acuerdo y colaborar\u00e1 en todo lo que se le pida, incluso habr\u00e1 una reestructuraci\u00f3n de los coches disponibles de forma y manera que se pueda dar satisfacci\u00f3n a todas las necesidades, incluso a las del Comit\u00e9 Nacional que a menudo pide veh\u00edculos para el interior.<\/p>\n<p>Facundo Roca no es de la misma opini\u00f3n. Roca considera que la presencia de Carb\u00f3 no es necesaria e incluso la califica de contraproducente porque, seg\u00fan \u00e9l, no se entiende que personas de una misma organizaci\u00f3n sindical, con objetivos comunes, trabajen separados. Y es que Carb\u00f3 gozaba de la m\u00e1xima autonom\u00eda y de sus gestiones solo ten\u00eda que rendir cuentas a Pedro Herrera y a Marianet. Sin olvidar que la situaci\u00f3n econ\u00f3mica de la oficina no da para grandes alegr\u00edas hasta el punto de que se ha tenido que suspender algunos trabajos editoriales y, en agosto, ha tenido que desviar .fondos destinados a propaganda para pagar sueldos del personal. Igualmente se queja de c\u00f3mo ha llegado la informaci\u00f3n, indirectamente cuando Camilo [\u00bf] se lo pod\u00eda haber dicho en su \u00faltimo viaje. Quiz\u00e1s no sea ajeno a esta queja el desasosiego que le debi\u00f3 producir saber que el trabajo encomendado a Carb\u00f3 ten\u00eda que ver con la infancia evacuada precisamente su \u00e1rea de trabajo en la que tantos esfuerzos hab\u00eda hecho Roca. Pero era solo una \u00abtapadera\u00bb de Carb\u00f3 que oficialmente se ocupaba de la Inspecci\u00f3n de Colonias escolares. Carb\u00f3 se explica y, a\u00fan as\u00ed, a la altura de septiembre Roca no ha cambiado de opini\u00f3n ni parece dispuesto a colaborar con Carb\u00f3.<\/p>\n<p>Tres meses despu\u00e9s de que tengamos la primera notica sobre el plan, \u00e9ste todav\u00eda no se ha puesto en marcha. Justamente el 8 de setiembre Carb\u00f3 hace un borrador de lo que pretende que sea su actuaci\u00f3n que concreta en:<\/p>\n<p style=\"padding-left: 40px;\">\u00aba) Crear la posibilidad de que en una semana se publicaran, distribuidos con tacto, veinte art\u00edculos en los peri\u00f3dicos \u2013semanales y diarios\u2013 de Par\u00eds<br \/>\nb) Conseguir la garant\u00eda de que la mayor parte de esos art\u00edculos ser\u00edan reproducidos por diarios de provincias, seleccionados previamente<br \/>\nc) Fijar dos grandes carteles en el curso de la misma semana. Esos carteles, muy llamativos, hab\u00edan de conjugar perfectamente lo est\u00e9tico y lo sentimental.<br \/>\nd) Organizar un gran mitin, <span style=\"text-decoration: underline;\">sin matizaci\u00f3n pol\u00edtica<\/span>, en que intervinieran <span style=\"text-decoration: underline;\">tres mujeres<\/span> \u2013y entre ellas la duquesa de Atholl\u2013 y <span style=\"text-decoration: underline;\">tres doctores de gran renombre<\/span>. En el segundo de los dos carteles hab\u00eda de anunciarse el mitin en cuesti\u00f3n<br \/>\ne) Escribir de 2.500 a 3.000 cartas \u2013<span style=\"text-decoration: underline;\">efecto psicol\u00f3gico<\/span>\u2013, no circulares, dirigidas a personalidades de prestigio y de influencia, escogidas de antemano: alcaldes populares, directores espirituales de grupos, militantes estimados en tales o cuales sectores, etc., etc. Las circulares no son ya tomadas en consideraci\u00f3n por nadie. En cambio, las cartas, cuando son atentas y <span style=\"text-decoration: underline;\">tienen car\u00e1cter particular,<\/span> obligan <span style=\"text-decoration: underline;\">moralmente<\/span> a ocuparse del asunto de que en ellas se trata.<br \/>\nf) Muchas visitas a personalidades y organizaciones.<br \/>\nY luego, con lo hecho ya, puesto que siempre las realizaciones crean posibilidades nuevas, iniciar una campa\u00f1a a fondo en Suiza, en B\u00e9lgica, en Holanda y en Inglaterra. Las modalidades de esa campa\u00f1a, particularmente en Inglaterra y en Holanda, son distintas.\u00bb<\/p>\n<p>A continuaci\u00f3n ofrece una estimaci\u00f3n econ\u00f3mica de lo que supondr\u00eda.<\/p>\n<p>Esta es la \u00faltima carta referente a este asunto. No podemos saber qu\u00e9 alcance tuvo ni los resultados pero no es arriesgado presumir que debieron ser escasos porque estamos entrando en la \u00faltima fase de la guerra. La Batalla del Ebro ya se ha perdido y el ej\u00e9rcito de Franco avanza hacia la frontera francesa[42].<\/p>\n<p><strong>La Oficina de Londres<\/strong><\/p>\n<p>No podemos decir con absoluta seguridad en que momento se crea esta Oficina porque los documentos que hemos consultado no llevan fecha. Lo que es seguro es que debi\u00f3 ser hacia noviembre de 1936, al mismo tiempo que se encomienda a Emma Goldmann la representaci\u00f3n de la Generalitat, tal y como ocurri\u00f3 con Nemesio Galve y la Oficina de Par\u00eds.<\/p>\n<p>A Emma Goldman la Generalitat le hab\u00eda dado la representaci\u00f3n de la Consejer\u00eda de Econom\u00eda en Gran Breta\u00f1a con el encargo de organizar una exposici\u00f3n de arte catal\u00e1n y ser \u00abel s\u00edmbolo de la nueva Catalu\u00f1a\u00bb[43]. En aquel momento Joan P. F\u00e1bregas, anarquista, ocupa la Consejer\u00eda de Econom\u00eda. Hab\u00eda dos consejer\u00edas m\u00e1s ocupadas por anarquistas: Suministros, Juan J. Dom\u00e9nech, y Sanidad y Asistencia social, Antonio Garc\u00eda Birl\u00e1n. Por tanto fueron camaradas los que le hicieron el encargo confiados en el prestigio y popularidad de Emma Goldman. La misi\u00f3n se redondea con una nueva funci\u00f3n, representante de la CNT. En la carta en la que se le entrega la credencial, se explica lo que se espera de ella. Se le da plena libertad para tomar las iniciativas que sean precisas a la hora de hacer propaganda, aunque se le sugiere que trabaje para que los sindicatos ingleses env\u00eden delegaciones a observar la situaci\u00f3n de Espa\u00f1a y organizar actos en los que recoger dinero. El dinero que recoja ir\u00e1 destinado a las necesidades sanitarias que haya y lo habr\u00e1 de enviar a Barcelona.<\/p>\n<p><a href=\"https:\/\/espai-marx.net\/wp-content\/uploads\/2022\/08\/Spain_and_the_world.jpg\"><img loading=\"lazy\" decoding=\"async\" class=\"alignleft wp-image-12311\" src=\"https:\/\/espai-marx.net\/wp-content\/uploads\/2022\/08\/Spain_and_the_world.jpg\" alt=\"\" width=\"250\" height=\"359\" srcset=\"https:\/\/espai-marx.net\/wp-content\/uploads\/2022\/08\/Spain_and_the_world.jpg 640w, https:\/\/espai-marx.net\/wp-content\/uploads\/2022\/08\/Spain_and_the_world-209x300.jpg 209w\" sizes=\"auto, (max-width: 250px) 100vw, 250px\" \/><\/a>Se comprometen a subvencionar dos publicaciones, una es <em>Spain &amp; the World<\/em>, cuyo director era Vero Recchioni (Vernon Richards) y <em>Fighting Call<\/em> que correspond\u00eda al bolet\u00edn de los trabajadores espa\u00f1oles publicado conjuntamente por el Freedom Group London y el Anti-Parlamentary Communist Federation de Glasgow[44]. La comunicaci\u00f3n se har\u00e1 directamente con el Comit\u00e9 Nacional.<\/p>\n<p>Hasta mayo de 1938 no hemos encontrado documentaci\u00f3n directa de las comunicaciones entre la Oficina de Londres y el Comit\u00e9 Nacional de la CNT y el Comit\u00e9 Peninsular de la FAI. Las noticias que tenemos nos llegan a trav\u00e9s de la correspondencia privada de Emma Goldman con otras personalidades como Vero Recchioni.<\/p>\n<p>El domicilio de Goldman ser\u00e1 al mismo tiempo sede de la oficina desde agosto de 1937 hasta que vuelve de su segundo viaje a Espa\u00f1a en enero de 1938. Despu\u00e9s se traslada al 21 Frith Street, Shaftesbury Avenue. Las relaciones ser\u00e1n complicadas por el mutuo desconocimiento del idioma, las cartas habr\u00e1n de ir a Par\u00eds y all\u00ed las traducir\u00e1 Manel Mascarell hasta que en Espa\u00f1a se encuentra una persona que sabe alem\u00e1n y puede hacer la traducci\u00f3n en Barcelona, con lo que se retrasar\u00e1 mucho la comunicaci\u00f3n.[45]<\/p>\n<p>Desarrollar\u00e1 una actividad m\u00e1s que notable pese a las limitaciones econ\u00f3micas y la fr\u00eda acogida que encontrar\u00e1 en los ambientes ingleses. Desde buen principio se quejar\u00e1 de las reticencias que la causa anarquista despierta en Inglaterra. Los peri\u00f3dicos silencian la labor revolucionaria de la CNT al tiempo que se hacen eco de la actividad de los comunistas. Tampoco hay muchas personas con las que pueda contar y, las que hay, apenas son conocidas y tienen pocas aptitudes para hablar en p\u00fablico o escribir lo que limitar\u00e1 todav\u00eda m\u00e1s su actividad. As\u00ed se encuentra muchas veces con el hecho de que los comunistas se avanzan a reservar los locales m\u00e1s emblem\u00e1ticos y relevantes y pedir permisos para realizar actividades que tambi\u00e9n ha pensado Goldman, como la intenci\u00f3n que tiene de celebrar el 19 de julio en Trafalgar Square, pero llega tarde y ha de conformarse con Hyde Park, lo que le resta relevancia. Tambi\u00e9n ha de luchar con los ataques que los comunistas no cesan de dirigir a la CNT y el POUM al que, un a\u00f1o despu\u00e9s de los hechos de mayo, siguen acusando de ser un agente del fascismo e, incluso, de haber robado armas destinadas al frente y de haber organizado el golpe de mayo de 1937[46].<\/p>\n<p>La comunicaci\u00f3n con los medios oficiales de Inglaterra es mala[47]. Ni gobierno ni partidos quieren saber nada de la CNT a la que consideran responsable de haber desencadenado el caos los primeros meses de la guerra y nunca ser\u00e1 considerada un interlocutor v\u00e1lido. El \u00fanico partido que la apoya es el ILP (Independent Labour Party), en aquel momento, simpatizante de los trotskistas. Tampoco los sindicatos la reciben con simpat\u00eda. Goldman se quejar\u00e1 de que los dirigentes de las Trade Unions son inaccesibles. En algunos actos que las Unions convocan para defender la causa de la Rep\u00fablica, se le niega la palabra a favor de los comunistas y lo justifican diciendo que son ellos los principales representantes de las masas espa\u00f1olas[48]. Establece una diferencia entre dirigente y afiliados, \u00e9stos s\u00ed que quieren colaborar con la CNT y est\u00e1n dispuestos a usar la acci\u00f3n directa boicoteando los productos destinados al bando franquista, pero estas acciones son frenadas por los dirigentes.<\/p>\n<p>En mayo de 1938 Emma Goldman est\u00e1 tan desanimada que quiere abandonar su cargo y marchar a Am\u00e9rica donde est\u00e1 segura que su trabajo tendr\u00e1 mucha mejor acogida, aunque siempre est\u00e1 a disposici\u00f3n de la CNT y dispuesta a aceptar las indicaciones que reciba de Barcelona. Su primera intenci\u00f3n es ir a Estados Unidos pero all\u00ed tiene prohibida la entrada y resulta muy dif\u00edcil conseguir el permiso de entrada por eso hace gestiones para dirigirse a Canad\u00e1 y, desde all\u00ed, acceder a territorio estadounidense. La preparaci\u00f3n de la aventura ser\u00e1 larga y, antes de abandonar Europa, Goldman insiste con el Comit\u00e9 Nacional porque quiere volver a Espa\u00f1a con el argumento de que si llega a Canad\u00e1 desde Catalu\u00f1a tendr\u00e1 mucha m\u00e1s fuerza moral[49]. Las reticencias del Comit\u00e9 para autorizar su viaje son muy grandes. Est\u00e1n en plena batalla del Ebro cuya suerte aun es incierta pero que ya ha superado el \u00e9xito del factor sorpresa de las fuerzas republicanas, la vida en Barcelona cada vez es m\u00e1s dif\u00edcil, hay poca comida y miles de refugiados a los que alimentar y, sobre todo, hay la imposibilidad de asegurar la vida de Emma Goldman. Con todo, finalmente, se autorizar\u00e1 el viaje a Barcelona y de all\u00ed a Canad\u00e1. Ralph Barr ser\u00e1 el nuevo delegado, un compa\u00f1ero trabajador y honesto pero sin la capacidad ni el prestigio de Goldman.<\/p>\n<p>A pesar de estos preparativos, contin\u00faan los actos, m\u00edtines, conciertos, recogida de dinero y prepara todo un programa para el mes de agosto con tres puntos.<\/p>\n<p>1. Alquilar un cami\u00f3n y hacer un recorridos por los distintos condados pidiendo dinero para armas para la Rep\u00fablica.<br \/>\n2. Conseguir dinero con la proyecci\u00f3n de la pel\u00edcula de Louis Frank, <em>Amanecer en Espa\u00f1a<\/em>.<br \/>\n3. Publicar un bolet\u00edn con el material que le llega de la CNT de Barcelona[50]<\/p>\n<p>No ser\u00e1 posible recoger dinero con <em>Amanecer en Espa\u00f1a<\/em>. En carta de 1 de julio explica que los obst\u00e1culos con los que se ha encontrado Louis Frank, que era el \u00fanico autorizado a exhibirla, han sido insalvables y de todo tipo. Es lo mismo que ha hecho el gobierno franc\u00e9s y que completa la censura espa\u00f1ola. No sabemos si los otros puntos del programa se llegaron a cumplir, la correspondencia encontrada acaba abruptamente a principios de septiembre de 1938.<\/p>\n<p><strong>CONCLUSIONES<\/strong><\/p>\n<p>Creemos que, aunque todav\u00eda sea incompleto, tenemos bastantes datos para afirmar que el esfuerzo hecho por la CNT para conseguir una proyecci\u00f3n internacional en los a\u00f1os de guerra y al tiempo que trabajaba a favor de a causa republicana, fue extraordinario. Un esfuerzo tanto o m\u00e1s remarcable si consideramos el hecho de que no ten\u00eda ning\u00fan tipo de soporte oficial al otro lado de la fronteras por el mismo car\u00e1cter de debilidad que ten\u00eda el anarquismo internacional frente a ideolog\u00edas mucho m\u00e1s fuertes en este aspecto como era el comunismo, que contaba con el respaldo de la Uni\u00f3n Sovi\u00e9tica y que, adem\u00e1s, sus ideas hab\u00edan ganado prestigio de forma extraordinaria entre los trabajadores despu\u00e9s de la Revoluci\u00f3n de 1917. En consecuencia hubo de partir pr\u00e1cticamente de cero y contar \u00fanicamente con la ayuda que recib\u00eda a t\u00edtulo personal de otros anarquistas y simpatizantes. Hubieron, es verdad, sindicatos fuertes como el S.A.C. de Suecia, y el D.A.S., alem\u00e1n, si bien el D.A.S. al principio tuvo un papel muy activo pero despu\u00e9s fue perjudicial para la CNT sin que tengamos indicios de cu\u00e1les fueron las causas porque, como ya se ha dicho a lo largo del trabajo, marchan precipitadamente y en circunstancias que no hemos podido esclarecer.<\/p>\n<p>El S.A.C. por su parte, mantuvo en todo momento una actitud generosa y desinteresada que pocas veces queda recogida en la correspondencia, aunque s\u00ed se reflejan los ingresos que se hacen a la caja de la Confederaci\u00f3n. Igual de generosa fue la CGTSR, fundada en 1926 por Pierre Besnard por m\u00e1s que su afiliaci\u00f3n quedaba muy lejos de la que ten\u00eda la CGT.<\/p>\n<p>Apenas pudieron contar con gobiernos y organismo oficiales. Como es bien sabido los aliados manten\u00edan una pol\u00edtica de no enfrentamiento con Alemania e Italia (ya qued\u00f3 muy claro en el mismo 1936 con la invasi\u00f3n de Abisinia por parte de Italia) que iba hasta el consentimiento. En este contexto ya de por s\u00ed poco favorable al gobierno legal, la revoluci\u00f3n de los primeros momentos en Barcelona y en Catalu\u00f1a, en particular, pero tambi\u00e9n en otros lugares de Espa\u00f1a con importante presencia anarquista, fueron muy mal digeridos por los gobiernos europeos. Las noticias que pronto llegan de asesinatos, especialmente de religiosos, y de colectivizaciones no eran la mejor tarjeta de presentaci\u00f3n de la CNT que, pronto, queda identificada como una organizaci\u00f3n de marginados, violentos y groseros, sin olvidar el peso del recuerdo que hab\u00eda dejado la \u00e9poca de la \u00abpropaganda por la acci\u00f3n\u00bb de finales del siglo XIX. La misma organizaci\u00f3n cenetista descentralizada, que ofrec\u00eda pocas garant\u00edas de que los acuerdos tomados por sus dirigentes iban a ser respetados, era una barrera para negociar con unas autoridades (inglesas y francesas) preocupadas por los intereses econ\u00f3micos de sus empresas amenazadas por el peligro de ser colectivizadas y, casos como el de la Telef\u00f3nica, entre otros, hac\u00edan que fueran percibidos como un peligro muy inmediato para sus intereses econ\u00f3micos. La opci\u00f3n del PCE, mucho m\u00e1s organizado, totalmente disciplinado, ofrec\u00eda, pese a la diferencia ideol\u00f3gica y el peligro que, a la larga, supon\u00eda para los intereses econ\u00f3micos, era mucho m\u00e1s atractiva porque, al menos, se sab\u00eda con quien hablar y hab\u00eda una garant\u00eda de que los acuerdos ser\u00edan respetados.<\/p>\n<p>La evoluci\u00f3n de la CNT a medida que la guerra avanza, sus \u00abclaudicaciones\u00bb ante el Partido Comunista, fueron mal comprendidas por un importante n\u00famero de anarquistas y simpatizantes. El cambio radical en la organizaci\u00f3n social y econ\u00f3mica en Barcelona y Catalu\u00f1a, que anunciaban las primeras semanas despu\u00e9s del 19 de julio, desencadenaron el entusiasmo de unos militantes que ya hab\u00edan visto como una revoluci\u00f3n consolidada, la de Rusia, hab\u00eda venido a ser uno de sus mayores fracasos. Incapaces de mantener el control y de enfrentarse al partido bolchevique, hab\u00edan sido expulsados y perseguidos en el preciso momento en que sus ideales de conseguir una sociedad sin clases estaba a punto de cumplirse. Catalu\u00f1a era su segunda oportunidad, y ten\u00edan claro que su apuesta hab\u00eda de ser Catalu\u00f1a y no el resto de Espa\u00f1a. Adem\u00e1s, \u00ablos suyos\u00bb ten\u00edan el poder, no pod\u00eda fallar nada. De ah\u00ed la inmensa decepci\u00f3n, especialmente cuando se empieza a hablar de \u00abmando \u00fanico\u00bb a principios de 1937 de una forma poco expl\u00edcita que impide distinguir si se est\u00e1 pensando en el concepto de \u00abmando \u00fanico\u00bb que predica el PCE, o es una nueva forma que har\u00eda referencia solo a las fuerzas anarquistas, como ped\u00eda Camilo Berneri desde las p\u00e1ginas de <em>Guerra di Classe<\/em>. Los \u00abhecho de mayo\u00bb culminar\u00e1n este proceso en que la decepci\u00f3n se iba instalando cada vez m\u00e1s entre muchos anarquistas. Las contradicciones internas de la CNT que se viven en estos meses, llevan a la divisi\u00f3n de las otras organizaciones anarquistas contribuyendo todav\u00eda m\u00e1s al desconcierto de lo que podr\u00edamos llamar el \u00abhombre de la calle\u00bb, al tiempo que estas divisiones disminu\u00eda el ya de por s\u00ed escaso cr\u00e9dito de la CNT ante autoridades de otros pa\u00edses.<\/p>\n<p>Por \u00faltimo hay que contar con las mismas condiciones internas de la CNT, lo que tanto Emma Goldman como Helmut R\u00fcdiger calificaron de ingenuidad. Sus dirigentes ten\u00edan poca formaci\u00f3n, la inmensa mayor\u00eda son autodidactas y muchos no han pasado ni por la escuela. Carec\u00edan de experiencia fuera de la esfera sindical por voluntad propia y convicci\u00f3n ideol\u00f3gica. Desconoc\u00edan los entramados y las puertas a las que hay que llamar a la hora de ser escuchados, algo parad\u00f3jico si tenemos en cuenta la tradici\u00f3n que existe de participaci\u00f3n en organizaciones internacionales casi desde el mismo momento de la fundaci\u00f3n de la I\u00aa Internacional. La situaci\u00f3n es paralela a la que vive la propia Rep\u00fablica, ingenua e inexperta que ser\u00e1 diversas veces estafada a la hora de conseguir armas y munici\u00f3n, entre otros suministros. Despu\u00e9s de 1937 tendr\u00e1n el enemigo dentro de casa como lo demuestra la necesidad que tienen de recurrir a la clandestinidad, en la que s\u00ed son maestros por a\u00f1os y a\u00f1os de ilegalidad, para poder pasar material de propaganda por la frontera porque los permisos le son negados, lo que significa que ni tan siquiera se hac\u00edan escuchar dentro del pa\u00eds. Lo que sorprende es que ante tan sinn\u00famero de dificultades pudieran establecer la red internacional que fueron capaces de crear.<\/p>\n<p><strong>BIBLIOGRAF\u00cdA<\/strong><\/p>\n<p><strong>Libros<\/strong><\/p>\n<p>BORKENAU, Franz: <em>El re\u00f1idero espa\u00f1ol<\/em>; Madrid, 2010; Editorial Planeta; Colecci\u00f3n: Backlist<\/p>\n<p>BRODIE, Morris: <em>Transatlantic Anarchism during the Spanish Civil War and Revolutions, 1936-1939, Fury over Spain<\/em>, Routledge, 2020<\/p>\n<p>CARB\u00d3, Margarita: <em>Eusebi Carb\u00f3 i Carb\u00f3. Vida i militancia. Un anarquista al servei de la Generalitat de Catalunya<\/em>; Valls, 2014; Cosset\u00e0nia Edicions<\/p>\n<p>ENZENSBERGER, Hans Magnus: <em>El corto verano de la anarqu\u00eda. Vida y muerte de Durruti<\/em>; Barcelona 1998; Ed. Anagrama; Colecci\u00f3n Compactos, 274; Traducci\u00f3n de Julio Forcat y Ulrike Hartmann<\/p>\n<p>FABREGAS, Joan P.: <em>80 dies en el Govern de la Generalitat. El que vaig fer i el que no em deixaren fer<\/em>, Barcelona, 1937. Librer\u00eda Bosch<\/p>\n<p>HERRER\u00cdN, \u00c1ngel: <em>Camino a la anarqu\u00eda. La CNT en tiempos de la Segunda Rep\u00fablica<\/em>; Madrid, Siglo XXI, 2019<\/p>\n<p>PORTER, David Ed.: <em>Visi\u00f3n en llamas. Emma Goldman sobre la Revoluci\u00f3n espa\u00f1ola<\/em>, Barcelona 2006; Ed. El Viejo Topo<\/p>\n<p>RICHARDS, Vernon: <em>Ense\u00f1anzas de la revoluci\u00f3n espa\u00f1ola<\/em>, Madrid, 1977. Ed. Campo abierto ediciones<\/p>\n<p>SA\u00d1A, Heleno: <em>La revoluci\u00f3n libertaria. Los anarquistas en la Guerra Civil espa\u00f1ola<\/em>; Pamplona, 2010; Editorial Laetoli<\/p>\n<p>SOUCHY, Augustin: <em>L\u2019oeuvre constructive de la R\u00e9volution Espagnole. Recueil de documents \u00e9dit\u00e9s par la C.N.T. et la F.AI. en 1937<\/em>; Coeuvres-et Valsery; 2008; Ed. Ressouvenances (facs\u00edmil)<\/p>\n<p>VADILLO, Juli\u00e1n: <em>Historia de la CNT. Utop\u00eda, pragmatismo y revoluci\u00f3n<\/em>; Madrid; \u201cLos Libros de la Catarata\u201d, 2019<\/p>\n<p>VI\u00d1AS, \u00c1ngel: <em>La soledad de la Rep\u00fablica. El abandono de las democracias y el viraje hacia la Uni\u00f3n Sovi\u00e9tica<\/em>; Madrid, abril 2010; Ed. Cr\u00edtica<\/p>\n<p><strong>Art\u00edculos<\/strong><\/p>\n<p>CARO-MORENTE, Jaime: \u00abInternacionalismo obrero: experiencias del sindicalismo internacional (1888-1986)\u00bb 2019, <em>Internacionalismo obrero: experiencias del sindicalismo internacional (1888-1986)<\/em> en <a href=\"https:\/\/www.academia.edu\/39891753\/Internacionalismo_obrero_experiencias_del_sindicalismo_internacional_1888_1986\">https:\/\/www.academia.edu\/39891753\/Internacionalismo_obrero_experiencias_del_sindicalismo_internacional_1888_1986<\/a><\/p>\n<p>IOANNOU, Gregory: \u00abBritish Anarchism and the Spanish Civil War\u00bb; London, 2003. En<\/p>\n<p><a href=\"http:\/\/nekatomata.blogspot.com\/2006\/11\/british-anarchism-and-spanish-civil-war.html\">http:\/\/nekatomata.blogspot.com\/2006\/11\/british-anarchism-and-spanish-civil-war.html<\/a><\/p>\n<p><strong>Notas<\/strong><\/p>\n<p>[1] Carta de Emma Goldman a Rudolf Rocker, fechada en Londres el 9 febrero 1937. en IISG. Fondo Rudolf Rocker, carpeta 99<br \/>\n[2] Carta de Emma Goldman a Mr. Thomas H. Bell, datada a Londres el 8 marzo 1937. IISG. Fondo Rudolf Rocker, carpeta 99<br \/>\n[3] Carta de Emma Goldman a Rudolf Rocker datada a Londres el 4 mayo 1937. En IISG. Fondo Rudolf Rocker, carpeta 99<br \/>\n[4] GODICHEAU, Fran\u00e7ois: \u00abLos hechos de mayo de 1937 y los primeros &#8216;presos antifascistas&#8217;: Identificaci\u00f3n de un fen\u00f3meno represivo\u00bb en <em>Historia Social<\/em>; n\u00ba 55; diciembre 2002; p\u00e1gs. 39-63<br \/>\n[5] <em>Spanish Revolution<\/em> empez\u00f3 a publicarse en NuevaYork en agosto de 1936 por las organizaciones libertarias americanas unidas alrededor de este proyecto por el anarquista Maximo Olay. Dej\u00f3 de publicarse en mayo de 1938.<br \/>\n[6] Carta de Pedro Herrera y Mariano R. V\u00e1zquez dirigida a Mart\u00edn Gudell, fechada en Barcelona el 16 mayo 1938. En IISG. Archivo de la CNT, paquete 66C<br \/>\n[7] Cartas de Emma Goldman a Rudolf Rocker, de 4 de mayo y de Vero Recchioni (m\u00e1s tarde Vernon Richards) a Max Nettlau de 26 de julio 1937. En IISG. Fondo Max Nettlau. En esta carta Recchioni contesta otra de Nettlau de 19 de julio en la que parece haber rechazado las criticas que Recchioni hace a Federica Montseny.<br \/>\n[8] Hay muchos trabajos que estudian exhaustivamente los \u00abhechos de mayo\u00bb, con marcada diferencia en sus enfoques, entre otros: AISA, Ferran: <em>Contrarevoluci\u00f3. Els Fets de Maig de 1937<\/em>; Barcelona, marzo 2007; Ed. Ediciones de 1984 i GALLEGO, Ferran: <em>Barcelona, mayo de 1937. La crisis del antifascismo en Catalu\u00f1a<\/em>; Barcelona, abril 2007; Ed. Random House Mondadori; Col. Debate.<br \/>\n[9] La carta, muy extensa, hace un recorrido por un amplio abanico de temas, desde la situaci\u00f3n en Marruecos a las posibles intenciones de Gran Breta\u00f1a y Francia. La parte m\u00e1s cr\u00edtica es aquella en la que pide que los anarquistas cambien de pol\u00edtica porque la guerra ha dejado de ser una guerra revolucionaria y considera que Federica Montseny habr\u00eda de dejar el gobierno porque seria m\u00e1s \u00fatil fuera. Tambi\u00e9n hace referencia al silencio de la prensa anarquista ante los cr\u00edmenes de Stalin y acaba la carta diciendo que en Catalunya ja ha empezado la limpieza de elementos trotskistas i anarquistas.: \u00abCarta abierta a la compa\u00f1era Federica Montseny\u00bb; <em>Guerra di Classe<\/em>; n\u00ba 12; 14 abril 1937. Recogida en el libro BERNERI, Camilo: <em>Guerra de clases en Espa\u00f1a<\/em>; Barcelona, 1977. Edici\u00f3n a cargo de Carlos Rama.<br \/>\n[9] \u00ab<em>The speeches delivered by Federica and Oliver left me speechless. I felt however obliged to publish them, and without adding any personal comment (that will be done later however) What has come over them? Federicas [sic] speech reminds me of the speechs which our politicians so ably deliver in Parliament: \u2018a lot about nothing\u2019. She has shirked the actual question; she has avoided dealing with May incidents in which our dear comrade Berneri was so brutally assassinated<\/em>\u00bb. Carta de Vero Recchioni a Max Nettlau datada el 16 juliol 1937. En IISG. Fondo Max Nettlau.<br \/>\nCuriosamente no hay ninguna menci\u00f3n a los otros ministros anarquistas del gobierno, Joan Peir\u00f3 y Juan L\u00f3pez. Son ignorados, algo com\u00fan tambi\u00e9n a otros trabajos sobre lo ocurrido despu\u00e9s de los hechos de mayo, como si no existieran en lo que interpretamos como una identificaci\u00f3n de la FAI con la CNT por parte de los anarquistas europeos que considerar\u00edan la FAI coma el \u00fanico sector decisivo y con peso dentro de la Confederaci\u00f3n, los aut\u00e9nticos dirigentes de las masas.<br \/>\n[10] <em>Solidaridad Obrera<\/em> en su n\u00ba 1583 de 8 mayo 1937, publica una lista de las bajas habidas en los d\u00edas de lucha y no figura ning\u00fan extranjero.<br \/>\n[11] Camilo Berneri fue detenido en su domicilio junto al tambi\u00e9n anarquista italiano Barbieri y al d\u00eda siguiente ambos aparecieron muertos con tiros en la nuca, Berneri delante de la Generalidad y Barbieri en las Ramblas.<br \/>\n[12] Carta de Emma Goldman a Rudolf Rocker fechada en Londres el 14 mayo 1937. en IISG. Fondo Rudolf Rocker, carpeta 99.<br \/>\n[13] Carta de Emma Goldman al Comit\u00e9 Nacional de la CNT y el Comit\u00e9 Peninsular de la FAI fechada en Londres el 9 junio 1938. En IISG. Archivo de la CNT, paquete 66C.<br \/>\n[14] El 4 de octubre de 1936 ya se publica en el DOG la creaci\u00f3n de la \u00abOficina de Propaganda Econ\u00f3mico-Social y Turismo\u00bb. En aquel momento era Conseller d\u2019Economia Joan P. Frabregas quien tambi\u00e9n nombra a Pedro Herrera vocal del Consell d\u2019Economia el 20 del mismo mes y posteriormente Presidente de la Junta de Comercio Exterior ( 13\/11\/1936). Informaci\u00f3n en FABREGAS, Joan P.: <em>80 dies en el Govern de la Generalitat. El que vaig fer i el que no em deixaren fer<\/em>, Barcelona, 1937. P\u00e1gs. 134, 136 y 138<br \/>\n[15] R\u00dcDIGER, Helmut: \u00abInforme del Secretariado de Barcelona para el Congreso de l\u2019AIT en Par\u00eds\u00bb; 7 diciembre 1937. En IISG; Fondos Rudolf Rocker, arxiu 531<br \/>\n[16] Emma Goldman escribe: \u00ab<em>The Spanish comrades are so naive and if any one speaks their language even badly they put all their faith in them<\/em>\u00bb. Carta incompleta, falta el principio. Muy posiblemente est\u00e9 dirigida a Rudolf Rocker y la fecha ha de ser de octubre o noviembre de 1936. IISG. Fondo Rudolf Rocker; fichero 99<br \/>\n[17] \u00abInforme de la FAI. Oficina de Propaganda exterior CNT-FAI\u00bb. Sin fecha en IISG. Papeles de la CNT. Carpeta ARCH00293.<br \/>\nAgoust\u00edn Souchy se encontraba en Espa\u00f1a en el momento del golpe de estado. Seg\u00fan \u00e9l mismo dice en su memorias, hab\u00eda llegado el d\u00eda 10 invitado por la FAI para hacer un discurso en una manifestaci\u00f3n que ya se preparaba por los insistentes rumores que hab\u00edan de golpe de estado inminente en <a href=\"https:\/\/libcom.org\/article\/1936-1939-spanish-civil-war-augustin-souchy\">https:\/\/libcom.org\/article\/1936-1939-spanish-civil-war-augustin-souchy<\/a>. Consultado el 8 agosto 2022<br \/>\n[18] \u00abInforme de la FAI. Oficina de Propaganda exterior CNT-FAI\u00bb. Sin fecha en IISG. Papeles de la CNT. Carpeta ARCH00293.<br \/>\n[19] \u00abInforme sobre el proyecto de las oficinas de propaganda\u00bb de Joaqu\u00edn Cort\u00e9s, s\/f. En IISG. Papeles de la CNT, Carpeta ARCH00293.<br \/>\n[20] En realidad hay 2 esquemas, uno impreso y el que ofrecemos, un borrador que parece mucho m\u00e1s completo y expl\u00edcito.<br \/>\n[21] Mart\u00edn Gudell era en realidad Martynas Gudelis. Hab\u00eda nacido en Nueva York pero era de origen lituano. Anarquista, ya viv\u00eda en Barcelona desde 1932.<br \/>\n[22] Manel Mascarell era un trabajador del vidrio de Les Corts y anarquista. Conoci\u00f3 a Joan Peir\u00f3 cuando este fue condenado a trasladarse a ese barrio barcelon\u00e9s. Cuando Peir\u00f3 volvi\u00f3 a Matar\u00f3, Mascarell le sigui\u00f3 convertido ya en su mano derecha.<br \/>\n[23] Esta decepci\u00f3n de Emma Goldman tambi\u00e9n la sienten personas que trabajan con ella como Vero Recchioni quien se la transmite por carta a Max Nettlau: \u00ab<em>I know her work [Emma Goldman\u2019s] we have done [sic] is negligible, but then you know what is like in this country<\/em>\u00bb y continua una autocr\u00edtica \u00ab<em>Our real drawback is that we have no really capable writers and speakers<\/em>\u00bb. Carta de Vero Recchioni a Max Nettlau fechada el 26 de julio de 1937. IISG. Fondo Max Nettlau.<br \/>\n[24] Son publicaciones de las que he encontrado alguna prueba de recibir dinero de la CNT, ya sea una aportaci\u00f3n puntual o m\u00e1s regular.<br \/>\n[25] Carta del 17 de abril de 1938 de la Oficina de Relaciones Exteriores dirigida a Mariano R. V\u00e1zquez y Pedro Herrera. El motivo de la misma es la publicaci\u00f3n del libro, <em>El nazismo al desnudo<\/em> y Mart\u00edn Gudell dice que era una iniciativa de Souchy. Por otro lado seg\u00fan \u00abEl estado de cuentas\u00bb que la Oficina presenta el mes de enero, relativo a los meses de noviembre y diciembre, se ve que Souchy ha cobrado un sueldo hasta el \u00faltimo d\u00eda de diciembre. Ambos dos documentos en el IISG. Archivo CNT , Paquete 66C<br \/>\n[26] Podr\u00edamos extendernos en consideraciones alrededor de este hecho pero no tenemos espacio.<br \/>\n[27] Carta de Mart\u00ed G\u00fcdell al Comit\u00e9 Nacional de 23 de mayo de 1938. En IISG. Archivo de la CNT. Paquete 66C.<br \/>\n[28] DAS (Deutschen Anarcho-Syndicalisten)<br \/>\n[29] Toda esta informaci\u00f3n se encuentra en la carta de Mart\u00edn Gudell al Secretario del Comit\u00e9 Nacional de la CNT, Mariano R. V\u00e1zquez fechada en Barcelona el 17 abril 1938. En IISG. Archivo de la CNT. Paquete 66C.<br \/>\n[30] La copia que hemos consultado corresponde a esta segunda edici\u00f3n. En el Pavell\u00f3 de la Rep\u00fablica.<br \/>\n[31] Carta de Mart\u00ed Gudell al Comit\u00e9 Nacional de 16 abril 1938. En IISG. Archivo de la CNT. Paquete 66C<br \/>\n[32] El 15 de abril Mart\u00ed Gudell ya informa al Comit\u00e9 Nacional que se han pedido las siguientes copias:<br \/>\nJohn Anderson de la S.A.C. de Suecia, 2 copias<br \/>\nFr\u00e9d\u00e9ric Garrec del Comit\u00e9 Nacional de la Federaci\u00f3n de Comit\u00e9s Espa\u00f1oles<br \/>\nde Acci\u00f3n Antifascista de Perpi\u00f1\u00e1n, 1 copia<br \/>\nEmma Goldman de Gran Breta\u00f1a, 1 copia<br \/>\nMaximiliano Olay de Estados Unidos, 2 copias<br \/>\nManso, de Argentina, 1 copia<br \/>\nHeredia, de Chile, 1 copia<br \/>\n[33] En la ficha que aparece en p\u00e1gina que la CNT tiene sobre \u00abCine y Anarquismo\u00bb figura como productor de la pel\u00edcula la S.I.A., pero el control de les gastos se llevo desde la OPE, como demuestra la correspondencia que hemos encontrado. Adem\u00e1s la Secci\u00f3n Francesa de la S.I.A. se compromete a pagar 12.000 fr. en tres plazos por la pel\u00edcula [Carta de 1 setiembre 1938 de la S.I.A., Secci\u00f3n francesa al Comit\u00e9 Nacional de la CNT. En IISG de \u00c1msterdam. Archivo de la CNT]<br \/>\n[34] Carta de 28 junio 1938 dirigida por Mart\u00edn Gudell al Comit\u00e9 Nacional. En IISG. Archivo de la CNT. Paquete 66C.<br \/>\n[35] La copia de la carta enviada per la censura francesa pide<br \/>\n\u00abSuprimir<br \/>\n1\u00ba De una manera general todas las <span style=\"text-decoration: underline;\">visiones de cad\u00e1veres<\/span><br \/>\n2\u00ba Las frases \u00ab<span style=\"text-decoration: underline;\">Aun aquellos llamados a prodigar consuleos<\/span> [sic]\u00bb etc&#8230;hasta y comprendido \u00ab<span style=\"text-decoration: underline;\">Los generales traidores a conspirar contra el gobierno leg\u00edtimo del pueblo espa\u00f1ol<\/span>\u00bb, as\u00ed como las im\u00e1genes referentes a estos.<br \/>\n3\u00ba <span style=\"text-decoration: underline;\">La vista del cura con su fusil<\/span>.<br \/>\n4\u00ba Despu\u00e9s de \u00abpacto de no intervenci\u00f3n\u00bb, las palabras: \u00ab<span style=\"text-decoration: underline;\">el m\u00e1s formidable enemigo de la Rep\u00fablica<\/span>\u00bb.<br \/>\n5\u00ba La frase: \u00ab<span style=\"text-decoration: underline;\">que deber\u00e1n equilibrar el suministro que los arsenales germanos-italianos hacen a los facciosos espa\u00f1oles<\/span>\u00bb. etc.<br \/>\n6\u00ba La frase, \u00ab<span style=\"text-decoration: underline;\">Para los nefastos generales y sus aliados extranjeros<\/span>\u00bb etc.<br \/>\n7\u00ba las palabras, \u00ab<span style=\"text-decoration: underline;\">en su m\u00e1s s\u00e1dica empresa que constituye<\/span>\u00bb, etc&#8230;\u00bb<br \/>\nCopia que acompa\u00f1a la carta que Mart\u00ed Gudell dirige a V\u00e1zquez y Herrera el 17 junio 1938, desde Barcelona. En IISG, archivo de la CNT. Paquete 66C<br \/>\n[36] Carta de Mart\u00ed G\u00fcdell al Comit\u00e9 Nacional de 11 enero 1938. En IISG, archivo de la CNT, paquete 66 C.<br \/>\n[37] Carta del Comit\u00e9 Nacional a Mart\u00ed G\u00fcdell de 13 enero 1938 y comunicado de \u00e9ste al Comit\u00e9 del 18 enero 1938. Todo en IISG. Archivo de la CNT. Paquete 66C.<br \/>\n[38] Las informaciones de Galve en sus cartas de 16 junio 1938 y 4 julio del mismo a\u00f1o. Ambas fechadas en Bruselas. La respuesta del Comit\u00e9 en la carta de 18 julio 1938. Todas en IISG de \u00c1msterdam, Archivo de la CNT.<br \/>\n[39] Carta del 17 mayo 1938 de Manel Mascarell a M. R. V\u00e1zquez. En IISG de \u00c1msterdam, Archivo de la CNT.<br \/>\n[40] Cartas de Mascarell a M.R. V\u00e1zquez de 30 abril 1938, 22 julio 1938, 26 agosto 1938 y 17 setiembre 1938 y carta de P. Herrera y M. R. V\u00e1zquez a la Oficina de Propaganda Exterior de la CNT-FAI en Francia de 15 julio 1938. Todo en el IISG de \u00c1msterdam, Archivo de la CNT.<br \/>\n[41] Estas delegaciones extra oficiales no fueron excepcionales. El a\u00f1o 37 Germinal Esgleas fue enviado tambi\u00e9n a Par\u00eds y tambi\u00e9n en una misi\u00f3n secreta que le mantuvo alejado de Catalu\u00f1a durante bastantes meses y de la que no se sabe nada, ni tan solo su mujer, Federica Montseny, que en aquel momento era Ministro de Sanidad.<br \/>\n[42] En 2014 su nieta Margarita Carb\u00f3 public\u00f3 unos diarios de Carb\u00f3 que acaban exactamente el 21 de enero de 1938, casi medio a\u00f1o antes de que llegara a la Oficina de Par\u00eds. CARB\u00d3, Margarita <em>Eusebi Carb\u00f3 i Carb\u00f3. Vida i Milit\u00e0ncia. Un anarquista al servei de la Generalitat de Catalunya<\/em>. Lo que s\u00ed demuestran estos diarios es la estrecha relaci\u00f3n que hubo entre la CNT y la Generalidad. En \u00abEl llibre d\u2019Or de la Generalitat\u00bb se pueden encontrar las cantidades que la Generalitat pag\u00f3 a Carb\u00f3.<br \/>\n[43] La informaci\u00f3n se encuentra en una carta firmada por Emma Goldman pero de la que falta el principio, no hay por tanto nombre del destinatario ni fecha si bien suponemos que el destinatario era Rudolf Rocker. En IISG. Fondo Rudolf Rocker, carpeta 99.<br \/>\nPor el dietario de Carb\u00f3 citado m\u00e1s arriba, sabemos que tambi\u00e9n se le hace a \u00e9l el mismo encargo en Norteam\u00e9rica.<br \/>\n[44] Copia de la carta dirigida a Emma Goldman por el Secretariado del Comit\u00e9 Nacional, sin fecha. En IISG. Fondo Rudolf Rocker, carpeta 541.<br \/>\n[45] La correspondencia de Goldman que se guarda en el IISG de \u00c1msterdam, demuestra que al principio estuvo en la sede de la Generalitat pero que, ante la inactividad de \u00e9sta, acaba separ\u00e1ndose. Por otro lado no entendemos la necesidad de traductora del alem\u00e1n puesto que Goldman escribe mucha de sus correspondencia en ingl\u00e9s.<br \/>\n[46] Carta de Emma Goldman al Comit\u00e9 Nacional de la CNT y el Comit\u00e9 Peninsular de la FAI, fechada en Londres el 5 mayo 1938. En IISG. Archivo de la CNT, paquete 66 C.<br \/>\n[47] Pensamos que no est\u00e1 de m\u00e1s recordar aqu\u00ed las dificultades que tuvo el mism\u00edsimo embajador de la Rep\u00fablica, Pablo de Azc\u00e1rate, para acceder a seg\u00fan qu\u00e9 medios y personajes ingleses, a pesar de todo su prestigio y la representaci\u00f3n que ostentaba.<br \/>\n[48] \u00cddem fecha 19 mayo 1938<br \/>\n[49] Carta de Emma Goldman al Comit\u00e9 Nacional de la CNT y el Comit\u00e9 Peninsular de la FAI, datada a Londres, 4 julio 1938. En IISG. Archivo de la CNT, paquete 66C.<br \/>\n[50] Carta de Emma Goldman al Comit\u00e9 Nacional de la CNT y el Comit\u00e9 Peninsular de la FAI, fechada en Londres, 9 junio 1938. En IISG. Archivo de la CNT, paquete 66C.<\/p>\n","protected":false},"excerpt":{"rendered":"<p>Este trabajo cont\u00f3 con la ayuda de una beca de la Consejer\u00eda de Presidencia para investigar en el IISG de<\/p>\n","protected":false},"author":5,"featured_media":12314,"comment_status":"open","ping_status":"open","sticky":false,"template":"","format":"standard","meta":{"footnotes":""},"categories":[1551,20,17,22],"tags":[],"class_list":["post-12304","post","type-post","status-publish","format-standard","has-post-thumbnail","hentry","category-anarquismo","category-guerra-civil-espanola","category-historia","category-historia-del-movimiento-y-de-la-clase-obrera"],"aioseo_notices":[],"_links":{"self":[{"href":"https:\/\/espai-marx.net\/index.php?rest_route=\/wp\/v2\/posts\/12304","targetHints":{"allow":["GET"]}}],"collection":[{"href":"https:\/\/espai-marx.net\/index.php?rest_route=\/wp\/v2\/posts"}],"about":[{"href":"https:\/\/espai-marx.net\/index.php?rest_route=\/wp\/v2\/types\/post"}],"author":[{"embeddable":true,"href":"https:\/\/espai-marx.net\/index.php?rest_route=\/wp\/v2\/users\/5"}],"replies":[{"embeddable":true,"href":"https:\/\/espai-marx.net\/index.php?rest_route=%2Fwp%2Fv2%2Fcomments&post=12304"}],"version-history":[{"count":0,"href":"https:\/\/espai-marx.net\/index.php?rest_route=\/wp\/v2\/posts\/12304\/revisions"}],"wp:featuredmedia":[{"embeddable":true,"href":"https:\/\/espai-marx.net\/index.php?rest_route=\/wp\/v2\/media\/12314"}],"wp:attachment":[{"href":"https:\/\/espai-marx.net\/index.php?rest_route=%2Fwp%2Fv2%2Fmedia&parent=12304"}],"wp:term":[{"taxonomy":"category","embeddable":true,"href":"https:\/\/espai-marx.net\/index.php?rest_route=%2Fwp%2Fv2%2Fcategories&post=12304"},{"taxonomy":"post_tag","embeddable":true,"href":"https:\/\/espai-marx.net\/index.php?rest_route=%2Fwp%2Fv2%2Ftags&post=12304"}],"curies":[{"name":"wp","href":"https:\/\/api.w.org\/{rel}","templated":true}]}}