{"id":12369,"date":"2022-09-01T05:00:29","date_gmt":"2022-09-01T04:00:29","guid":{"rendered":"https:\/\/espai-marx.net\/?p=12369"},"modified":"2022-09-01T03:04:40","modified_gmt":"2022-09-01T02:04:40","slug":"entrevista-a-nikolai-leonov-la-vida-que-ha-quedado-atras","status":"publish","type":"post","link":"https:\/\/espai-marx.net\/?p=12369","title":{"rendered":"Entrevista a Nikolai Leonov: <i>La vida que ha quedado atr\u00e1s<\/i>"},"content":{"rendered":"<p>Hace unas semanas <a href=\"https:\/\/espai-marx.net\/?p=12281\">publicamos un v\u00eddeo<\/a> en memoria de Nikolai Sergeyevich Leonov, teniente general del KGB y \u00faltimo jefe de su departamento anal\u00edtico, fallecido en abril de 2022. Leonov era un gran conocedor de la realidad latinoamericana a ra\u00edz de su encuentro en los a\u00f1os 50 con los hermanos Castro, con los que mantendr\u00eda contacto a lo largo de muchos a\u00f1os. El v\u00eddeo recog\u00eda una entrevista a Leonov con motivo de la publicaci\u00f3n de su libro <em>Ra\u00fal Castro, un Hombre en Revoluci\u00f3n.<\/em><\/p>\n<p>Queremos ofrecer ahora otra entrevista al militar sovi\u00e9tico. En concreto, la \u00faltima parte del documental cubano sobre su figura <em>La vida que ha quedado atr\u00e1s<\/em>, dirigido por Manuel P\u00e9rez Paredes. La entrevista fue realizada en abril-mayo de 2012 y el fragmento del documental fue retransmitido en dos partes por la televisi\u00f3n cubana en su programa <em>Mesa redonda<\/em> en 2021. En este fragmento, podemos destacar que Leonov nos cuenta sus impresiones sobre la ca\u00edda de la Uni\u00f3n Sovi\u00e9tica, tema de gran actualidad estos d\u00edas por el fallecimiento de Mijail Gorbachov.<\/p>\n<p>Desgraciadamente, la \u00fanica copia que hemos podido encontrar no permite incluir el v\u00eddeo directamente en esta entrada. Adem\u00e1s, parece ser una grabaci\u00f3n en directo de la televisi\u00f3n, por lo que se incluyen al principio y al final partes de otros programas que nada tienen que ver con la entrevista. Adem\u00e1s, la presentaci\u00f3n inicial del programa, antes de la entrevista en s\u00ed, qued\u00f3 cortada por problemas de conexi\u00f3n. A pesar de todas estas salvedades, creemos que es un documental que puede resultar de gran inter\u00e9s por el conocimiento y agudeza de la visi\u00f3n de los acontecimientos narrados por Leonov. Para ver pues esta segunda part del documental no hay m\u00e1s que seguir el enlace: <a href=\"https:\/\/www.facebook.com\/PresidenciaDeCuba\/videos\/606253667406263\/\">https:\/\/www.facebook.com\/PresidenciaDeCuba\/videos\/606253667406263\/. <\/a>Para ir directamente al inicio del programa hay que saltar al minuto 5:47, y la entrevista termina en el minuto 1:14:52.<\/p>\n<p>La primera parte del documental, de otra hora y media, se puede ver en este enlace de Twitter: <a href=\"https:\/\/twitter.com\/i\/broadcasts\/1BRJjnpeMmNJw\">https:\/\/twitter.com\/i\/broadcasts\/1BRJjnpeMmNJw<\/a><\/p>\n<p>Por \u00faltimo, en este <a href=\"http:\/\/www.cubadebate.cu\/especiales\/2021\/10\/14\/la-vida-que-ha-quedado-atras-la-historia-de-un-hombre-de-un-pais-de-una-epoca\/\">art\u00edculo de <em>Cuba debate <\/em><\/a>se presenta el documental e incluye una grabaci\u00f3n de audio en la que su director, Manuel P\u00e9rez explica c\u00f3mo y por qu\u00e9 entrevist\u00f3 a Leonov.<\/p>\n","protected":false},"excerpt":{"rendered":"<p>Hace unas semanas publicamos un v\u00eddeo en memoria de Nikolai Sergeyevich Leonov, teniente general del KGB y \u00faltimo jefe de<\/p>\n","protected":false},"author":5,"featured_media":12371,"comment_status":"open","ping_status":"open","sticky":false,"template":"","format":"standard","meta":{"footnotes":""},"categories":[17,26],"tags":[],"class_list":["post-12369","post","type-post","status-publish","format-standard","has-post-thumbnail","hentry","category-historia","category-historia-del-comunismo"],"aioseo_notices":[],"_links":{"self":[{"href":"https:\/\/espai-marx.net\/index.php?rest_route=\/wp\/v2\/posts\/12369","targetHints":{"allow":["GET"]}}],"collection":[{"href":"https:\/\/espai-marx.net\/index.php?rest_route=\/wp\/v2\/posts"}],"about":[{"href":"https:\/\/espai-marx.net\/index.php?rest_route=\/wp\/v2\/types\/post"}],"author":[{"embeddable":true,"href":"https:\/\/espai-marx.net\/index.php?rest_route=\/wp\/v2\/users\/5"}],"replies":[{"embeddable":true,"href":"https:\/\/espai-marx.net\/index.php?rest_route=%2Fwp%2Fv2%2Fcomments&post=12369"}],"version-history":[{"count":0,"href":"https:\/\/espai-marx.net\/index.php?rest_route=\/wp\/v2\/posts\/12369\/revisions"}],"wp:featuredmedia":[{"embeddable":true,"href":"https:\/\/espai-marx.net\/index.php?rest_route=\/wp\/v2\/media\/12371"}],"wp:attachment":[{"href":"https:\/\/espai-marx.net\/index.php?rest_route=%2Fwp%2Fv2%2Fmedia&parent=12369"}],"wp:term":[{"taxonomy":"category","embeddable":true,"href":"https:\/\/espai-marx.net\/index.php?rest_route=%2Fwp%2Fv2%2Fcategories&post=12369"},{"taxonomy":"post_tag","embeddable":true,"href":"https:\/\/espai-marx.net\/index.php?rest_route=%2Fwp%2Fv2%2Ftags&post=12369"}],"curies":[{"name":"wp","href":"https:\/\/api.w.org\/{rel}","templated":true}]}}