{"id":12404,"date":"2022-09-08T05:00:00","date_gmt":"2022-09-08T04:00:00","guid":{"rendered":"https:\/\/espai-marx.net\/?p=12404"},"modified":"2022-09-08T02:04:39","modified_gmt":"2022-09-08T01:04:39","slug":"bienvenidos-al-capitalismo-de-escasez","status":"publish","type":"post","link":"https:\/\/espai-marx.net\/?p=12404","title":{"rendered":"Bienvenidos al capitalismo de escasez"},"content":{"rendered":"<p><em>La pandemia iba a ser algo pasajero, pero ha terminado suponiendo cambios trascendentales en nuestra cotidianidad; la crisis inflacionaria tambi\u00e9n iba a ser algo pasajero, vaticinaban los principales gur\u00fas econ\u00f3micos, pero ha provocado una desvalorizaci\u00f3n de los salarios sin parang\u00f3n en las \u00faltimas d\u00e9cadas; finalmente, el periodo de ahorro o racionamiento energ\u00e9tico tambi\u00e9n claman que ser\u00e1 pasajero, pero ya no es tan f\u00e1cil de creer. \u00bfEstamos ante un episodio pasajero provocado por la guerra de Ucrania o ante una gran mutaci\u00f3n del modo de regulaci\u00f3n en la gobernanza del sistema capitalista mundial?<\/em><\/p>\n<p>Que el sistema-mundo capitalista est\u00e1 en una fase cr\u00edtica de cambio y cronificaci\u00f3n de la crisis econ\u00f3mica es asumido por todas las grandes corporaciones del capital y sus instituciones gobernantes, el Foro Econ\u00f3mico Mundial lleva hablando desde el inicio de la pandemia de covid19 de un plan de <a href=\"https:\/\/es.weforum.org\/great-reset\/\">\u00ab<\/a><a href=\"https:\/\/es.weforum.org\/great-reset\/\">Gran Reset\u00bb<\/a> para reconstruir la econom\u00eda mundial y dirigirla a un nuevo ciclo de acumulaci\u00f3n. Este cambio de paradigma se enmarca como la finalizaci\u00f3n y profundizaci\u00f3n l\u00f3gica a lo que podemos denominar, siguiendo las palabras del soci\u00f3logo <a href=\"https:\/\/revistas.ucm.es\/index.php\/POSO\/article\/view\/44189\">Andr\u00e9s Piqueras<\/a>, como la Segunda Gran Crisis de Larga Duraci\u00f3n del capitalismo que comenz\u00f3 hacia 1973 y que encontr\u00f3 su salida temporal en el marco de regulaci\u00f3n en el modelo financiarizado-neoliberal. El fin de este modelo puede estar llev\u00e1ndonos en la actualidad hacia otra Gran Mutaci\u00f3n del modelo de acumulaci\u00f3n-regulaci\u00f3n capitalista.<\/p>\n<p>Sin embargo, pese a los cantos de sirena que se lanzaron a comienzos de la pandemia augurando un nuevo modelo de \u00abkeynesianismo pand\u00e9mico\u00bb, sobre todo desde \u00e1mbitos pol\u00edticos progresistas, que se basar\u00eda en una suerte de vuelta al paradigma del Estado redistribuidor, la actual crisis inflacionaria y b\u00e9lica demuestran que los derroteros de la gobernanza capitalista apuntan hacia un modelo de escasez marcado por la pobreza y proletarizaci\u00f3n crecientes. Todo esto junto al intento de control de la exclusi\u00f3n y sus problemas sociales v\u00eda pol\u00edticas estatales de subsistencia m\u00ednima.<\/p>\n<p>Tal y como plantea <a href=\"https:\/\/newleftreview.es\/issues\/5\/articles\/giovanni-arrighi-las-expansiones-financieras-en-su-perspectiva-historico-mundial-replica-a-robert-pollin.pdf\">Giovanni Arrighi<\/a>, uno de los autores m\u00e1s destacados del paradigma del sistema-mundo capitalista, cada vez que sucede una crisis por los excesos del capital financiero sobre el productivo, esta marca la se\u00f1al de la decadencia de cierto modelo de crecimiento y de la potencia que se ha hecho hegem\u00f3nica con el mismo. En esa fase nos encontramos, a una d\u00e9cada del estallido del sistema financiero y con tensiones geopol\u00edticas crecientes por el dominio mundial. Pese a no poder vislumbrar todas las caracter\u00edsticas de esta nueva fase, es evidente que vivimos un periodo de transici\u00f3n hacia algo nuevo, y que a todos ojos no se parece en nada a los \u201cfelices a\u00f1os\u201d posteriores a la Segunda Guerra Mundial.<\/p>\n<p><strong>Los cambios de fase capitalista<\/strong><\/p>\n<p>Como hemos mencionado, el capitalismo occidental lleva d\u00e9cadas en crisis, destacados economistas marxistas y heterodoxos hablan de una larga depresi\u00f3n al menos desde la d\u00e9cada de 1970 hasta la actualidad. Y los <a href=\"https:\/\/observatoriodetrabajadores.wordpress.com\/2022\/07\/22\/20-puntos-clave-para-entender-la-mortifera-decadencia-del-capitalismo-andres-piqueras\/\">datos estad\u00edsticos oficiales demuestran esta tesis<\/a>; las tasas de reinversi\u00f3n y productividad no han hecho m\u00e1s que caer en las \u00faltimas d\u00e9cadas, pese a que se ha tratado de mantener viva la demanda agregada v\u00eda cr\u00e9dito f\u00e1cil, burbuja que estall\u00f3 con la crisis del 2008. Pero esta vez nos encontramos ante una nueva dimensi\u00f3n de la crisis, ya que el capitalismo se acerca a lo que podemos llamar sus l\u00edmites biof\u00edsicos; por lo tanto, adem\u00e1s de sus l\u00edmites internos debe enfrentarse a los externos, a que los recursos del planeta que han asegurado su reproducci\u00f3n en el tiempo son finitos.<\/p>\n<p><a href=\"https:\/\/www.bloomberg.com\/opinion\/articles\/2022-07-20\/saudi-arabia-reveals-oil-output-is-near-its-ceiling#xj4y7vzkg\">Arab\u00eda Saud\u00ed ha advertido<\/a> de que ya ha llegado a su techo de producci\u00f3n de petr\u00f3leo y que, pese a seguir siendo el principal productor de petr\u00f3leo del mundo, no tendr\u00e1 capacidad adicional para aumentar la producci\u00f3n por encima de los 13 millones de barriles por d\u00eda que se comprometi\u00f3 a tener para 2027. El petr\u00f3leo sigue siendo una pieza clave en todos los procesos productivos e imprescindible para todo el sistema de transportes. La crisis no es solo un bache puntual, sino que va a traer cambios que ser\u00e1n instaurados como temporales, pero vendr\u00e1n para quedarse, como el del racionamiento de energ\u00eda a todos los niveles.<\/p>\n<p>Pero, adem\u00e1s, el sistema capitalista arrastra la habitual contradicci\u00f3n entre el valor ficticio generado por el entramado financiero mundial y la plusval\u00eda y valor real producido, lo que responde a un estancamiento de la tasa de ganancia que vuelve a caer en nuestros d\u00edas. <a href=\"https:\/\/www.pmi.spglobal.com\/Public\/Home\/PressRelease\/738d25f220d445ab83768337ffa783cc?hsid=ee3def5f-6412-42b5-be2b-b4ebe40eaa6e\">Muestra de ello<\/a> es que la producci\u00f3n industrial global cay\u00f3 un 2,7% en abril, tras haber ca\u00eddo un 1% en marzo. Concretamente, en Alemania, la principal potencia industrial europea, el componente de compras prospectivas e inventarios manufactureros medido por el \u00edndice PMI (\u00cdndice de Gestores de Compras, por sus siglas en ingl\u00e9s) ha ca\u00eddo en picado hasta los niveles de 2008, por lo que es probable que la fabricaci\u00f3n alemana y la demanda industrial mundial ya est\u00e9n en recesi\u00f3n.<\/p>\n<p>El fin del ciclo financiarizado con centro en Estados Unidos lleva en declive m\u00e1s de una d\u00e9cada, pero ninguna otra zona de la geograf\u00eda del sistema-mundo capitalista muestra de momento el suficiente dinamismo como para poder arrastrar al sistema mundial en su conjunto a un nuevo ciclo de acumulaci\u00f3n basado en la producci\u00f3n real de valor y ganancia. Adem\u00e1s de que este nuevo ciclo se enfrentar\u00eda a los mencionados l\u00edmites biof\u00edsicos. Ante este agotamiento de reservas energ\u00e9ticas y primarias vitales puede surgir un modo de regulaci\u00f3n y gobernanza capitalista nuevo, con la guerra por los recursos como elemento de regulaci\u00f3n a nivel externo y la imposici\u00f3n de medidas de racionamiento a la poblaci\u00f3n a nivel interno. De todas maneras, el impacto y alcance de este nuevo modo de regulaci\u00f3n capitalista tendr\u00eda distintos efectos y formas en la periferia o en el centro del sistema.<\/p>\n<p><strong>Capitalismo de escasez en la periferia<\/strong><\/p>\n<p>Est\u00e1 claro que esta posible transici\u00f3n hacia un modelo de regulaci\u00f3n capitalista donde la escasez y el racionamiento sean la norma social no afectar\u00e1 por igual a los pa\u00edses del llamado centro del sistema que a los de la periferia. Ya que en estos segundos la escasez material real ha sido la norma m\u00e1s que la excepci\u00f3n durante los siglos de modernizaci\u00f3n capitalista. Sin embargo, podemos decir que, en esta fase b\u00e9lica de reconfiguraci\u00f3n de las relaciones capitalistas globales, la llamada periferia de tard\u00eda industrializaci\u00f3n se ver\u00e1 especialmente golpeada por las interrupciones en las cadenas de suministros de alimentos, pudiendo producirse hambrunas a gran escala como la que ya se vislumbra por el bloqueo del trigo ucraniano y la soluci\u00f3n que han tenido que buscar las potencias globales para su desbloqueo provisional.<\/p>\n<p>El trigo de Ucrania y Rusia se exporta principalmente a Oriente Medio y al norte de \u00c1frica. Por su parte, Rusia es el mayor exportador mundial de fertilizantes, con un 15% del suministro mundial. En la actualidad, de los 195 pa\u00edses del mundo, al menos 34 son incapaces de producir su propia comida debido a limitaciones de agua o de tierra, de estos 34 la mayor\u00eda se sit\u00faan en la lista de los principales importadores alimenticios de Rusia y Ucrania, <a href=\"https:\/\/www.cidob.org\/publicaciones\/serie_de_publicacion\/opinion_cidob\/2022\/como_reformar_el_comercio_internacional_para_garantizar_el_acceso_universal_a_los_alimentos\">situados en la regi\u00f3n del Norte de \u00c1frica y Oriente Medio<\/a>. Entre estos pa\u00edses tambi\u00e9n hay claras diferencias, los pa\u00edses productores de petr\u00f3leo del Golfo pueden acceder a otras v\u00edas de suministro de alimento gracias a sus divisas procedentes de los hidrocarburos, pero existen otros pa\u00edses africanos que no, ya que dependen de que el trigo ruso y ucraniano es m\u00e1s barato por su calidad proteica inferior respecto a otros exportadores de esta materia prima.<\/p>\n<p>Por ejemplo, Egipto, que obten\u00eda hasta ahora m\u00e1s del 85% de sus importaciones de trigo de la regi\u00f3n del Mar Negro y necesitar\u00e1 encontrar proveedores alternativos, que ser\u00e1n m\u00e1s caros. Otros pa\u00edses de la regi\u00f3n, como Yemen y Siria, est\u00e1n en una posici\u00f3n a\u00fan m\u00e1s grave a causa de su dependencia de las ayudas alimentarias, ya que el Programa Mundial de Alimentos (World Food Program) tiene tambi\u00e9n dificultades para aprovisionarse. En una \u00e9poca donde el \u00edndice de precios alimenticios ha llegado a r\u00e9cords hist\u00f3ricos, <a href=\"https:\/\/news.un.org\/es\/story\/2022\/05\/1508122\">la predicci\u00f3n del Programa Mundial de Alimentos de las Naciones Unidas <\/a><a href=\"https:\/\/news.un.org\/es\/story\/2022\/05\/1508122\">es<\/a> que 2022 ser\u00e1 \u00abun a\u00f1o de hambre catastr\u00f3fica\u00bb.<\/p>\n<p>Precisamente, los <a href=\"https:\/\/www.fao.org\/hunger\/es\/\">datos de la misma FAO<\/a> ya alertan de que la inflaci\u00f3n alimentaria mundial ha hecho subir de manera considerable y en el rango temporal de un solo a\u00f1o el porcentaje de personas en situaci\u00f3n de inseguridad alimentaria, sobre todo en \u00c1frica, Am\u00e9rica Latina y el Caribe. En este contexto, los pa\u00edses m\u00e1s desfavorecidos ya han optado por una estrategia de proteccionismo alimentario. Uganda y Ghana han prohibido la exportaci\u00f3n de granos y otros productos agr\u00edcolas. Este \u00faltimo pa\u00eds ha vivido una subida repentina del 27% de la inflaci\u00f3n y numerosas protestas recorrieron las calles del pa\u00eds el mes de mayo por la situaci\u00f3n de hambre que empezaba a expandirse.<\/p>\n<p>Al problema del hambre se le une en la periferia global el de la deuda y la subida de tipos de inter\u00e9s generalizada, que dificultar\u00e1 la refinanciaci\u00f3n de los Estados m\u00e1s d\u00e9biles y mermar\u00e1 su capacidad importadora de alimentos y de otros bienes b\u00e1sicos. La quiebra de Sri Lanka puso de relieve que el problema de financiaci\u00f3n de los pa\u00edses capitalistas es de m\u00e1xima actualidad. <a href=\"https:\/\/www.bloomberg.com\/news\/articles\/2022-07-07\/why-developing-countries-are-facing-a-debt-default-crisis\">Seg\u00fan una informaci\u00f3n publicada por el portal de noticias econ\u00f3micas Bloomberg<\/a>, hay al menos 15 pa\u00edses con riesgo de incurrir en impago en los pr\u00f3ximos meses, con una prima de riesgo por encima del 10% (&gt;1000 bps), entre los que destacan pa\u00edses como L\u00edbano, Bielorrusia, Ucrania o T\u00fanez.<\/p>\n<p>Las consecuencias de las turbulencias econ\u00f3micas globales son claras, m\u00e1s de 260 millones de personas adicionales podr\u00edan verse sumidas en la pobreza extrema este a\u00f1o 2022, <a href=\"https:\/\/oxfam.app.box.com\/s\/hv91efeua9tu2eupykpg0taksojwcb1v\">seg\u00fan un reciente informe de la ONG Oxfam Interm\u00f3n.<\/a> Tal es la situaci\u00f3n, que la clase capitalista ha comenzado a alertarse por las posibles consecuencias sociales de esta desigualdad creciente. Larry Flink, CEO de BlackRock, <a href=\"https:\/\/www.eleconomista.es\/economia\/noticias\/11871776\/07\/22\/Larry-Fink-BlackRock-alerta-Hablamos-mucho-de-los-precios-de-gasolina-pero-el-mayor-problema-es-la-comida.html\">se ha pronunciado advirtiendo<\/a> de que le preocupa mucho m\u00e1s la subida de los precios alimentarios que la de los de la gasolina u otros carburantes.<\/p>\n<p><strong>Capitalismo de escasez en el sistema central<\/strong><\/p>\n<p>En los pa\u00edses del centro del sistema-mundo capitalista, como en Europa, la situaci\u00f3n no llegar\u00e1 hasta el extremo de una escasez tan generalizada, pero s\u00ed que se instaurar\u00e1 un nuevo r\u00e9gimen regulatorio en el que los precios altos de la energ\u00eda y su racionalizaci\u00f3n de uso se instaurar\u00e1n como realidades permanentes. Pese a la intervenci\u00f3n que distintos gobiernos puedan realizar sobre la factura de la luz, la verdad es que el tiempo de la energ\u00eda barata parece haber llegado a su fin. Por ejemplo, y pese a la relativa prontitud para un juicio absoluto, el tope al precio de la energ\u00eda impuesto por el Gobierno de Espa\u00f1a ha rebajado la factura de la luz, pero seg\u00fan <a href=\"https:\/\/www.facua.org\/es\/noticia.php?Id=18257\">datos de Facua<\/a>, la factura de junio de este a\u00f1o fue la tercera factura m\u00e1s cara de la historia: el usuario medio abon\u00f3 133,85 euros, un 65% m\u00e1s que hace un a\u00f1o.<\/p>\n<p>En cuanto a la cantidad de gas real que acumula la Uni\u00f3n Europea actualmente, en total, los Estados miembros acumulan 597 TWh de gas (teravatios por hora) de los 1.100 TWh de capacidad total con la que cuenta la UE, una cantidad cercana al 55%. Para octubre la UE espera tener sus dep\u00f3sitos de gas al 90%. Para ello, y debido a que los gasoductos provenientes de Rusia est\u00e1n funcionando a capacidades bastante alejadas de sus m\u00e1ximos, la UE ha propuesto ya a sus Estados miembros un plan de ahorro energ\u00e9tico, que ha comenzado a aplicarse en pleno verano, sin esperar al invierno.<\/p>\n<p>El objetivo es que entre familias y empresas se ahorren entre 45.000 millones y 30.000 millones de metros c\u00fabicos de gas. Sin embargo, no es lo mismo el ahorro que puede realizar una familia al de una rama industrial totalmente dependiente del gas natural, como es el caso de los hornos de las fundiciones de algunas industrias. En este sentido, el pa\u00eds que m\u00e1s va a sufrir es Alemania, ya que cuenta con la industria europea m\u00e1s dependiente del gas natural ruso, debido a su pol\u00edtica de descarbonizaci\u00f3n y cierre de centrales nucleares y escasa sustituci\u00f3n por otras fuentes de energ\u00eda.<\/p>\n<p>La <a href=\"https:\/\/eur-lex.europa.eu\/legal-content\/EN\/TXT\/?uri=COM%3A2022%3A230%3AFIN&amp;qid=1653033742483\">Comisi\u00f3n Europea<\/a> lo ha dejado claro, por ahora, este ahorro energ\u00e9tico no responde directamente a ninguna pol\u00edtica clim\u00e1tica, el objetivo es amortiguar la situaci\u00f3n de emergencia que supondr\u00eda un par\u00f3n en la industria alemana por la falta de energ\u00eda y que supondr\u00eda un \u00abmomento Lehman\u00bb de hundimiento para toda la econom\u00eda europea. Por eso los Estados miembros ya est\u00e1n aplicando pol\u00edticas de ahorro energ\u00e9tico. Desde controlar las temperaturas de aires acondicionados y calefactores en lugares p\u00fablicos, hasta recomendaciones de duchas m\u00e1s cortas o de mantener todos los electrodom\u00e9sticos apagados en caso de no estar us\u00e1ndose. Las medidas son variopintas, pero sin duda est\u00e1 claro que este invierno va a ser m\u00e1s oscuro y fr\u00edo de lo que los pa\u00edses occidentales estaban acostumbrados.<\/p>\n<p>El alcance del racionamiento energ\u00e9tico depender\u00e1 de dos factores: el primero, el clima, ya que un invierno duro y fr\u00edo podr\u00eda disparar la demanda de gas natural para calentar los hogares. El segundo factor es la demanda internacional de gas, si pa\u00edses con un gran consumo industrial como China recuperan su consumo prepandemia podemos encontrarnos en una situaci\u00f3n donde el flujo de gas ruso se incremente hacia el sureste asi\u00e1tico en detrimento de Europa. De todas maneras, un corte total a Europa por parte de Rusia parece imposible, ya que supondr\u00eda un gran desbarajuste en los ingresos gubernamentales rusos; dado que, hoy por hoy, los pa\u00edses europeos son los mayores clientes de gas ruso. Una situaci\u00f3n que no puede revertirse en el corto plazo, debido a todas las infraestructuras que requerir\u00eda construir en poco tiempo.<\/p>\n<p>En consecuencia, independientemente del alcance que finalmente tenga el racionamiento energ\u00e9tico, lo que ya se puede vislumbrar es que de este invierno la clase obrera europea saldr\u00e1 notablemente m\u00e1s empobrecida, ya que la mayor\u00eda de la poblaci\u00f3n europea ha estado enfrentando durante todo el a\u00f1o 2022 unas cifras de inflaci\u00f3n cercanas al 10%. Al contrario, como ejemplo paradigm\u00e1tico, seg\u00fan <a href=\"https:\/\/www.europapress.es\/economia\/laboral-00346\/noticia-salarios-convenio-suben-236-marzo-mas-siete-puntos-debajo-ipc-20220408125759.html\">datos del ministerio de Trabajo espa\u00f1ol<\/a>, los salarios subieron en el primer trimestre una media del 2,36%, lejos de las cifras que marcaba el IPC, siempre superior al 6%.<\/p>\n<p>Por tanto, el relato del ahorro energ\u00e9tico tambi\u00e9n tiene consecuencias psicosociales en el sentido de que gran parte de la poblaci\u00f3n percibe que sus ahorros se han reducido, pero ahora existe un relato en pro del ahorro y de una vida m\u00e1s austera justificado por el escenario b\u00e9lico. En este contexto, la <a href=\"https:\/\/www.eldiario.es\/economia\/tasa-ahorro-hogares-entra-negativo-primer-trimestre-primera-vez-tres-anos_1_9131487.html#:~:text=Si%20se%20eliminan%20los%20efectos,que%20se%20declarara%20la%20pandemia.\">tasa de ahorro de los hogares espa\u00f1oles<\/a> ha entrado en negativo en el primer trimestre por primera vez en tres a\u00f1os, lo que presupone que los ahorros acumulados durante la pandemia no eran tan grandes como el relato oficial presupon\u00eda. El \u00edndice de confianza de los consumidores de la eurozona se ha hundido tambi\u00e9n hasta niveles m\u00ednimos desde el a\u00f1o 2012, en plena crisis del euro.<\/p>\n<p>Este escenario de capitalismo de escasez va a tener repercusi\u00f3n en las legislaciones nacionales, que preparan un escenario de mayor castigo para controlar a una poblaci\u00f3n m\u00e1s pauperizada. El Congreso de los Diputados espa\u00f1ol dio luz verde en junio a una reforma del C\u00f3digo Penal que prev\u00e9 castigar con prisi\u00f3n peque\u00f1os hurtos en caso de reincidencia. Todo ello con el objetivo de estigmatizar a quienes m\u00e1s va a afectar este encarecimiento de la vida, <a href=\"https:\/\/www.elsaltodiario.com\/derechos-humanos\/ramiro-garcia-de-dios-nuestro-sistema-judicial-es-beligerante-con-los-debiles-y-complaciente-con-los-poderosos-#:~:text=Derechos%20Humanos-,Ramiro%20Garc%C3%ADa%20de%20Dios%3A%20%E2%80%9CNuestro%20sistema%20judicial%20es%20beligerante%20con,de%20opacidad%20e%20impunidad%20policial%E2%80%9D.\">como menciona el juez Ramiro Garc\u00eda de Dios Ferreiro<\/a>, por regla general, de 23 juicios se\u00f1alados en el conjunto de los juzgados, 20 son exclusivamente de tentativa de hurto de productos de menos de 400 euros en comercios.<\/p>\n<p>Otros Estados europeos preparan tambi\u00e9n un endurecimiento de su normativa legal en el \u00e1mbito laboral. <a href=\"https:\/\/www.dw.com\/es\/gobierno-de-noruega-interviene-para-frenar-huelgas-en-yacimientos-de-petr%C3%B3leo\/a-62375727\">Noruega<\/a>, uno de los principales sustitutos exportadores de gas y petr\u00f3leo en detrimento de Rusia, intervino el derecho a huelga de los trabajadores de la empresa estatal energ\u00e9tica a finales de junio por el miedo de que las reclamaciones huelgu\u00edsticas de los trabajadores por un alza salarial pudieran disminuir en un 13% el suministro de gas del pa\u00eds.<\/p>\n<p><strong>Conclusiones pol\u00edticas<\/strong><\/p>\n<p>No es la primera vez en la historia del sistema capitalista mundial en la que coinciden una crisis energ\u00e9tica y una crisis inflacionaria, ya que el mismo escenario se vivi\u00f3 en los a\u00f1os posteriores a la conocida crisis del petr\u00f3leo de 1973. Sin embargo, en aquel entonces la econom\u00eda capitalista mundial solamente comenzaba a vivir el largo declive que sufrir\u00eda en las siguientes cinco d\u00e9cadas, con la concatenaci\u00f3n incesable de crisis de mayor o menor medida solamente paliadas v\u00eda cr\u00e9dito y crecimiento artificial, al menos en el polo europeo-estadounidense. Ojo, que el escenario sea de escasez no quiere decir que las grandes empresas oligop\u00f3licas que gestionen esta escasez vayan a dejar de tener beneficios extra, ya que el precio al alza les favorece, <a href=\"https:\/\/cincodias.elpais.com\/cincodias\/2022\/08\/08\/companias\/1659978991_515841.html\">como demuestran las cuentas de r\u00e9cord de las principales empresas energ\u00e9ticas<\/a>.<\/p>\n<p>Adem\u00e1s, al contrario que en la d\u00e9cada de 1970, hoy no existe un movimiento obrero fuertemente organizado en la mayor\u00eda de pa\u00edses occidentales. Coincidiendo con la crisis inflacionaria de los a\u00f1os 70, la mayor\u00eda las patronales doblaron el brazo de la clase obrera organizada imponiendo pactos de rentas muy por debajo de la inflaci\u00f3n, al estilo de los Pactos de la Moncloa. Sin embargo, lo que en el contexto actual destaca es la existencia de una amplia capa de poblaci\u00f3n excluida temporal o permanentemente de los circuitos del trabajo asalariado, lo que la hace todav\u00eda m\u00e1s dependiente de las ayudas estatales de subsistencia m\u00ednima que se le puedan ofrecer. Tras el <i>shock<\/i> pand\u00e9mico, que ya introdujo nuevas modalidades en la regulaci\u00f3n social, bajo el escenario b\u00e9lico podemos avanzar a lo que todas luces se puede caracterizar como un capitalismo donde el consumo de energ\u00eda y ciertos recursos ser\u00e1 el primer objetivo social a regular. Bienvenidos al capitalismo de escasez.<\/p>\n<p>&nbsp;<\/p>\n<p>Jos\u00e9 Castillo es investigador doctoral en el departamento de Geograf\u00eda Pol\u00edtica de la Universidad Complutense de Madrid.<\/p>\n<p>Fuente: <em>El salto<\/em> (<a href=\"https:\/\/www.elsaltodiario.com\/opinion\/bienvenidos-al-capitalismo-de-escasez\">https:\/\/www.elsaltodiario.com\/opinion\/bienvenidos-al-capitalismo-de-escasez<\/a>)<\/p>\n","protected":false},"excerpt":{"rendered":"<p>La pandemia iba a ser algo pasajero, pero ha terminado suponiendo cambios trascendentales en nuestra cotidianidad; la crisis inflacionaria tambi\u00e9n<\/p>\n","protected":false},"author":5,"featured_media":12406,"comment_status":"open","ping_status":"open","sticky":false,"template":"","format":"standard","meta":{"footnotes":""},"categories":[1558,1563,44,1548],"tags":[],"class_list":["post-12404","post","type-post","status-publish","format-standard","has-post-thumbnail","hentry","category-condiciones-de-vida-sociedad","category-crisis-ecosocial","category-economia","category-politica"],"aioseo_notices":[],"_links":{"self":[{"href":"https:\/\/espai-marx.net\/index.php?rest_route=\/wp\/v2\/posts\/12404","targetHints":{"allow":["GET"]}}],"collection":[{"href":"https:\/\/espai-marx.net\/index.php?rest_route=\/wp\/v2\/posts"}],"about":[{"href":"https:\/\/espai-marx.net\/index.php?rest_route=\/wp\/v2\/types\/post"}],"author":[{"embeddable":true,"href":"https:\/\/espai-marx.net\/index.php?rest_route=\/wp\/v2\/users\/5"}],"replies":[{"embeddable":true,"href":"https:\/\/espai-marx.net\/index.php?rest_route=%2Fwp%2Fv2%2Fcomments&post=12404"}],"version-history":[{"count":0,"href":"https:\/\/espai-marx.net\/index.php?rest_route=\/wp\/v2\/posts\/12404\/revisions"}],"wp:featuredmedia":[{"embeddable":true,"href":"https:\/\/espai-marx.net\/index.php?rest_route=\/wp\/v2\/media\/12406"}],"wp:attachment":[{"href":"https:\/\/espai-marx.net\/index.php?rest_route=%2Fwp%2Fv2%2Fmedia&parent=12404"}],"wp:term":[{"taxonomy":"category","embeddable":true,"href":"https:\/\/espai-marx.net\/index.php?rest_route=%2Fwp%2Fv2%2Fcategories&post=12404"},{"taxonomy":"post_tag","embeddable":true,"href":"https:\/\/espai-marx.net\/index.php?rest_route=%2Fwp%2Fv2%2Ftags&post=12404"}],"curies":[{"name":"wp","href":"https:\/\/api.w.org\/{rel}","templated":true}]}}