{"id":12409,"date":"2022-09-09T05:00:51","date_gmt":"2022-09-09T04:00:51","guid":{"rendered":"https:\/\/espai-marx.net\/?p=12409"},"modified":"2022-09-09T02:28:30","modified_gmt":"2022-09-09T01:28:30","slug":"indignacion-ante-la-inaccion-oficial-en-los-incendios-de-castilla-y-leon","status":"publish","type":"post","link":"https:\/\/espai-marx.net\/?p=12409","title":{"rendered":"Indignaci\u00f3n ante la inacci\u00f3n oficial en los incendios de Castilla y Le\u00f3n"},"content":{"rendered":"<p><em>Con motivo de los recientes incendios que han asolado la Comunidad de Castilla y Le\u00f3n en Espa\u00f1a, publicamos esta nota indignada de un cabrero de la zona, de Zamora, que va a tener que malvender sus cabras. Indignado con los pol\u00edticos y el abandono social en que se encuentran. El patrimonio natural de Castilla y Le\u00f3n est\u00e1 semidestruido y con \u00e9l, mucho patrimonio rural. Para colmo no terminan de declarar la zona catastr\u00f3fica y eso significa que explotaciones ecol\u00f3gicas como la de Santiago, de queso de alta calidad, perder\u00e1n su sello y tardar\u00e1n tres a\u00f1os en recuperarlo.<\/em><\/p>\n<p>&nbsp;<\/p>\n<p>Una vez m\u00e1s, desde este viejo encinar de Pe\u00f1a el Tanque \u2013\u00fanicas encinas salvadas de las llamas, junto a otras pocas de terrenos desbrozados, testigos y ejemplo para lo que hay que hacer , para prevenir los incendios\u2013, contemplo la negra tez de mi pueblo, calcinado por el olvido y la dejaci\u00f3n de responsabilidad de aquellos que viven de lo p\u00fablico, solo preocup\u00e1ndose de lo propio.<\/p>\n<p>Contemplo tambi\u00e9n la vieja espada\u00f1a de la Iglesia y las campanas mudas, ya no hay campaneros que toquen, ni a fiesta, ni a luto ni a entierro.<\/p>\n<p>Pasado el horror, no sus da\u00f1os ni secuelas, con la cabeza m\u00e1s fr\u00eda y ordenada, casi un mes despu\u00e9s de la tragedia, me pregunto :<\/p>\n<p>\u00bfPara que quiero un Ayuntamiento si su Alcalde, a\u00fan no se ha dignado preguntarme ni por la salud?<\/p>\n<p>Sabedor y consciente del desastre \u2013San Mart\u00edn de Tabara es la Zona Cero , ya que se ha calcinado todo el t\u00e9rmino\u2013, a nivel general y a nivel particular.<\/p>\n<p>\u00bfPara que quiero una Diputaci\u00f3n Provincial, si el Diputado de Medio Ambiente y el de Agricultura y Ganader\u00eda, han hecho lo mismo que el Alcalde?<\/p>\n<p>Se por las noticias, que el de Medio Ambiente, anda de gira \u2013con fot\u00f3grafos y prensa\u2013 exponiendo su buen hacer en abastecimiento a pueblos, pero no he visto ninguna foto, relacionada con los pueblos de la tragedia.<\/p>\n<p>A lo mejor \u2013me pregunto\u2013, tomo buena nota de lo que le sucedi\u00f3 a Ma\u00f1ueco en Villanueva de Valrojo y por si acaso, es mejor seguir escondido.<\/p>\n<p>Lo que ser\u00eda interesante es saber de qu\u00e9 hablaron , en la comilona que tuvieron en Rabanales \u2013en vez de comer un bocadillo con los brigadistas, a pie de el incendio\u2013 \u00a1Qu\u00e9 pena!<\/p>\n<p>Cuando se cansar\u00e1n estos buitres de comer carnaza, a cuenta de lo p\u00fablico.<\/p>\n<p>Me pregunto tambi\u00e9n, \u00bfpara que quiero a un presidente de Castilla y Le\u00f3n si sigue escondido, culpable a los elementos del desastre?<\/p>\n<p>Pues mire Usted Se\u00f1or Ma\u00f1ueco:<\/p>\n<p>Un capit\u00e1n no puede acusar a la mar de su segundo naufragio.<\/p>\n<p>Lo m\u00e1s saludable para esta tierra, que ustedes, con su aptitud, han masacrado, es que se vayan a sus casas, bajen la cabeza de verg\u00fcenza y dejen de fingir. De aprovecharse de una tierra, a la que, con su aptitud, se le ha quemado el poco pan que a\u00fan quedaba sobre sus mesas.<\/p>\n<p>El Cabrero<\/p>\n","protected":false},"excerpt":{"rendered":"<p>Con motivo de los recientes incendios que han asolado la Comunidad de Castilla y Le\u00f3n en Espa\u00f1a, publicamos esta nota<\/p>\n","protected":false},"author":5,"featured_media":12410,"comment_status":"open","ping_status":"open","sticky":false,"template":"","format":"standard","meta":{"footnotes":""},"categories":[1567,1558,1564],"tags":[],"class_list":["post-12409","post","type-post","status-publish","format-standard","has-post-thumbnail","hentry","category-campesinado","category-condiciones-de-vida-sociedad","category-crisis-ecologica"],"aioseo_notices":[],"_links":{"self":[{"href":"https:\/\/espai-marx.net\/index.php?rest_route=\/wp\/v2\/posts\/12409","targetHints":{"allow":["GET"]}}],"collection":[{"href":"https:\/\/espai-marx.net\/index.php?rest_route=\/wp\/v2\/posts"}],"about":[{"href":"https:\/\/espai-marx.net\/index.php?rest_route=\/wp\/v2\/types\/post"}],"author":[{"embeddable":true,"href":"https:\/\/espai-marx.net\/index.php?rest_route=\/wp\/v2\/users\/5"}],"replies":[{"embeddable":true,"href":"https:\/\/espai-marx.net\/index.php?rest_route=%2Fwp%2Fv2%2Fcomments&post=12409"}],"version-history":[{"count":0,"href":"https:\/\/espai-marx.net\/index.php?rest_route=\/wp\/v2\/posts\/12409\/revisions"}],"wp:featuredmedia":[{"embeddable":true,"href":"https:\/\/espai-marx.net\/index.php?rest_route=\/wp\/v2\/media\/12410"}],"wp:attachment":[{"href":"https:\/\/espai-marx.net\/index.php?rest_route=%2Fwp%2Fv2%2Fmedia&parent=12409"}],"wp:term":[{"taxonomy":"category","embeddable":true,"href":"https:\/\/espai-marx.net\/index.php?rest_route=%2Fwp%2Fv2%2Fcategories&post=12409"},{"taxonomy":"post_tag","embeddable":true,"href":"https:\/\/espai-marx.net\/index.php?rest_route=%2Fwp%2Fv2%2Ftags&post=12409"}],"curies":[{"name":"wp","href":"https:\/\/api.w.org\/{rel}","templated":true}]}}