{"id":1245,"date":"2009-10-18T00:00:00","date_gmt":"2009-10-18T00:00:00","guid":{"rendered":"https:\/\/espai-marx.net\/?p=1245"},"modified":"2020-02-23T12:04:43","modified_gmt":"2020-02-23T11:04:43","slug":"decisiones-e-intereses-verdes-a-proposito-de-la-izquierda-alternativa-en-europa","status":"publish","type":"post","link":"https:\/\/espai-marx.net\/?p=1245","title":{"rendered":"Decisiones (e intereses) verdes. A prop\u00f3sito de la izquierda alternativa en Europa"},"content":{"rendered":"<p><em>A prop\u00f3sito de la izquierda alternativa en Europa<\/em><\/p>\n<p>&nbsp;<\/p>\n<p>En las muy recientes elecciones alemanas, apuntaba Pere Rusi\u00f1ol en P\u00fablico<a href=\"#_ftn1\" name=\"_ftnref1\"><strong>[1]<\/strong><\/a>, la izquierda pulveriz\u00f3 varios r\u00e9cords: los marxistas, la noci\u00f3n es del propio Rusi\u00f1ol, llegaron al 12% y los verdes superaron por vez primera el 10%. El conjunto de la \u201cizquierda alternativa\u201d \u2013la expresi\u00f3n es tambi\u00e9n del autor- obtuvo un 22,6%. Los socialdem\u00f3cratas, por el contrario, cosecharon el peor resultado desde la Segunda Guerra Mundial: apenas el 23%, pr\u00e1cticamente el mismo porcentaje de votos que la suma de Die Linke y Die Gr\u00fcnen.<\/p>\n<p>La izquierda, a la izquierda de la socialdemocracia, prosigue Rusi\u00f1ol, comatosa desde la ca\u00edda del Muro de Berl\u00edn, ha regresado triunfante a la arena pol\u00edtica de la UE a lomos de la crisis econ\u00f3mica.<\/p>\n<p>Ni en la \u00e9poca boyante del eurocomunismo hab\u00edan sumado tantos sufragios opciones alternativas como en las tres \u00faltimas elecciones celebradas en Europa: el 22% en Alemania, el 17,7% en Portugal (entre postrotskistas y comunistas) y el 14,67% en Grecia, entre comunistas, alternativos y ecologistas, pese a que los socialistas crecieron y recuperaron el Gobierno.<\/p>\n<p>No es seguro que la memoria haya acu\u00f1ado bien esta moneda en los recuerdos de Pere Rusi\u00f1ol. El PCI, con sus \u00fanicas fuerzas, consigui\u00f3 m\u00e1s votos en varios tipos de elecciones; las dos fuerzas comunistas griegas tuvieron buenos resultados en varias elecciones y los votos conjuntos del PCP y la extrema izquierda portuguesa sumaban probablemente m\u00e1s votos. Tanta da. El \u00e9xito parece indiscutible cuanto menos en el caso Portugal.<\/p>\n<p>No es tan obvio, a pesar de la importancia del resultado de \u201cDie Linke\u201d, en el caso de Francia y Alemania. \u00bfPor qu\u00e9? Porque corremos el riesgo de sumar de forma homog\u00e9nea y autom\u00e1tica lo que no permite ser siempre sumado sin notable riesgo de error.<\/p>\n<p>Un ejemplo que ilustra otra perspectiva para transitar por el sendero de la izquierda europea no entregada.<\/p>\n<p>En las elecciones celebradas en el estado alem\u00e1n del Sarre el pasado 30 de agosto, la Uni\u00f3n Dem\u00f3crata Cristiana, CDU, y el partido (fundamentalista) liberal del FDP, perdieron las elecciones regionales. Estos fueron los resultados con una participaci\u00f3n del 67,6%, 12 puntos m\u00e1s que en 2004: CDU, 34,5%, 19 esca\u00f1os; SPD, 24,5%, 13 esca\u00f1os; La Izquierda, 21,3 (2,3% en 2004), 11 esca\u00f1os; FDP: 9,3% (4 puntos m\u00e1s que en 2004), cinco esca\u00f1os; Verdes 5,9 y 3 esca\u00f1os Los filonazis del NPD consiguieron un 1,5% de los votos y no tienen representaci\u00f3n parlamentaria (consiguieron, por lo dem\u00e1s, un 4,0% en 2004; 2,5 puntos menos en 2008)<\/p>\n<p>Exist\u00eda, pues, la posibilidad de formar un gobierno alternativo sumando las fuerzas del SPD, Die Linke y de los propios Verdes: 27 esca\u00f1os en total, 51,7% de los votos; frente a los 24 esca\u00f1os y el 43,8% de los votos de la derecha.<\/p>\n<p>No ha sido el caso. Los Verdes aprobaron el 11 de octubre de 2009 la constituci\u00f3n de un gobierno de coalici\u00f3n junto a la CDU y el FDP. Es la primera uni\u00f3n gubernamental hasta el momento de estas tres fuerzas pol\u00edticas. En total, 27 esca\u00f1os y el 49,7%.<\/p>\n<p>Como muestran los datos, m\u00e1s all\u00e1 de cualquier otra consideraci\u00f3n, la primera opci\u00f3n era m\u00e1s democr\u00e1tica: 51,7% frente al 49,7% del gobierno CDU-FDP-Die Gr\u00fcnen.<\/p>\n<p>\u00bfPor qu\u00e9 los Verdes, un supuesto partido de \u201cizquierda alternativa\u201d, han tomado esa opci\u00f3n? Probablemente porque las ganancias partidistas son mucho mayores en esa negociaci\u00f3n y porque no han querido mezclarse con las \u201chuestes comunistas\u201d de Die Linke.<\/p>\n<p>\u00bfQu\u00e9 pensar de ello?<\/p>\n<p>Que los Verdes, digan lo que digan algunos de sus representantes, no se comportan siempre como una fuerza de izquierda y mucho menos de izquierda alterativa.<\/p>\n<p>Que suena a sarcasmo pol\u00edtico, por no usar palabras mayores, que uno de sus m\u00e1ximos dirigentes europeos, el se\u00f1or Daniel Cohn Bendit, hable de reconstruir la izquierda en Europa arrojando de ella al grupo de la izquierda europea que sit\u00faa, \u00e9l, precisamente \u00e9l, en los paisajes y tiempos del pleistoceno inferior.<\/p>\n<p>Que algunos ciudadanos hemos dado nuestro voto en las recientes elecciones europeas a un eurodiputado, el se\u00f1or Ra\u00fcl Romeva, que est\u00e1 integrado en un grupo parlamentario de estas curiosas y variables caracter\u00edsticas. Desde luego, sin pretenderlo, sin declaraci\u00f3n previa de intenciones, en lo que no es sino una estafa pol\u00edtica reiterada.<\/p>\n<p>Que cuando se recuerda las elucubraciones, deseos, intenciones y reflexiones de cuadros y dirigentes de Los Verdes invitados a Barcelona por los amigos de mientras tanto, hablando estos, en la ciudad de Papasseit, L\u00f3pez Raimundo y Durruti de pol\u00edtica alternativa y dem\u00e1s lindeces, es f\u00e1cil pensar, una vez m\u00e1s, en el enga\u00f1o, en la inconsistencia, en las ilusiones nada heroicas, y en que, definitivamente, es mucho m\u00e1s f\u00e1cil que el poder transforme que transformar, aunque sea m\u00ednimamente, ese poder que seduce y absorbe.<\/p>\n<p>De todo ello, desde luego, una inferencia pol\u00edtica se impone: es imprescindible no s\u00f3lo cultivar el pensamiento cr\u00edtico fuera de casa sino en la casa propia. Y para ello, no basta con decirlo sino que es necesario que estatuariamente, sin cacicadas en los cambios y en las formulaciones, un porcentaje, pongamos del 70% de la militancia que cuenta realmente, no acepte nunca cargos institucionales, directa o indirectamente, ni reciba ayudas por v\u00edas diversas del pap\u00e1 Estado, de grupos amigos o de corporaciones afables, colectivo que debe conservar la independencia econ\u00f3mica y que debe tener como tarea b\u00e1sica o esencial en su militancia atar en corto los potenciales y casi seguros desmanes de los cargos pol\u00edticos liberados que, sin pretenderlo o pretendi\u00e9ndolo, van a crear a su alrededor una cortina de hierro de clientelismo formada por militantes (y familiares predispuestos) que ganan sustantivamente con la nueva situaci\u00f3n hasta al punto de pasar a ser miembros, sin demasiado tiempo en la transici\u00f3n, de otra clase social y con un muy otro tipo de vida.<\/p>\n<p>Recuerda Bel\u00e9n Gopegui en su excelente Deseo de ser punk<a href=\"#_ftn2\" name=\"_ftnref2\">[2]<\/a>, la consigna que gritaron, una de las mejores proposiciones ir\u00f3nico-normativas de las que he tenido noticia en estas dos \u00faltimas d\u00e9cadas, los estudiantes griegos que salieron a la calle tras la muerte de Alexandros Grigoropopulos: \u201cNo nos tir\u00e9is m\u00e1s gases lacrim\u00f3genos; sabemos llorar solos\u201d. Copio y cambio de escenario: \u201cNo nos desenga\u00f1\u00e9is m\u00e1s, ya estamos casi totalmente desencantados\u201d.<\/p>\n<p>\u00bfFaltan m\u00e1s pruebas? Acaso esta pueda valer: Joschka Fischer, el luchador sesentayochista, el carism\u00e1tico dirigente de \u201cDie Gr\u00fcnen\u201d, el razonable, laureado y pragm\u00e1tico ministro de Exteriores de la Alemania roji-verde, es actualmente asesor\u2026 de BMW.<\/p>\n<p>\u00bfNo es suficiente?<\/p>\n<p>&nbsp;<\/p>\n<p><a href=\"#_ftnref1\" name=\"_ftn1\">[1]<\/a> Pere Rusi\u00f1ol, \u201cLa izquierda alternativa saca el pecho en la UE\u201d, P\u00fablico, 13 de octubre de 2009, pp. 12-13.<\/p>\n<p><a href=\"#_ftnref2\" name=\"_ftn2\">[2]<\/a> Bel\u00e9n Gopegui, Deseo de ser punk, Barcelona, Anagrama, 2009. \u00bfNo la han le\u00eddo? \u00bfA\u00fan no conocen a Martina? \u00bfY a qu\u00e9 esperan?<\/p>\n","protected":false},"excerpt":{"rendered":"<p>Decisiones (e intereses) verdes<\/p>\n<p>A prop\u00f3sito de la izquierda alternativa en Europa<\/p>\n<p>\u00a0<\/p>\n<p>Salvador L\u00f3pez Arnal<\/p>\n<p>\u00a0<\/p>\n<p>En las muy recientes elecciones alemanas, apuntaba Pere Rusi\u00f1ol en P\u00fablico[1], la izquierda pulveriz\u00f3 varios r\u00e9cords: los marxistas, la noci\u00f3n es del propio Rusi\u00f1ol, llegaron al 12% y los verdes superaron por vez primera el 10%. El conjunto de la \u201cizquierda alternativa\u201d \u2013la expresi\u00f3n es tambi\u00e9n del autor- obtuvo un 22,6%. Los socialdem\u00f3cratas, por el contrario, cosecharon el peor resultado desde la Segunda Guerra Mundial: apenas el 23%, pr\u00e1cticamente el mismo porcentaje de votos que la suma de Die Linke y Die Gr\u00fcnen.<\/p>\n","protected":false},"author":9,"featured_media":0,"comment_status":"open","ping_status":"open","sticky":false,"template":"","format":"standard","meta":{"footnotes":""},"categories":[13],"tags":[],"class_list":["post-1245","post","type-post","status-publish","format-standard","hentry","category-la-izquierda-a-debate"],"aioseo_notices":[],"_links":{"self":[{"href":"https:\/\/espai-marx.net\/index.php?rest_route=\/wp\/v2\/posts\/1245","targetHints":{"allow":["GET"]}}],"collection":[{"href":"https:\/\/espai-marx.net\/index.php?rest_route=\/wp\/v2\/posts"}],"about":[{"href":"https:\/\/espai-marx.net\/index.php?rest_route=\/wp\/v2\/types\/post"}],"author":[{"embeddable":true,"href":"https:\/\/espai-marx.net\/index.php?rest_route=\/wp\/v2\/users\/9"}],"replies":[{"embeddable":true,"href":"https:\/\/espai-marx.net\/index.php?rest_route=%2Fwp%2Fv2%2Fcomments&post=1245"}],"version-history":[{"count":0,"href":"https:\/\/espai-marx.net\/index.php?rest_route=\/wp\/v2\/posts\/1245\/revisions"}],"wp:attachment":[{"href":"https:\/\/espai-marx.net\/index.php?rest_route=%2Fwp%2Fv2%2Fmedia&parent=1245"}],"wp:term":[{"taxonomy":"category","embeddable":true,"href":"https:\/\/espai-marx.net\/index.php?rest_route=%2Fwp%2Fv2%2Fcategories&post=1245"},{"taxonomy":"post_tag","embeddable":true,"href":"https:\/\/espai-marx.net\/index.php?rest_route=%2Fwp%2Fv2%2Ftags&post=1245"}],"curies":[{"name":"wp","href":"https:\/\/api.w.org\/{rel}","templated":true}]}}