{"id":12509,"date":"2022-09-28T05:00:32","date_gmt":"2022-09-28T04:00:32","guid":{"rendered":"https:\/\/espai-marx.net\/?p=12509"},"modified":"2022-09-28T04:53:50","modified_gmt":"2022-09-28T03:53:50","slug":"12509","status":"publish","type":"post","link":"https:\/\/espai-marx.net\/?p=12509","title":{"rendered":"Taller de lectura de Bombers Indignats: <i>Democracia y socialismo<\/i> de Arthur Rosenberg"},"content":{"rendered":"<p>Nova obra al taller de lectura de Bombers Indignats. Es tracta de <em>Democracia y socialismo<\/em> de Arthur Rosenberg. La 1\u00aa Trobada, sessi\u00f3 d&#8217;introducci\u00f3 es va celebrar el divendres 23 de Setembre de 2022 a les 10.30h<br \/>\na Can Batll\u00f3: <a href=\"https:\/\/www.canbatllo.org\/\">https:\/\/www.canbatllo.org\/<\/a><\/p>\n<p>En formar-se, el col.lectiu de Bombers Indignats es va decidir posar en marxa el taller de lectura i debat sobre tema pol\u00edtic, al qual tots som sensibles.<\/p>\n<p>Es tracta de vincular l&#8217;idea d&#8217;estudiar, de formar-nos i de treure conclusions a nivell personal amb la nostra participaci\u00f3 als moviments socials, assemblees, ja siguin de bombers o qualsevol altre.<\/p>\n<p>La idea \u00e9s desenvolupar el pensament cr\u00edtic, entenent el que volen dir els autors sense jutjar i aix\u00ed donar peu a noves lectures.<\/p>\n<p>Aquesta es la gravaci\u00f3 de la primera sessi\u00f3:<\/p>\n<div class=\"powerpress_player\" id=\"powerpress_player_1775\"><audio class=\"wp-audio-shortcode\" id=\"audio-12509-1\" preload=\"none\" style=\"width: 100%;\" controls=\"controls\"><source type=\"audio\/mpeg\" src=\"https:\/\/espai-marx.net\/wp-content\/uploads\/2022\/09\/Seminario-Rosenberg-20220923.mp3?_=1\" \/><a href=\"https:\/\/espai-marx.net\/wp-content\/uploads\/2022\/09\/Seminario-Rosenberg-20220923.mp3\">https:\/\/espai-marx.net\/wp-content\/uploads\/2022\/09\/Seminario-Rosenberg-20220923.mp3<\/a><\/audio><\/div><p class=\"powerpress_links powerpress_links_mp3\" style=\"margin-bottom: 1px !important;\">Podcast: <a href=\"https:\/\/espai-marx.net\/wp-content\/uploads\/2022\/09\/Seminario-Rosenberg-20220923.mp3\" class=\"powerpress_link_pinw\" target=\"_blank\" title=\"Reproducir en una nueva ventana\" onclick=\"return powerpress_pinw('https:\/\/espai-marx.net\/?powerpress_pinw=12509-podcast');\" rel=\"nofollow\">Reproducir en una nueva ventana<\/a> | <a href=\"https:\/\/espai-marx.net\/wp-content\/uploads\/2022\/09\/Seminario-Rosenberg-20220923.mp3\" class=\"powerpress_link_d\" title=\"Descargar\" rel=\"nofollow\" download=\"Seminario-Rosenberg-20220923.mp3\">Descargar<\/a> | <a href=\"#\" class=\"powerpress_link_e\" title=\"Incrustar\" onclick=\"return powerpress_show_embed('12509-podcast');\" rel=\"nofollow\">Incrustar<\/a><\/p><p class=\"powerpress_embed_box\" id=\"powerpress_embed_12509-podcast\" style=\"display: none;\"><input id=\"powerpress_embed_12509-podcast_t\" type=\"text\" value=\"&lt;iframe width=&quot;320&quot; height=&quot;30&quot; src=&quot;https:\/\/espai-marx.net\/?powerpress_embed=12509-podcast&amp;amp;powerpress_player=mediaelement-audio&quot; title=&quot;Blubrry Podcast Player&quot; frameborder=&quot;0&quot; scrolling=&quot;no&quot;&gt;&lt;\/iframe&gt;\" onclick=\"javascript: this.select();\" onfocus=\"javascript: this.select();\" style=\"width: 70%;\" readOnly><\/p><p class=\"powerpress_links powerpress_subscribe_links\">Suscr\u00edbete: <a href=\"https:\/\/www.youtube.com\/@PodcastdeEspaiMarx-ht2uc\" class=\"powerpress_link_subscribe powerpress_link_subscribe_youtube\" target=\"_blank\" title=\"Suscr\u00edbete a YouTube Music\" rel=\"nofollow\">YouTube Music<\/a> | <a href=\"https:\/\/espai-marx.net\/?feed=podcast\" class=\"powerpress_link_subscribe powerpress_link_subscribe_rss\" target=\"_blank\" title=\"Suscr\u00edbete v\u00eda RSS\" rel=\"nofollow\">RSS<\/a><\/p>","protected":false},"excerpt":{"rendered":"<p>Nova obra al taller de lectura de Bombers Indignats. Es tracta de Democracia y socialismo de Arthur Rosenberg. La 1\u00aa<\/p>\n","protected":false},"author":5,"featured_media":12149,"comment_status":"open","ping_status":"open","sticky":false,"template":"","format":"standard","meta":{"footnotes":""},"categories":[1549,17,856,1553],"tags":[],"class_list":["post-12509","post","type-post","status-publish","format-standard","has-post-thumbnail","hentry","category-democracia","category-historia","category-podcast","category-socialismo"],"aioseo_notices":[],"_links":{"self":[{"href":"https:\/\/espai-marx.net\/index.php?rest_route=\/wp\/v2\/posts\/12509","targetHints":{"allow":["GET"]}}],"collection":[{"href":"https:\/\/espai-marx.net\/index.php?rest_route=\/wp\/v2\/posts"}],"about":[{"href":"https:\/\/espai-marx.net\/index.php?rest_route=\/wp\/v2\/types\/post"}],"author":[{"embeddable":true,"href":"https:\/\/espai-marx.net\/index.php?rest_route=\/wp\/v2\/users\/5"}],"replies":[{"embeddable":true,"href":"https:\/\/espai-marx.net\/index.php?rest_route=%2Fwp%2Fv2%2Fcomments&post=12509"}],"version-history":[{"count":1,"href":"https:\/\/espai-marx.net\/index.php?rest_route=\/wp\/v2\/posts\/12509\/revisions"}],"predecessor-version":[{"id":17878,"href":"https:\/\/espai-marx.net\/index.php?rest_route=\/wp\/v2\/posts\/12509\/revisions\/17878"}],"wp:featuredmedia":[{"embeddable":true,"href":"https:\/\/espai-marx.net\/index.php?rest_route=\/wp\/v2\/media\/12149"}],"wp:attachment":[{"href":"https:\/\/espai-marx.net\/index.php?rest_route=%2Fwp%2Fv2%2Fmedia&parent=12509"}],"wp:term":[{"taxonomy":"category","embeddable":true,"href":"https:\/\/espai-marx.net\/index.php?rest_route=%2Fwp%2Fv2%2Fcategories&post=12509"},{"taxonomy":"post_tag","embeddable":true,"href":"https:\/\/espai-marx.net\/index.php?rest_route=%2Fwp%2Fv2%2Ftags&post=12509"}],"curies":[{"name":"wp","href":"https:\/\/api.w.org\/{rel}","templated":true}]}}