{"id":1251,"date":"2009-10-25T00:00:00","date_gmt":"2009-10-25T00:00:00","guid":{"rendered":"https:\/\/espai-marx.net\/?p=1251"},"modified":"2020-02-23T11:53:30","modified_gmt":"2020-02-23T10:53:30","slug":"sin-piedad-la-cosmovision-antropologica-del-presidente-de-france-telecom","status":"publish","type":"post","link":"https:\/\/espai-marx.net\/?p=1251","title":{"rendered":"Sin piedad. La cosmovisi\u00f3n antropol\u00f3gica del presidente de France T\u00e9l\u00e9com"},"content":{"rendered":"<p>Leo la informaci\u00f3n en un despacho de la agencia EFE.<\/p>\n<p>Recuerdo, innecesariamente, un dato que golpea la mente de todos y que apenas tienen precedentes en la historia reciente del movimiento obrero europeo: 25 trabajadores de France T\u00e9l\u00e9com se han suicidado desde febrero de 2008, en apenas a\u00f1o y medio. El \u00faltimo trabajador suicidado, un ingeniero de 48 a\u00f1os, el pasado jueves 14 de octubre.<\/p>\n<p>El presidente de la corporaci\u00f3n, Didier Lombard, cuando este vig\u00e9simo quinto trabajador a\u00fan no hab\u00eda sido enterrado, concedi\u00f3 una entrevista al diario conservador franc\u00e9s Le Figaro publicada, salvo error por mi parte, el pasado viernes 16 de octubre, en la que afirmaba, orgulloso de haberse conocido, que \u201cla ola de suicidios\u201d no hab\u00eda penalizado econ\u00f3micamente a la corporaci\u00f3n francesa de telecomunicaciones y que, por supuesto, \u201cla estrategia comercial contin\u00faa con la preparaci\u00f3n de la campa\u00f1a de Navidad\u201d.<\/p>\n<p>Sin pausa, sin cambios, sin p\u00e9rdida de rumbo, sin alteraciones en el pulso. El euro, manchado de sangre, en el puesto de mando<\/p>\n<p>Lombard se\u00f1alaba igualmente en la entrevista que en los pr\u00f3ximos d\u00edas la direcci\u00f3n iba a enviar un cuestionario a \u201csus empleados\u201d. De este modo, coment\u00f3, \u201cel personal de la compa\u00f1\u00eda\u201d podr\u00eda se\u00f1alar qu\u00e9 actuaciones empresariales les hac\u00eda sentirse mal. No es ninguna broma, no es chiste para garantizar distensi\u00f3n en la entrevista.<\/p>\n<p>Todo ello, a\u00f1adi\u00f3, dentro de la campa\u00f1a de prevenci\u00f3n de suicidios. La campa\u00f1a incluye tambi\u00e9n la congelaci\u00f3n, no la eliminaci\u00f3n, \u201cde la movilidad forzosa de los trabajadores\u201d, lo que apunta con nitidez que esa movilidad forzada ha sido moneda corriente hasta la fecha, sin alteraciones, a pesar de los suicidios realizados, al igual que una mayor flexibilidad de los responsables locales de los centros de trabajo para gestionar, seg\u00fan sus iniciativas, posibles problemas de su personal, aclaraci\u00f3n que, al igual que en el caso anterior, presupone que esos responsables locales no ten\u00edan autonom\u00eda para \u201cgestionar\u201d esos problemas de \u201csu personal\u201d.<\/p>\n<p>&#8216;No se puede cambiar todo en una semana\u201d, apunt\u00f3 tambi\u00e9n Lombard, pero de aqu\u00ed a dos meses, como si hasta ahora nada pudiera haberse hecho, la situaci\u00f3n deber\u00eda ser m\u00e1s serena, \u201cserena\u201d, ese fue el t\u00e9rmino escogido. Como siempre, como acostumbran a se\u00f1alar en momentos de alerta social, la vana y estudiada esperanza empresarial que habite el olvido en territorios donde ha reinado la ignominia y la desesperanza.<\/p>\n<p>Lombard fue preguntado sobre si hab\u00eda pensado dimitir, como trabajadores, sindicatos y organizaciones de la oposici\u00f3n de izquierdas francesa le han exigido y exigen. La respuesta no ten\u00eda desperdicio: &#8216;podr\u00eda haber estado tentado de hacerlo&#8217;. \u00a1Podr\u00eda haber estado tentado de hacerlo!<\/p>\n<p>El se\u00f1or presidente, desde luego, no ha ca\u00eddo en esa tentaci\u00f3n y ha justificado su permanencia con la consabida met\u00e1fora marinera: &#8216;un capit\u00e1n no abandona el barco cuando se encuentra en una tempestad\u201d. Lombard, asegura, que tiene que llevar a buen puerto la embarcaci\u00f3n TF. \u00bfQu\u00e9 significa \u201cbuen puerto\u201d en este caso? Tomen nota: una situaci\u00f3n de empresa humana y pr\u00f3spera. \u00a1Humana y pr\u00f3spera! Lombard asegur\u00f3, acaso c\u00ednicamente convencido del buen gusto y olor de su posici\u00f3n, que \u00e9l quiere encarnar personalmente un mensaje esencial para los trabajadores de la empresa: &#8216;la nueva France T\u00e9l\u00e9com tiene que ser humanamente eficiente para seguir siendo econ\u00f3micamente eficiente&#8217;.<\/p>\n<p>\u00bfHumanamente eficiente, tras 25 suicidios, para ser econ\u00f3micamente eficiente? \u00bfHumanamente eficiente tras desplazamientos forzados y la desesperaci\u00f3n de cientos y cientos de trabajadores y trabajadoras? \u00bfQu\u00e9 puede querer decir aqu\u00ed \u201chumanamente eficiente\u201d? No hay dudas, sin duda, sobre el sentido de \u201cecon\u00f3micamente eficiente\u201d.<\/p>\n<p>Este es el lenguaje, esta es la cosmovisi\u00f3n esencial de las clases dominantes europeas y mundiales, que no s\u00f3lo dominen sino dirigen los destinos de miles de millones de personas. Otra arista, \u00e9sta a las claras, del poliedro civilizatorio del trasnochado neoliberalismo. Suena a demagogia, pero puede asegurarse que no lo es: el capitalismo es un sistema depredador de la Humanidad y de la misma Naturaleza.<\/p>\n<p>Sin posible rectificaci\u00f3n. Y sin piedad desde luego.<\/p>\n<p>Rebeli\u00f3n ha publicado este art\u00edculo a petici\u00f3n expresa del autor mediante una licencia de Creative Commons, respetando su libertad para publicarlo en otras fuentes.<\/p>\n<p><a href=\"http:\/\/creativecommons.org\/licenses\/by-nc-nd\/2.5\/es\/\">http:\/\/creativecommons.org\/licenses\/by-nc-nd\/2.5\/es\/<\/a><\/p>\n","protected":false},"excerpt":{"rendered":"<p>SIN PIEDAD. LA COSMOVISI\u00d3N ANTROPOL\u00d3GICA DEL PRESIDENTE DE FRANCE T\u00c9L\u00c9COM.<\/p>\n<p>\u00a0<\/p>\n<p>Salvador L\u00f3pez Arnal<\/p>\n<p>\u00a0<\/p>\n<p>Leo la informaci\u00f3n en un despacho de la agencia EFE.<\/p>\n<p>Recuerdo, innecesariamente, un dato que golpea la mente de todos y que apenas tienen precedentes en la historia reciente del movimiento obrero europeo: 25 trabajadores de France T\u00e9l\u00e9com se han suicidado desde febrero de 2008, en apenas a\u00f1o y medio. El \u00faltimo trabajador suicidado, un ingeniero de 48 a\u00f1os, el pasado jueves 14 de octubre.<\/p>\n","protected":false},"author":9,"featured_media":0,"comment_status":"open","ping_status":"open","sticky":false,"template":"","format":"standard","meta":{"footnotes":""},"categories":[45],"tags":[],"class_list":["post-1251","post","type-post","status-publish","format-standard","hentry","category-proletariado-demos-multidud"],"aioseo_notices":[],"_links":{"self":[{"href":"https:\/\/espai-marx.net\/index.php?rest_route=\/wp\/v2\/posts\/1251","targetHints":{"allow":["GET"]}}],"collection":[{"href":"https:\/\/espai-marx.net\/index.php?rest_route=\/wp\/v2\/posts"}],"about":[{"href":"https:\/\/espai-marx.net\/index.php?rest_route=\/wp\/v2\/types\/post"}],"author":[{"embeddable":true,"href":"https:\/\/espai-marx.net\/index.php?rest_route=\/wp\/v2\/users\/9"}],"replies":[{"embeddable":true,"href":"https:\/\/espai-marx.net\/index.php?rest_route=%2Fwp%2Fv2%2Fcomments&post=1251"}],"version-history":[{"count":0,"href":"https:\/\/espai-marx.net\/index.php?rest_route=\/wp\/v2\/posts\/1251\/revisions"}],"wp:attachment":[{"href":"https:\/\/espai-marx.net\/index.php?rest_route=%2Fwp%2Fv2%2Fmedia&parent=1251"}],"wp:term":[{"taxonomy":"category","embeddable":true,"href":"https:\/\/espai-marx.net\/index.php?rest_route=%2Fwp%2Fv2%2Fcategories&post=1251"},{"taxonomy":"post_tag","embeddable":true,"href":"https:\/\/espai-marx.net\/index.php?rest_route=%2Fwp%2Fv2%2Ftags&post=1251"}],"curies":[{"name":"wp","href":"https:\/\/api.w.org\/{rel}","templated":true}]}}