{"id":12515,"date":"2022-09-29T05:00:14","date_gmt":"2022-09-29T04:00:14","guid":{"rendered":"https:\/\/espai-marx.net\/?p=12515"},"modified":"2022-09-29T03:59:04","modified_gmt":"2022-09-29T02:59:04","slug":"oskar-lafontaine-alemania-vasallo-de-eeuu-en-la-guerra-de-ucrania","status":"publish","type":"post","link":"https:\/\/espai-marx.net\/?p=12515","title":{"rendered":"Oskar Lafontaine: \u00bfAlemania vasallo de EEUU en la guerra de Ucrania?."},"content":{"rendered":"<p>En un largo articulo el famoso pol\u00edtico que fuera jefe de la Social Democracia, luego del partido Die Linke para luego declararse independiente ha puesto en cuesti\u00f3n la actual pol\u00edtica exterior del Estado alem\u00e1n y, por tanto, tambi\u00e9n la de la Uni\u00f3n Europea.<\/p>\n<p>Lafontaine dice que Europa necesita una pol\u00edtica de seguridad militar independiente. Una cr\u00edtica fundamental a la actual coalici\u00f3n alemana de socialdem\u00f3cratas, liberales y verdes. Una coalici\u00f3n \u00absem\u00e1foro\u00bb que s\u00f3lo presenta el negro color de est\u00edmulo a la guerra en Ucrania.<\/p>\n<p class=\"yiv1404613546MsoNormal\"><span lang=\"ES\">Lafontaine denuncia la sistem\u00e1tica ignorancia de la historia y de los precedentes que han dado lugar a la guerra de Ucrania que, seg\u00fan la mayor\u00eda de los pol\u00edticos y periodistas alemanes, comenz\u00f3 el 24 de febrero de 2022. Tal miop\u00eda deja de lado toda la prehistoria de la invasi\u00f3n de Ucrania por parte del ej\u00e9rcito ruso, y seg\u00fan Lafontaine, cuya opini\u00f3n tiene peso y no s\u00f3lo en la izquierda, con tan corta mirada Alemania no puede contribuir a la paz.<\/span><\/p>\n<p class=\"yiv1404613546MsoNormal\"><span lang=\"ES\">\u00a0<\/span><span lang=\"ES\">Lafontaine cuya cultura est\u00e1 fuera de dudas recuerda la frase del poeta Esquilo: En la guerra, la verdad es la primera v\u00edctima. De ello se desprende que, para encontrar la paz, hay que volver a la verdad, mejor: a la veracidad. Y esto incluye el hecho de que toda guerra tiene su prehistoria. Y la prehistoria de la guerra de Ucrania comienza con la autoimagen de Estados Unidos como naci\u00f3n elegida con la pretensi\u00f3n de ser y seguir siendo la \u00fanica potencia mundial. Es decir, mantener su hegemon\u00eda mundial a toda costa, especialmente a costa de otros, en este caso los europeos.<\/span><\/p>\n<p class=\"yiv1404613546MsoNormal\"><span lang=\"ES\">Si los EE.UU fueran realmente una potencia protectora de Europa y siguiese una pol\u00edtica exterior pac\u00edfica y no rodease militarmente a los rivales emergentes, en este caso Rusia y China, provoc\u00e1ndolos constantemente otro gallo cantar\u00eda en el coro internacional.<\/span><\/p>\n<p class=\"yiv1404613546MsoNormal\"><span lang=\"ES\">Lafontaine expone con claridad lo que muchos pol\u00edticos y analistas internacionales opinan sobre el hecho de que si la supuesta potencia protectora tiene instalaciones militares en el territorio de sus aliados desde las que libra sus guerras, entonces se pone menos en peligro a s\u00ed misma y mucho a los aliados con tal geopol\u00edtica agresiva.<\/span><\/p>\n<p class=\"yiv1404613546MsoNormal\"><span lang=\"ES\">\u00a0<\/span><span lang=\"ES\">Para mantener su hegemon\u00eda, los Estados Unidos hacen todo lo posible para evitar que otra potencia mundial ocupe terreno en el tablero internacional. Esto se aplica no s\u00f3lo a China y Rusia, sino tambi\u00e9n a la propia Uni\u00f3n Europea (UE), y quiz\u00e1s en el futuro a la India como ahora hace con el Ir\u00e1n. Se sabe que EE.UU. tiene, con mucho, el mayor aparato militar del mundo, y algunos estados \u00a0concluyen que lo mejor es refugiarse bajo el ala de esta \u00fanica, hasta hace poco \u00fanica potencia mundial.<\/span><\/p>\n<p class=\"yiv1404613546MsoNormal\"><b><span lang=\"ES\">\u00abAlemania no es un pa\u00eds soberano\u00bb<\/span><\/b><\/p>\n<p class=\"yiv1404613546MsoNormal\"><span lang=\"ES\">Lafontaine ocup\u00f3 posiciones influyentes en la Oposici\u00f3n parlamentaria e incluso en gobiernos de la Rep\u00fablica Federal Alemana y sabe de lo que habla. As\u00ed pone algunos ejemplos como el del \u201c<\/span><b><i><span lang=\"ES\">aeropuerto de Ramstein que era y es indispensable para las guerras de Estados Unidos en Oriente Medio, \u00c1frica y Ucrania. Por lo tanto, cuando los estadounidenses hacen la guerra, Alemania siempre es parte de la misma, lo quiera o no<\/span><\/i><\/b><span lang=\"ES\">.\u201d El General Charles de Gaulle que hab\u00eda visto tal peligro para Francia, no quer\u00eda instalaciones de la OTAN, es decir, de Estados Unidos, en suelo franc\u00e9s. Un pa\u00eds, dijo, debe ser capaz de decidir por s\u00ed mismo sobre la guerra o la paz.<\/span><\/p>\n<p class=\"yiv1404613546MsoNormal\"><span lang=\"ES\">Para Lafontaine el que Alemania no es un pa\u00eds realmente soberano volvi\u00f3 a quedar claro cuando el Secretario de Guerra de EE.UU., Lloyd Austin, invit\u00f3 a una conferencia en Ramstein en la que los estados vasallos (as\u00ed los llama) deb\u00edan entregar su contribuci\u00f3n a la guerra de Ucrania. No lo menciona pero debemos recordar que Espa\u00f1a estaba presente en la ceremonia de positivo acatamiento a la superioridad. Por supuesto, Estados Unidos tambi\u00e9n reclam\u00f3 el derecho a decidir si un pa\u00eds como Alemania puede poner en marcha un gasoducto de suministro energ\u00e9tico como Nord Stream 2.<\/span><\/p>\n<p class=\"yiv1404613546MsoNormal\"><b><span lang=\"ES\">La Guerra en Ucrania tiene larga historia y prehistoria<\/span><\/b><\/p>\n<p class=\"yiv1404613546MsoNormal\"><span lang=\"ES\">\u00a0<\/span><span lang=\"ES\">Siempre siguiendo lo escrito por Lafontaine y tambi\u00e9n p\u00fablicamente expresado por su esposa Sarah Wagenecht que sigue siendo parlamentaria del partido <b>Die Linke<\/b>: La prehistoria de la guerra de Ucrania incluye las consideraciones de los estrategas estadounidenses de que Ucrania era y es un <b>Estado clave <\/b>para el dominio del continente euroasi\u00e1tico. Por esta raz\u00f3n, seg\u00fan el antiguo asesor del presidente Carter, Brzezinski, en un libro de 1997 titulado \u00abLa \u00fanica potencia mundial\u00bb, Ucrania deber\u00eda convertirse en un estado vasallo de Estados Unidos. Como se ve, tales pensamientos en las alturas estatales americanas no son nuevos, ni mucho menos.<\/span><\/p>\n<p class=\"yiv1404613546MsoNormal\"><span lang=\"ES\">A pesar de que importantes analistas pol\u00edticos estadounidenses como George Kennan advirtieron que no deb\u00edan convertir a Ucrania en un puesto militar en la frontera con Rusia, los presidentes Clinton, Bush, Obama, Trump y Biden siguieron impulsando la expansi\u00f3n de la OTAN hacia el Este y el rearme de Ucrania a pesar de que Rusia llevaba m\u00e1s de 20 a\u00f1os diciendo e indicando en diferentes ocasiones que no aceptar\u00eda tropas y misiles estadounidenses en su frontera ucraniana.<\/span><\/p>\n<p class=\"yiv1404613546MsoNormal\"><span lang=\"ES\">\u00a0<\/span><span lang=\"ES\">Con el golpe de estado en el Maidan en 2014, (en la prensa occidental celebrado como acto liberador), Estados Unidos demostr\u00f3 que no ten\u00eda en cuenta los intereses de seguridad de Rusia. Instalaron un gobierno t\u00edtere de Estados Unidos, mediante presiones y grandes sumas de dinero, e hicieron todo lo posible para integrar las fuerzas armadas de Ucrania en las estructuras de la OTAN. Se realizaron maniobras conjuntas pese a las constantes objeciones del gobierno ruso.<\/span><\/p>\n<p class=\"yiv1404613546MsoNormal\"><span lang=\"ES\">\u00a0<\/span><b><span lang=\"ES\"><u><i> Ning\u00fan Estado deber\u00eda desplegar misiles de una potencia rival en la frontera de una potencia nuclear sin tiempos de advertencia y justificarlo ingenuamente con la libre elecci\u00f3n de la alianza.<\/i><\/u><\/span><\/b><\/p>\n<p class=\"yiv1404613546MsoNormal\"><span lang=\"ES\">\u00a0<\/span><span lang=\"ES\">Oskar Lafontaine recuerda como el pol\u00edtico liberal que fuera Ministro de Exteriores Hans-Dietrich Genscher cay\u00f3 en desgracia a los ojos de pol\u00edticos estadounidenses porque tem\u00eda una guerra nuclear limitada en Europa y, por tanto, hizo todo lo posible para prohibir los misiles de corto alcance y las armas nucleares t\u00e1cticas en territorio alem\u00e1n y europeo. El \u00abgenscherismo\u00bb se convirti\u00f3 en una palabra sucia en Washington. La actitud de algunos estrategas estadounidenses de que una guerra nuclear limitada a Europa podr\u00eda muy bien llevarse a cabo fue se\u00f1alada de nuevo recientemente por Klaus von Dohnanyi en su excelente libro \u00abNational Interests\u00bb(que ya hemos mencionado en anterior art\u00edculo).<\/span><\/p>\n<p class=\"yiv1404613546MsoNormal\"><b><span lang=\"ES\">\u00a0\u00bfC\u00f3mo se podr\u00eda evitar la escalada?<\/span><\/b><\/p>\n<p class=\"yiv1404613546MsoNormal\"><span lang=\"ES\">\u00a0En la actualidad, no hay el menor indicio de una pol\u00edtica exterior que anteponga los intereses de Alemania a los de EEUU y sus monopolios. Los principales pol\u00edticos de la coalici\u00f3n \u00absem\u00e1foro\u00bb, Scholz, Baerbock, Habeck y Lindner, son fieles vasallos de EEUU. Scholz aboga por el rearme y se enorgullece de poder anunciar entregas de armas a Ucrania a intervalos cada vez m\u00e1s cortos. Act\u00faa como si nunca hubiera o\u00eddo hablar de la Ostpolitik y la pol\u00edtica de distensi\u00f3n de Willy Brandt, el gran pol\u00edtico socialdem\u00f3crata alem\u00e1n.. Asimismo olvidando a Genscher la actual pol\u00edtica exterior de los neoliberales del FDP est\u00e1 dominada por el lobby armament\u00edstico Strack-Zimmermann, que exige nuevas armas para Ucrania cada dos d\u00edas.<\/span><\/p>\n<p class=\"yiv1404613546MsoNormal\"><span lang=\"ES\">Siempre seg\u00fan Lafontaine: Los Verdes han pasado de ser un partido del movimiento pacifista alem\u00e1n a convertirse en el peor partido b\u00e9lico del Bundestag alem\u00e1n. Las declaraciones de Annalena Baerbock de que debemos \u00abarruinar a Rusia\u00bb deben calificarse de fascistoides. <\/span><\/p>\n<p class=\"yiv1404613546MsoNormal\"><span lang=\"ES\">El mayor partido de la oposici\u00f3n cristianodem\u00f3crata tambi\u00e9n se bate en retirada de los anteriores par\u00e1metros. El l\u00edder de la CDU, Friedrich Merz, como antiguo empleado del gigante financiero estadounidense Blackrock, es un fiel atlantista servidor de la OTAN, y exige a\u00fan m\u00e1s entregas de armas e incluso quer\u00eda cerrar el Nord Stream 1.<\/span><\/p>\n<p class=\"yiv1404613546MsoNormal\"><span lang=\"ES\">\u00a0<\/span><span lang=\"ES\">La pol\u00edtica exterior alemana perjudica los intereses de Alemania y no contribuye a la paz en Europa. Las reflexiones de Lafontaine, compartidas por muchos intelectuales y analistas independientes dicen que se necesita una reorientaci\u00f3n completa. Si existe el peligro de una guerra entre potencias nucleares debido a la geopol\u00edtica de EE.UU., debe ser tarea de la pol\u00edtica alemana y europea hacer todo lo posible para mantener nuestros territorios fuera de esta confrontaci\u00f3n.<\/span><\/p>\n<p class=\"yiv1404613546MsoNormal\"><span lang=\"ES\">\u00a0<\/span><span lang=\"ES\">Europa debe desprenderse de Estados Unidos y asumir un papel de mediaci\u00f3n entre las potencias mundiales rivales. Alemania y Francia juntas tienen el potencial de construir una pol\u00edtica exterior y de seguridad europea independiente.<\/span><\/p>\n<blockquote>\n<p class=\"yiv1404613546MsoNormal\"><span lang=\"ES\">\u00a0<\/span><span lang=\"ES\">Ya es hora de empezar a hacerlo. No siempre podemos confiar en que los l\u00edderes militares prudentes eviten una conflagraci\u00f3n mundial nuclear cuando la guerra llega a su punto \u00e1lgido. Ejemplos de ello son el oficial naval sovi\u00e9tico Archipov, que impidi\u00f3 el lanzamiento de un torpedo nuclear en la Crisis de los Misiles de Cuba, o el coronel sovi\u00e9tico Petrov, que decidi\u00f3 en 1984, cuando los ordenadores rusos informaron err\u00f3neamente de la aproximaci\u00f3n de misiles intercontinentales con punta nuclear desde EE.UU., no lanzar el \u00abcontraataque\u00bb nuclear que realmente se hab\u00eda ordenado en este caso.<\/span><\/p>\n<\/blockquote>\n<p class=\"yiv1404613546MsoNormal\"><span lang=\"ES\">\u00a0<\/span><span lang=\"ES\">Es hora de dejar de dejar las iniciativas de paz s\u00f3lo en manos del presidente turco Erdogan. Si EE.UU. ya no est\u00e1 dispuesto, seg\u00fan ha admitido, a trabajar por un alto el fuego y un r\u00e1pido fin de la guerra en Ucrania, esto es el inter\u00e9s existencial de los europeos.<\/span><\/p>\n<p class=\"yiv1404613546MsoNormal\"><span lang=\"ES\">\u00a0<\/span><span lang=\"ES\">El fundador del grupo musical Pink Floyd, Roger Waters, tiene raz\u00f3n cuando se\u00f1ala que la paz todav\u00eda podr\u00eda alcanzarse sobre la base de los acuerdos de Minsk. Si, por el contrario, Estados Unidos declara (como lo ha hecho) que su objetivo es debilitar a Rusia para que no pueda volver a iniciar una guerra similar, eso es puro cinismo. \u00bfCu\u00e1ntos ucranianos y rusos m\u00e1s deben morir antes de que Estados Unidos se acerque lo suficiente a su objetivo geopol\u00edtico de debilitar decisivamente a Rusia?<\/span><\/p>\n<p class=\"yiv1404613546MsoNormal\"><span lang=\"ES\">\u00a0<\/span><span lang=\"ES\">Europa tiene ahora los precios m\u00e1s altos de la energ\u00eda. Las empresas industriales europeas est\u00e1n emigrando y creando nuevas sucursales en Estados Unidos. Los enormes pedidos de la industria de defensa estadounidense y los exorbitantes beneficios de la contaminante industria estadounidense del fracking tambi\u00e9n dejan bien claro qui\u00e9n se beneficia de esta guerra y de las sanciones.<\/span><\/p>\n<p class=\"yiv1404613546MsoNormal\"><span lang=\"ES\">\u00a0<\/span><span lang=\"ES\">Ante esta situaci\u00f3n, incluso los pol\u00edticos del sem\u00e1foro, que no tienen ni idea de pol\u00edtica exterior, deber\u00edan darse cuenta de que no hay forma de evitar la autoafirmaci\u00f3n de Europa. Un primer paso ser\u00eda impulsar un alto el fuego, presentar un plan de paz y poner en marcha el Nord Stream 2.<\/span><\/p>\n<p class=\"yiv1404613546MsoNormal\"><span lang=\"ES\">\u00a0<\/span><\/p>\n<p class=\"yiv1404613546MsoNormal\"><span lang=\"ES\">Por el contrario, continuar con la pol\u00edtica actual empobrecer\u00e1 a grandes sectores de la poblaci\u00f3n, destruir\u00e1 sectores enteros de la industria alemana y expondr\u00e1 a Alemania al riesgo de verse envuelta en una guerra nuclear.<\/span><\/p>\n<p class=\"yiv1404613546MsoNormal\"><span lang=\"ES\">\u00a0<\/span><\/p>\n<p class=\"yiv1404613546MsoNormal\"><span lang=\"ES\">Oskar Lafontaine, de 78 a\u00f1os, fue ministro presidente del Sarre, candidato del SPD a la canciller\u00eda en 1990 y l\u00edder del SPD y ministro de Econom\u00eda en el gabinete de Schr\u00f6der de 1995 a 1999. A partir de 2005 trabaj\u00f3 en puestos de responsabilidad en el Partido de la Izquierda. El 17 de marzo de 2022 anunci\u00f3 su dimisi\u00f3n y desde entonces no es miembro del partido. Es independiente y as\u00ed se expresa.<\/span><\/p>\n","protected":false},"excerpt":{"rendered":"<p>En un largo articulo el famoso pol\u00edtico que fuera jefe de la Social Democracia, luego del partido Die Linke para<\/p>\n","protected":false},"author":5,"featured_media":12517,"comment_status":"open","ping_status":"open","sticky":false,"template":"","format":"standard","meta":{"footnotes":""},"categories":[41,1555],"tags":[],"class_list":["post-12515","post","type-post","status-publish","format-standard","has-post-thumbnail","hentry","category-europa","category-imperialismo"],"aioseo_notices":[],"_links":{"self":[{"href":"https:\/\/espai-marx.net\/index.php?rest_route=\/wp\/v2\/posts\/12515","targetHints":{"allow":["GET"]}}],"collection":[{"href":"https:\/\/espai-marx.net\/index.php?rest_route=\/wp\/v2\/posts"}],"about":[{"href":"https:\/\/espai-marx.net\/index.php?rest_route=\/wp\/v2\/types\/post"}],"author":[{"embeddable":true,"href":"https:\/\/espai-marx.net\/index.php?rest_route=\/wp\/v2\/users\/5"}],"replies":[{"embeddable":true,"href":"https:\/\/espai-marx.net\/index.php?rest_route=%2Fwp%2Fv2%2Fcomments&post=12515"}],"version-history":[{"count":0,"href":"https:\/\/espai-marx.net\/index.php?rest_route=\/wp\/v2\/posts\/12515\/revisions"}],"wp:featuredmedia":[{"embeddable":true,"href":"https:\/\/espai-marx.net\/index.php?rest_route=\/wp\/v2\/media\/12517"}],"wp:attachment":[{"href":"https:\/\/espai-marx.net\/index.php?rest_route=%2Fwp%2Fv2%2Fmedia&parent=12515"}],"wp:term":[{"taxonomy":"category","embeddable":true,"href":"https:\/\/espai-marx.net\/index.php?rest_route=%2Fwp%2Fv2%2Fcategories&post=12515"},{"taxonomy":"post_tag","embeddable":true,"href":"https:\/\/espai-marx.net\/index.php?rest_route=%2Fwp%2Fv2%2Ftags&post=12515"}],"curies":[{"name":"wp","href":"https:\/\/api.w.org\/{rel}","templated":true}]}}