{"id":12522,"date":"2022-10-01T05:00:07","date_gmt":"2022-10-01T04:00:07","guid":{"rendered":"https:\/\/espai-marx.net\/?p=12522"},"modified":"2022-10-01T00:00:51","modified_gmt":"2022-09-30T23:00:51","slug":"modelo-77-la-transicion-politica-social-de-los-setenta-desde-la-vida-carcelaria","status":"publish","type":"post","link":"https:\/\/espai-marx.net\/?p=12522","title":{"rendered":"<i>Modelo 77<\/i>: la transici\u00f3n pol\u00edtica-social de los setenta desde la vida carcelaria"},"content":{"rendered":"<p align=\"justify\"><em>Direcci\u00f3n<\/em>: Alberto Rodr\u00edguez. <em>Guion<\/em>: Rafael Cobos y A. Rodr\u00edguez. <em>Producci\u00f3n<\/em>: Espa\u00f1a. Estrenada el 23\/09\/22 y una duraci\u00f3n de 125 minutos.<\/p>\n<p align=\"justify\"><em>Argumento<\/em>: la historia toma como referente lo ocurrido en la C\u00e1rcel Modelo de Barcelona, entre los a\u00f1os 1976-78, la situaci\u00f3n carcelaria y la organizaci\u00f3n Copel (Coordinaci\u00f3n de Presos en Lucha) ante la situaci\u00f3n pol\u00edtico social del momento.<\/p>\n<p align=\"justify\">En cine suele ser recurrente el tema carcelario masculino desde uno u otro <span style=\"color: #000000;\">\u00e1<\/span>ngulo expositivo. El trabajo que nos ocupa contiene, elementos comunes con otras cintas de la vida de los reclusos: convivencia, maltrato, vejaciones o violencia, que se producen en centros <span style=\"color: #000000;\">penitenciarios<\/span>. En este caso existen dos factores que le dan un plus de inter\u00e9s. El primero es de \u00abcercan\u00eda\u00bb <span style=\"color: #000000;\">con los hechos <\/span>que se narran, <span style=\"color: #000000;\">(l<\/span>os que tenemos cierta edad los vivimos muy directamente<span style=\"color: #000000;\">)<\/span>, tanto estuvi\u00e9semos a un kil\u00f3metro como a mil. El segundo es el factor social y pol\u00edtico en que el guion envuelve la narraci\u00f3n. Este \u00faltimo factor no es com\u00fan encontrarlo en historias de este tipo, ni tampoco en la industria cinematogr\u00e1fica actual.<\/p>\n<p align=\"justify\">El sevillano Alberto Rodr\u00edguez (51 a\u00f1os) pertenece <span style=\"color: #000000;\">a<\/span> un grupo de directores andaluces de su generaci\u00f3n (Benito Zambrano)<span style=\"color: #000000;\">,<\/span> que tienen cierta originalidad y diversidad tem\u00e1tica <span style=\"color: #000000;\">y<\/span> cuyos trabajos les concede<span style=\"color: #000000;\">n <\/span>cierta calidad, sobre todo cuando realizan obras propias. Rodr\u00edguez en sus pel\u00edculas siempre muestra, en mayor o menor medida, el medio social-pol\u00edtico de lo que nos cuenta, siendo, a mi entender, su pel\u00edcula <i>La isla m\u00ednima <\/i>su mejor trabajo en conjunto. En <i>Modelo 77 <\/i>mantiene su estilo realizando una investigaci\u00f3n del momento hist\u00f3rico y sus circunstancias<span style=\"color: #000000;\">,<\/span> creando y logrando transmitir una situaci\u00f3n de realismo y din\u00e1mica narrativa. <span style=\"color: #000000;\">Rueda en <\/span>un edificio carcelario con m\u00faltiples personajes con personalidades diversas y complejas <span style=\"color: #000000;\">y<\/span> cuyas interpretaciones est\u00e1n armonizadas y suficientemente solventes gracias al control de la direcci\u00f3n y tomas esc\u00e9nicas. Tambi\u00e9n la ambientaci\u00f3n de la \u00e9poca y entorno del centro <span style=\"color: #000000;\">est\u00e1n<\/span> bastante cuidado<span style=\"color: #000000;\">s<\/span>, lo cual ayuda al conjunto.<\/p>\n<p align=\"justify\">Dos temas que destacar\u00eda como opini\u00f3n global: uno negativo <span style=\"color: #000000;\">y<\/span> otro positivo. Considero excesiv<span style=\"color: #000000;\">as<\/span> las escenas <span style=\"color: #000000;\">de<\/span> violencia causadas a los presos. Por supuesto es necesario exponerlas y s\u00e9 que en el momento real posiblemente fueron numerosas, pero me parece reiterativo y prescindibles un tercio de ellas. El tema positivo radica en conseguir que como espectador uno (yo) rememore en dos horas lo que fue la \u00ab<i>mal<\/i> llamada transici\u00f3n pol\u00edtica\u00bb en esos dos a\u00f1os. Al ver en los presidiarios el fracaso en su lucha por la amnist\u00eda presidiaria, vi reflejado el estrepitoso fracaso socio-pol\u00edtico que sentimos muchos j\u00f3venes en dicho periodo hist\u00f3rico. Si esto te llega es porque existe. Este es el valor de un guion y un director, querer mostrar una idea y conseguirlo es arte, es oficio que parte del convencimiento. Otra cosa es que se acepte el conjunto, para eso est\u00e1 ah\u00ed, para valorarlo cada cual.<\/p>\n<p align=\"justify\">Antonio Ruiz<\/p>\n<p align=\"justify\">23\/09\/22<\/p>\n<p><iframe loading=\"lazy\" title=\"Modelo 77 | Tr\u00e1iler Oficial | 23 de septiembre en cines\" width=\"800\" height=\"450\" src=\"https:\/\/www.youtube.com\/embed\/Lp-AtB0ny3k?feature=oembed\" frameborder=\"0\" allow=\"accelerometer; autoplay; clipboard-write; encrypted-media; gyroscope; picture-in-picture; web-share\" referrerpolicy=\"strict-origin-when-cross-origin\" allowfullscreen><\/iframe><\/p>\n","protected":false},"excerpt":{"rendered":"<p>Direcci\u00f3n: Alberto Rodr\u00edguez. Guion: Rafael Cobos y A. Rodr\u00edguez. Producci\u00f3n: Espa\u00f1a. Estrenada el 23\/09\/22 y una duraci\u00f3n de 125 minutos.<\/p>\n","protected":false},"author":5,"featured_media":12524,"comment_status":"open","ping_status":"open","sticky":false,"template":"","format":"standard","meta":{"footnotes":""},"categories":[6,46],"tags":[],"class_list":["post-12522","post","type-post","status-publish","format-standard","has-post-thumbnail","hentry","category-cine","category-memoria-historica"],"aioseo_notices":[],"_links":{"self":[{"href":"https:\/\/espai-marx.net\/index.php?rest_route=\/wp\/v2\/posts\/12522","targetHints":{"allow":["GET"]}}],"collection":[{"href":"https:\/\/espai-marx.net\/index.php?rest_route=\/wp\/v2\/posts"}],"about":[{"href":"https:\/\/espai-marx.net\/index.php?rest_route=\/wp\/v2\/types\/post"}],"author":[{"embeddable":true,"href":"https:\/\/espai-marx.net\/index.php?rest_route=\/wp\/v2\/users\/5"}],"replies":[{"embeddable":true,"href":"https:\/\/espai-marx.net\/index.php?rest_route=%2Fwp%2Fv2%2Fcomments&post=12522"}],"version-history":[{"count":0,"href":"https:\/\/espai-marx.net\/index.php?rest_route=\/wp\/v2\/posts\/12522\/revisions"}],"wp:featuredmedia":[{"embeddable":true,"href":"https:\/\/espai-marx.net\/index.php?rest_route=\/wp\/v2\/media\/12524"}],"wp:attachment":[{"href":"https:\/\/espai-marx.net\/index.php?rest_route=%2Fwp%2Fv2%2Fmedia&parent=12522"}],"wp:term":[{"taxonomy":"category","embeddable":true,"href":"https:\/\/espai-marx.net\/index.php?rest_route=%2Fwp%2Fv2%2Fcategories&post=12522"},{"taxonomy":"post_tag","embeddable":true,"href":"https:\/\/espai-marx.net\/index.php?rest_route=%2Fwp%2Fv2%2Ftags&post=12522"}],"curies":[{"name":"wp","href":"https:\/\/api.w.org\/{rel}","templated":true}]}}