{"id":1253,"date":"2009-10-25T00:00:00","date_gmt":"2009-10-25T00:00:00","guid":{"rendered":"https:\/\/espai-marx.net\/?p=1253"},"modified":"2020-02-23T11:57:36","modified_gmt":"2020-02-23T10:57:36","slug":"el-pais-el-ministro-informacion-desinformacion-y-arnaldo-otegi-y-su-via-politica-a-la-paz-a-la-carcel","status":"publish","type":"post","link":"https:\/\/espai-marx.net\/?p=1253","title":{"rendered":"El Pa\u00eds, el ministro, informaci\u00f3n, desinformaci\u00f3n y Arnaldo Otegi y su v\u00eda pol\u00edtica a la paz a la c\u00e1rcel"},"content":{"rendered":"<p>Uno no deja de sorprenderse nunca por mucho que espere los acontecimientos y m\u00e1s en este pa\u00eds donde la veracidad de la informaci\u00f3n es puro azar o inesperada\u00a0 coincidencia.<\/p>\n<p>Que El P\u00e1is es el medio mejor informado de la llamada lucha antiterrorista no hay quien lo niegue pero esta claro que vivimos revolcaos en un merengue y en un mismo lodo todos manoseaos&#8230; Y lo digo porque no hace ni una semana que El Pais se despertaba con este titular: ETA frena las iniciativas de Arnaldo Otegi <strong>[1]<\/strong><\/p>\n<p>Pues eso que est\u00e1 claro&#8230; Que siempre ha habido chorros, maquiavelos y estafaos, contentos y amargaos, valores y dubl\u00e9&#8230; pero lo cierto es que no que no hay valores en esta clase period\u00edstica y pol\u00edtica que sufrimos en el estado espa\u00f1ol.<\/p>\n<p>Nadie puede decir que Otegi ha sido desautorizado por ETA el d\u00eda 10 y el 17 decir que esta a sus ordenes o incluso m\u00e1s que \u00e9l y o que el sindicalista de LAB Rafa D\u00edez era el m\u00e1ximo dirigente de ETA en la sombra como se ha podido o\u00edr en las cadenas de radio de la derecha extrema.<\/p>\n<p>Todo esto se hace porque es evidente que este siglo veintiuno igual que el veinte es un despliegue de mald\u00e1 insolente, ya no hay quien lo niegue. Y porque hay alguien al que no le interesa la salida pac\u00edfica del conflicto en unas determinadas condiciones ajenas a sus intereses. Salida de la que se estuvo muy cerca y que los errores de unos y de otros pero especialmente de unos que tienen todo el poder llevaron al traste.<\/p>\n<p>Hoy, El Pa\u00eds (y por supuesto la cadena SER) ponen hoy en boca de P\u00e9rez Rubalcaba que: \u00abLos cinco dirigentes &#8216;abertzales&#8217; detenidos desarrollaban la estrategia de ETA y por eso van a la c\u00e1rcel\u00bb y recordamos que esto es lo que siempre ha dicho el ministro del interior (ya con Felipe Gonz\u00e1lez) que advirti\u00f3 a la izquierda abertzale y a Otegi que \u00absi quiere hacer pol\u00edtica tiene que romper con ETA o convencerla de que deje de matar\u00bb. <strong>[2]<\/strong><\/p>\n<p>Para muchos de nosotros que repudiamos la violencia contra personas inocentes, que repudiamos el terrorismo [3] y con mucha m\u00e1s fuerza la violencia del terrorismo de estado. Creemos sinceramente que la izquierda abertzale hace ya algunos a\u00f1os que busca una salida pol\u00edtica a esta situaci\u00f3n, que necesita, como dice Mariano Ferrer. \u201cuna pista de aterrizaje\u201d. Y eso es lo que todo el mundo en Euskal Herria cree que eso es lo que estaban haciendo los hoy detenidos: iniciar un proceso de construcci\u00f3n de una alternativa pol\u00edtica de paz.<\/p>\n<p>Quien puede creer que Otegi o los miembros de la izquierda abertzale no van a saber que los siguen y que est\u00e1n detr\u00e1s de ellos miles de ojos de todos los servicios secretos: espa\u00f1oles, franceses, americanos y vete a saber que otros, nadie cree que estas personas se reunir\u00edan con terroristas pues de ser as\u00ed unos y otros ser\u00edan inmediatamente detenidos o como m\u00ednimo nadie sensato se reunir\u00eda con alguien que todo el mundo sabe que esta vigilado. Pero bueno este razonamiento es in\u00fatil esto todos los sabemos.<\/p>\n<p>Lo que no sabemos y si queremos saber es que pasa con el proceso de paz, que pasa con las gentes que nada tiene que ver con ETA, que pasa ahora con las amenazas contra un sindicato de clase y digno como es LAB, pero es m\u00e1s, esto no se queda aqu\u00ed sino que ya se ataca a Aralar, pues ha sido detenida y encarcelada en esta misma redada la hija de su fundador Patxi Zabaleta. Pero que locura es esta!<\/p>\n<p>Se amenazo desde los medios de comunicaci\u00f3n de masas a Alfonso Sastre, se amenaz\u00f3 a personas de paz de los medios de informaci\u00f3n alternativos, pero hasta donde vamos a llegar. Y todo esto sin que la autodenominada izquierda oficial o institucional reaccionar\u00e1, ni la espa\u00f1ola (IU-PCE) o la catalana (ICV-EUiA-PCC) o la gallega (BNG) u otras&#8230;..<\/p>\n<p>Que objetivo ten\u00eda Otegi, seg\u00fan fuentes period\u00edsticas, pues implemente crear, para la primavera de 2010, una formaci\u00f3n pol\u00edtica llamada \u201cBateragune\u201d que ser\u00eda un referente pol\u00edtico de la izquierda independentista para poder concurrir a las elecciones municipales y forales de 2011&#8230; y claro eso era peligros\u00edsimo pues ser\u00eda imposible ilegalizarlo como ha quedado demostrado en estos \u00faltimos a\u00f1os donde la ilegalizaci\u00f3n de listas ha sido pr\u00e1cticamente imposible en el estado espa\u00f1ol&#8230; Pero por favor que no hay vida inteligente en es estado espa\u00f1ol o es que todos cierran los ojos ante tanta injusticia y barbarie.<\/p>\n<p>Pero no solo eso es que adem\u00e1s el gobierno espa\u00f1ol de la mano de Rubalcaba ha dicho hoy en el programa de la cadena SER a A vivir que son dos d\u00edas, que es lo que debe hacer la izquierda aberzatle (que es lo que parece ser que estaba Otegi haciendo hace una semana seg\u00fan el Pa\u00eds y que denunciaba que ETA no le dejaba hacerlo) \u00abBatasuna lo que tiene que hacer es convencer a ETA de que deje de matar y mientras no lo haga, no podr\u00e1 dedicarse a la pol\u00edtica\u00bb. Y a\u00f1ade \u00abLo que tiene que hacer Otegi si quiere hacer pol\u00edtica\u00bb&#8230;. \u00abes romper con ETA o convencer a ETA de que deje de matar\u00bb. Y ya lo \u00faltimo que uno esperaba o\u00edr sobre los que se manifiesten hoy \u00abcada uno se manifiesta cuando quiere y yo respeto su libertad, pero que sepan que lo que est\u00e1 defendiendo hoy en la calle es una estrategia dise\u00f1ada por ETA que sabemos d\u00f3nde nos conduce\u00bb.<\/p>\n<p>Los trabajadores de Euskal Herria y del conjunto del Estado espa\u00f1ol necesitamos trabajo digno, justicia social pero tambi\u00e9n paz y derechos democr\u00e1ticos y entre ellos le derecho a decir (si queremos pertenecer o no a un estado espa\u00f1ol que nos niega libertades democr\u00e1ticas y derechos sociales) y esto cada d\u00eda es m\u00e1s dif\u00edcil de conseguir la alianza entre las fuerzas espa\u00f1olistas en los aspectos nacionales y las derechas nacionalistas con estas otras en los aspectos sociales lo hacen imposible y de momento no aparece una alternativa que les pueda plantar cara mientras el conjunto de la ciudadan\u00eda se aleja de la participaci\u00f3n pol\u00edtica y lo que es peor de la participaci\u00f3n social.<\/p>\n<p>Sinceramente en este estado parece ser que la vida inteligente es imposible!<\/p>\n<p><strong><i>Notas:<\/i><\/strong><i><\/i><\/p>\n<p>[1]<strong><i><a href=\"http:\/\/www.elpais.com\/articulo\/espana\/ETA\/frena\/iniciativas\/Arnaldo\/Otegi\/elpepuesp\/20091011elpepinac_10\/Tes\"> ETA frena las iniciativas de Arnaldo Otegi<\/a><\/i><\/strong> La banda terrorista responsabiliza a la izquierda &#8216;abertzale&#8217; de su par\u00e1lisis pol\u00edtica tras la ruptura de la tregua. <strong>LUIS R. AIZPEOLEA<\/strong> &#8211; Madrid &#8211; 11\/10\/2009 El Pa\u00eds.<\/p>\n<p>[2] <strong><a href=\"http:\/\/www.elpais.com\/articulo\/espana\/dirigentes\/abertzales\/detenidos\/desarrollaban\/estrategia\/ETA\/van\/carcel\/elpepuesp\/20091017elpepunac_2\/Tes\">\u00abLos cinco dirigentes &#8216;abertzales&#8217; detenidos desarrollaban la estrategia de ETA y por eso van a la c\u00e1rcel\u00bb<\/a><\/strong> P\u00e9rez Rubalcaba advierte a Otegi de que \u00absi quiere hacer pol\u00edtica tiene que romper con ETA o convencerla de que deje de matar\u00bb.- Los arrestados forman parte de un \u00f3rgano designado por ETA para poner en marcha su estrategia pol\u00edtico militar, seg\u00fan Garz\u00f3n. <strong>ELPA\u00cdS.com<\/strong> &#8211; Madrid &#8211; 17\/10\/2009<\/p>\n<p>[3] Quien en un conflicto armado asesina a civiles ajenos a la confrontaci\u00f3n pol\u00edtico-militar de forma intencionada.<\/p>\n<p><i>\u00a0(Publicada en Kaosenlared)<\/i><\/p>\n","protected":false},"excerpt":{"rendered":"<p>Uno no deja de sorprenderse nunca por mucho que espere los acontecimientos y m\u00e1s en este pa\u00eds donde la veracidad de la informaci\u00f3n es puro azar o inesperada  coincidencia.<\/p>\n<p>Que El P\u00e1is es el medio mejor informado de la llamada lucha antiterrorista no hay quien lo niegue pero esta claro que vivimos revolcaos en un merengue y en un mismo lodo todos manoseaos&#8230; Y lo digo porque no hace ni una semana que El Pais se despertaba con este titular: ETA frena las iniciativas de Arnaldo Otegi [1]<\/p>\n<p>Pues eso que est\u00e1 claro&#8230; Que siempre ha habido chorros, maquiavelos y estafaos, contentos y amargaos, valores y dubl\u00e9&#8230; pero lo cierto es que no que no hay valores en esta clase period\u00edstica y pol\u00edtica que sufrimos en el estado espa\u00f1ol. <\/p>\n<p>Nadie puede decir que Otegi ha sido desautorizado por ETA el d\u00eda 10 y el 17 decir que esta a sus ordenes o incluso m\u00e1s que \u00e9l y o que el sindicalista de LAB Rafa D\u00edez era el m\u00e1ximo dirigente de ETA en la sombra como se ha podido o\u00edr en las cadenas de radio de la derecha extrema.<\/p>\n<p>Todo esto se hace porque es evidente que este siglo veintiuno igual que el veinte es un despliegue de mald\u00e1 insolente, ya no hay quien lo niegue. Y porque hay alguien al que no le interesa la salida pac\u00edfica del conflicto en unas determinadas condiciones ajenas a sus intereses. Salida de la que se estuvo muy cerca y que los errores de unos y de otros pero especialmente de unos que tienen todo el poder llevaron al traste.<\/p>\n<p>Hoy, El Pa\u00eds (y por supuesto la cadena SER) ponen hoy en boca de P\u00e9rez Rubalcaba que: &quot;Los cinco dirigentes &#8216;abertzales&#8217; detenidos desarrollaban la estrategia de ETA y por eso van a la c\u00e1rcel&quot; y recordamos que esto es lo que siempre ha dicho el ministro del interior (ya con Felipe Gonz\u00e1lez) que advirti\u00f3 a la izquierda abertzale y a Otegi que &quot;si quiere hacer pol\u00edtica tiene que romper con ETA o convencerla de que deje de matar&quot;. [2]<\/p>\n","protected":false},"author":9,"featured_media":0,"comment_status":"open","ping_status":"open","sticky":false,"template":"","format":"standard","meta":{"footnotes":""},"categories":[13],"tags":[],"class_list":["post-1253","post","type-post","status-publish","format-standard","hentry","category-la-izquierda-a-debate"],"aioseo_notices":[],"_links":{"self":[{"href":"https:\/\/espai-marx.net\/index.php?rest_route=\/wp\/v2\/posts\/1253","targetHints":{"allow":["GET"]}}],"collection":[{"href":"https:\/\/espai-marx.net\/index.php?rest_route=\/wp\/v2\/posts"}],"about":[{"href":"https:\/\/espai-marx.net\/index.php?rest_route=\/wp\/v2\/types\/post"}],"author":[{"embeddable":true,"href":"https:\/\/espai-marx.net\/index.php?rest_route=\/wp\/v2\/users\/9"}],"replies":[{"embeddable":true,"href":"https:\/\/espai-marx.net\/index.php?rest_route=%2Fwp%2Fv2%2Fcomments&post=1253"}],"version-history":[{"count":0,"href":"https:\/\/espai-marx.net\/index.php?rest_route=\/wp\/v2\/posts\/1253\/revisions"}],"wp:attachment":[{"href":"https:\/\/espai-marx.net\/index.php?rest_route=%2Fwp%2Fv2%2Fmedia&parent=1253"}],"wp:term":[{"taxonomy":"category","embeddable":true,"href":"https:\/\/espai-marx.net\/index.php?rest_route=%2Fwp%2Fv2%2Fcategories&post=1253"},{"taxonomy":"post_tag","embeddable":true,"href":"https:\/\/espai-marx.net\/index.php?rest_route=%2Fwp%2Fv2%2Ftags&post=1253"}],"curies":[{"name":"wp","href":"https:\/\/api.w.org\/{rel}","templated":true}]}}