{"id":12533,"date":"2022-10-03T05:00:27","date_gmt":"2022-10-03T04:00:27","guid":{"rendered":"https:\/\/espai-marx.net\/?p=12533"},"modified":"2022-10-02T23:53:25","modified_gmt":"2022-10-02T22:53:25","slug":"presentacio-de-ecologia-y-ciencia-social-reflexiones-ecologistas-sobre-la-crisis-de-la-sociedad-industrial-de-manuel-sacristan","status":"publish","type":"post","link":"https:\/\/espai-marx.net\/?p=12533","title":{"rendered":"Presentaci\u00f3 de <i>Ecolog\u00eda y ciencia social. Reflexiones ecologistas sobre la crisis de la sociedad industrial<\/i> de Manuel Sacrist\u00e1n"},"content":{"rendered":"<div>Presentaci\u00f3, el 23 de setembre de 2022, de l&#8217;antologia de textos de Manuel Sacrist\u00e1n Luz\u00f3n, <em>Ecolog\u00eda y ciencia social. Reflexiones ecologistas sobre la crisis de la sociedad industrial<\/em>, selecci\u00f3, edici\u00f3 i pr\u00f2leg de Miguel Manzanera Salavert, Editorial Irrecuperables, desembre de 2021.<\/div>\n<div><\/div>\n<div>Durant l&#8217;acte es varen produir les intervencions de Joaquim Sempere, de Victor R\u00edos i del propi autor de la selecci\u00f3 de textos Miguel Manzanera. Present\u00e0 l&#8217;acte Joan Tafalla, en nom de de l&#8217;Associaci\u00f3 d&#8217;Estudis Gramscians de Catalunya que era l&#8217;entitat convocant de l&#8217;acte.<\/div>\n<p><iframe loading=\"lazy\" title=\"Joaquim Sempere presenta &quot;Ecolog\u00eda y ciencia social&quot;, Barcelona 23 septiembre 2022\" width=\"800\" height=\"450\" src=\"https:\/\/www.youtube.com\/embed\/AayHzbheGtU?feature=oembed\" frameborder=\"0\" allow=\"accelerometer; autoplay; clipboard-write; encrypted-media; gyroscope; picture-in-picture; web-share\" referrerpolicy=\"strict-origin-when-cross-origin\" allowfullscreen><\/iframe><\/p>\n<p>&nbsp;<\/p>\n<p><iframe loading=\"lazy\" title=\"Victor R\u00edos presenta &quot;Ecolog\u00eda y ciencia social&quot;, Barcelona 23 septiembre 2022\" width=\"800\" height=\"450\" src=\"https:\/\/www.youtube.com\/embed\/qyD1mVW_swo?feature=oembed\" frameborder=\"0\" allow=\"accelerometer; autoplay; clipboard-write; encrypted-media; gyroscope; picture-in-picture; web-share\" referrerpolicy=\"strict-origin-when-cross-origin\" allowfullscreen><\/iframe><\/p>\n<p>&nbsp;<\/p>\n<p><iframe loading=\"lazy\" title=\"Miguel Manzanera presenta &quot;Ecolog\u00eda y ciencia social&quot;, Barcelona 23 septiembre 2022\" width=\"800\" height=\"450\" src=\"https:\/\/www.youtube.com\/embed\/87q6VXLGZLA?feature=oembed\" frameborder=\"0\" allow=\"accelerometer; autoplay; clipboard-write; encrypted-media; gyroscope; picture-in-picture; web-share\" referrerpolicy=\"strict-origin-when-cross-origin\" allowfullscreen><\/iframe><\/p>\n<p>&nbsp;<\/p>\n<p>&nbsp;<\/p>\n","protected":false},"excerpt":{"rendered":"<p>Presentaci\u00f3, el 23 de setembre de 2022, de l&#8217;antologia de textos de Manuel Sacrist\u00e1n Luz\u00f3n, Ecolog\u00eda y ciencia social. Reflexiones<\/p>\n","protected":false},"author":5,"featured_media":0,"comment_status":"open","ping_status":"open","sticky":false,"template":"","format":"standard","meta":{"footnotes":""},"categories":[1563,10,833],"tags":[1893,993,921],"class_list":["post-12533","post","type-post","status-publish","format-standard","hentry","category-crisis-ecosocial","category-manuel-sacristan","category-videos","tag-ecologia-y-ciencia-social-reflexiones-ecologistas-sobre-la-crisis-de-la-sociedad-industrial","tag-manuel-sacristan","tag-presentaciones"],"aioseo_notices":[],"_links":{"self":[{"href":"https:\/\/espai-marx.net\/index.php?rest_route=\/wp\/v2\/posts\/12533","targetHints":{"allow":["GET"]}}],"collection":[{"href":"https:\/\/espai-marx.net\/index.php?rest_route=\/wp\/v2\/posts"}],"about":[{"href":"https:\/\/espai-marx.net\/index.php?rest_route=\/wp\/v2\/types\/post"}],"author":[{"embeddable":true,"href":"https:\/\/espai-marx.net\/index.php?rest_route=\/wp\/v2\/users\/5"}],"replies":[{"embeddable":true,"href":"https:\/\/espai-marx.net\/index.php?rest_route=%2Fwp%2Fv2%2Fcomments&post=12533"}],"version-history":[{"count":0,"href":"https:\/\/espai-marx.net\/index.php?rest_route=\/wp\/v2\/posts\/12533\/revisions"}],"wp:attachment":[{"href":"https:\/\/espai-marx.net\/index.php?rest_route=%2Fwp%2Fv2%2Fmedia&parent=12533"}],"wp:term":[{"taxonomy":"category","embeddable":true,"href":"https:\/\/espai-marx.net\/index.php?rest_route=%2Fwp%2Fv2%2Fcategories&post=12533"},{"taxonomy":"post_tag","embeddable":true,"href":"https:\/\/espai-marx.net\/index.php?rest_route=%2Fwp%2Fv2%2Ftags&post=12533"}],"curies":[{"name":"wp","href":"https:\/\/api.w.org\/{rel}","templated":true}]}}