{"id":1255,"date":"2009-11-01T00:00:00","date_gmt":"2009-11-01T00:00:00","guid":{"rendered":"https:\/\/espai-marx.net\/?p=1255"},"modified":"2020-02-23T11:41:04","modified_gmt":"2020-02-23T10:41:04","slug":"entrevista-a-eva-caballe-sobre-la-sensibilidad-quimica-multiple-sqm","status":"publish","type":"post","link":"https:\/\/espai-marx.net\/?p=1255","title":{"rendered":"Entrevista a Eva Caball\u00e9 sobre la sensibilidad qu\u00edmica multiple (SQM)"},"content":{"rendered":"<p><strong>ENTREVISTA A EVA CABALL\u00c9 SOBRE LA SENSIBILIDAD QU\u00cdMICA M\u00daLTIPLE (SQM): \u201c[\u2026] S\u00cd QUE SE ESCONDE ALGO DETR\u00c1S DE ESTE SILENCIO, EL INTER\u00c9S DE LA INDUSTRIA QU\u00cdMICA Y FARMAC\u00c9UTICA PARA QUE NO SE SEPA QUE SUS PRODUCTOS CAUSAN ENFERMEDADES TAN TERRIBLES Y DESCONOCIDAS COMO LA SQM. DE HECHO RECIENTEMENTE SE HA DEMOSTRADO QUE LA SQM NO ES PSICOL\u00d3GICA Y QUE ESTUDIOS ANTERIORES QUE AS\u00cd LO AFIRMABAN ESTABAN FALSEADOS PARA PRESERVAR LOS INTERESES DE LA INDUSTRIA QU\u00cdMICA Y FARMAC\u00c9UTICA.\u201d <\/strong><\/p>\n<p>&nbsp;<\/p>\n<p>Eva Caball\u00e9 es una economista barcelonesa de 37 a\u00f1os afectada por la SQM, antigua trabajadora bancaria, ex miembro del grupo de rock Lefthanded y autora del libro de pr\u00f3xima aparici\u00f3n en los Libros de El Viejo Topo: Desaparecida. Una vida rota por la sensibilidad qu\u00edmica m\u00faltiple. Clara Valverde apunta en el pr\u00f3logo que ha escrito para la ocasi\u00f3n: \u201c[\u2026] Pero Eva no es rara. Se sabe que el 0,75% de la poblaci\u00f3n, ahora, tiene SQM severa y hasta el 12% tiene SQM moderado o leve. Todas esas personas que tanto les molestan los olores, \u00e9sas, son parte de del 12%. Pero la mayor\u00eda de los m\u00e9dicos y de la sociedad no est\u00e1n informados y por eso Eva ha tardado tantos a\u00f1os en recibir un diagn\u00f3stico correcto. Por eso Eva s\u00f3lo tiene la ayuda de su familia. Por eso no hay manifestaciones en la calle ni noticias en la portada del peri\u00f3dico.\u201d<\/p>\n<p>Eva Caball\u00e9 es tambi\u00e9n autora del blog \u201cNo Fun\u201d. Con sus propias palabras: \u201cNo Fun es un blog sobre Sensibilidad Qu\u00edmica M\u00faltiple, S\u00edndrome Fatiga Cr\u00f3nica y Fibromialgia con informaci\u00f3n y consejos para afectados y personas que quieran vivir una vida m\u00e1s saludable y libre de t\u00f3xicos\u201d.<\/p>\n<p>*<\/p>\n<p><strong>Perm\u00edtame empezar por una definici\u00f3n. \u00bfQu\u00e9 es la SQM?<\/strong><\/p>\n<p>La Sensibilidad Qu\u00edmica M\u00faltiple (SQM) es una enfermedad adquirida, cr\u00f3nica y no psicol\u00f3gica, que manifiesta s\u00edntomas multisist\u00e9micos como respuesta a una m\u00ednima exposici\u00f3n a productos qu\u00edmicos tan habituales e innecesarios como perfumes, ambientadores o suavizante para la ropa.<\/p>\n<p>Los s\u00edntomas, que son cr\u00f3nicos y se agudizan ante una crisis, incluyen fatiga y trastornos respiratorios, digestivos, cardiovasculares, dermatol\u00f3gicos y neuropsicol\u00f3gicos, entre otros.<\/p>\n<p>La SQM es un s\u00edndrome con 3 grados de severidad, por lo que no todos los enfermos sufrimos el mismo nivel de incapacitaci\u00f3n y aislamiento.<\/p>\n<p>Es una enfermedad que se conoce desde los a\u00f1os 50, pero que a d\u00eda de hoy a\u00fan no ha sido reconocida como tal por la Organizaci\u00f3n Mundial de la Salud (OMS), a pesar que existen m\u00e1s de 100 art\u00edculos cient\u00edficos de investigaci\u00f3n que sustentan la base fisiol\u00f3gica de la SQM, que el n\u00famero de afectados aumenta de forma exponencial, cada vez en edades m\u00e1s tempranas, y que incluso propio Parlamento Europeo la incluye dentro del n\u00famero creciente de enfermedades vinculadas a factores medioambientales.<\/p>\n<p><strong>Dice usted que la SQM no es reconocida por la OMS a pesar de que existen m\u00e1s de un centenar de art\u00edculos cient\u00edficos que sustentan la fase fisiol\u00f3gica de la enfermedad. \u00bfY por qu\u00e9 cree usted que la OMS es tan esc\u00e9ptica, tan prudente?<\/strong><\/p>\n<p>Sabemos que la OMS lleva debatiendo sobre la SQM desde hace a\u00f1os. Pero el proceso de reconocimiento se est\u00e1 alargando m\u00e1s de lo normal, debido a la presi\u00f3n que est\u00e1 ejerciendo la industria qu\u00edmica y farmac\u00e9utica, ya que no les interesa que salga a la luz una enfermedad de la que ellos son directamente responsables.<\/p>\n<p>Sin ir m\u00e1s lejos, en Alemania, donde la SQM est\u00e1 reconocida como enfermedad, la industria sigue ejerciendo su control a trav\u00e9s de herramientas como la Wikipedia, tal y como denunciaban desde la asociaci\u00f3n CSN en un art\u00edculo del pasado mes de agosto que traduje y publiqu\u00e9 en mi blog <a href=\"http:\/\/nofun-eva.blogspot.com\/2009\/08\/censura-wikipedia-sobre-sqm-en-alemania.html\">http:\/\/nofun-eva.blogspot.com\/2009\/08\/censura-wikipedia-sobre-sqm-en-alemania.html<\/a>. El art\u00edculo sobre SQM de la Wikipedia en alem\u00e1n es editado cada d\u00eda, a veces cada pocos minutos, porque los administradores, con intereses en la industria, vetan la informaci\u00f3n intentando que la SQM no sea visible, y si lo es, que sea tomada por una enfermedad psicosom\u00e1tica.<\/p>\n<p>&nbsp;<\/p>\n<p><strong> Tambi\u00e9n usted ha se\u00f1alado que el n\u00famero de afectados crece de manera exponencial. \u00bfPodr\u00eda darnos alg\u00fan dato que ilustrara su consideraci\u00f3n?<\/strong><\/p>\n<p>Tan solo cito palabras del Dr. J. Fern\u00e1ndez-Sol\u00e0 (especialista en medicina interna del Hospital Cl\u00ednic de Barcelona), quien en una entrevista que le hicieron a principios de a\u00f1o para un reportaje sobre SQM en la revista Interviu afirmaba que la demanda de atenci\u00f3n a esta enfermedad estaba aumentando exponencialmente. En dicho hospital, cada a\u00f1o se reciben entre 50 y 60 casos nuevos de SQM, lo que significa que cada semana les llega un nuevo afectado.<\/p>\n<p>\u00bf<strong>Qu\u00e9 s\u00edntomas pueden hacer pensar a una persona que puede estar afectada por esta enfermedad?<\/strong><\/p>\n<p>Quiz\u00e1s el s\u00edntoma m\u00e1s com\u00fan es percibir como insoportables olores que antes no lo eran. Dejas de tolerar agentes qu\u00edmicos diversos como los productos de limpieza, perfumes, humo del tabaco y de los coches, etc. Cuando tienes SQM y te expones a estos agentes qu\u00edmicos autom\u00e1ticamente se te desencadenan una serie de s\u00edntomas, tales como ahogo, irritaci\u00f3n de las mucosas y de las v\u00edas respiratorias, taquicardias, dolor de cabeza, confusi\u00f3n mental, mareos, n\u00e1useas, diarrea, fatiga extrema y\/o dolor, que no mejoran hasta que dejas de estar en contacto con el desencadenante.<\/p>\n<p>Normalmente tambi\u00e9n se dejan de tolerar las bebidas alcoh\u00f3licas, los l\u00e1cteos o los alimentos con gluten y aparecen intolerancias alimentarias y a medicamentos.<\/p>\n<p>Frecuentemente tambi\u00e9n se tienen otras intolerancias ambientales: al calor, al fr\u00edo, a los ruidos, a la exposici\u00f3n solar y a radiaciones electromagn\u00e9ticas (ordenadores, l\u00edneas de alta tensi\u00f3n, tel\u00e9fonos, antenas de telefon\u00eda m\u00f3vil, microondas, etc.).<\/p>\n<p>\u00bfQu\u00e9 diferencias existen, por ejemplo, entre la SQM y la fibromialgia?<\/p>\n<p>La SQM, el S\u00edndrome de Fatiga Cr\u00f3nica y la Fibromialgia son enfermedades hermanas. De hecho muchos de los afectados de SQM sufrimos las 3 patolog\u00edas y cada vez son m\u00e1s los enfermos de Fibromialgia y\/o S\u00edndrome de Fatiga Cr\u00f3nica que con el paso de los a\u00f1os acaban desarrollando tambi\u00e9n SQM.<\/p>\n<p>Tenemos muchos s\u00edntomas en com\u00fan, pero la gran diferencia es que los afectados de SQM no toleramos ni la m\u00e1s m\u00ednima exposici\u00f3n a sustancias qu\u00edmicas, motivo por el cual debemos hacer un estricto control ambiental y no podemos salir a la calle sin una mascarilla de carb\u00f3n activo para filtrar los t\u00f3xicos ambientales.<\/p>\n<p><strong>\u00bfQu\u00e9 tratamiento recibe una persona enferma de SQM en la sanidad p\u00fablica espa\u00f1ola? \u00bfLe parece adecuado, le parece justo?<\/strong><\/p>\n<p>En Espa\u00f1a la SQM no est\u00e1 reconocida como enfermedad y tanto el personal sanitario como la sociedad en general desconocen esta grave patolog\u00eda.<\/p>\n<p>En cambio en pa\u00edses como Alemania y recientemente Austria y Jap\u00f3n ya la han reconocido y en otros est\u00e1n en v\u00edas de hacerlo y prestan atenci\u00f3n sanitaria a quienes la sufren y establecen protocolos para la prevenci\u00f3n.<\/p>\n<p>En Espa\u00f1a casi no existen m\u00e9dicos en la Sanidad P\u00fablica que diagnostiquen esta enfermedad y es muy dif\u00edcil conseguir un diagn\u00f3stico y a\u00fan m\u00e1s un tratamiento. Estoy convencida que en nuestro pa\u00eds hay much\u00edsimas personas que sufren SQM que est\u00e1n sin diagnosticar, muchas de las cuales acaban en manos de psiquiatras por desconocimiento de nuestros m\u00e9dicos. Tampoco existe ning\u00fan protocolo ni pol\u00edticas \u201cLibre de fragancias\u201d para hospitales y edificios p\u00fablicos, de forma que para nosotros acudir al hospital es sin\u00f3nimo de empeorar.<\/p>\n<p>En Espa\u00f1a los enfermos de SQM no tenemos atenci\u00f3n sanitaria, no tenemos derecho a ayudas econ\u00f3micas para adaptarnos a nuestra minusval\u00eda y no tenemos derecho a prestaci\u00f3n por incapacidad cuando no podemos trabajar. M\u00e1s que no parecerme adecuado o justo, es que el trato que recibimos es una violaci\u00f3n de nuestros derechos constitucionales.<\/p>\n<p><strong>Pero no es una contradicci\u00f3n, por decirlo de alg\u00fan modo, que el Parlamento Europeo considere que la SQM es una enfermedad medioambiental y que en Espa\u00f1a, el Parlamento y los gobiernos, miren hacia otros v\u00e9rtices.<\/strong><\/p>\n<p>\u00a1Claro que lo es! No hacen nada aprovechando que la OMS no ha reconocido a\u00fan la enfermedad, cosa que no quiere decir que no exista, porque las decisiones a nivel burocr\u00e1tico no van a hacer que los enfermos desaparezcamos por arte de magia.<\/p>\n<p>Utilizan este argumento para desacreditar la enfermedad, cuando todo se reduce a un conflicto de intereses. Adem\u00e1s te dir\u00e1n que la SQM no tiene biomarcadores espec\u00edficos, pero esto mismo sucede en otras enfermedades que en cambio s\u00ed que son reconocidas como tal.<\/p>\n<p>\u00bf<strong>Qu\u00e9 porcentaje de personas se cree que est\u00e1n afectadas por esta enfermedad en estos momentos?<\/strong><\/p>\n<p>Seg\u00fan publicaron los doctores J. Fern\u00e1ndez-Sol\u00e0 (especialista en medicina interna) y S. Nogu\u00e9 Xarau (especialista en toxicolog\u00eda) del Hospital Cl\u00ednic de Barcelona, en su trabajo sobre SQM actualizado en 2007, un 5% de la poblaci\u00f3n tiene SQM. En concreto afirman que: \u201cM\u00e1s de un 15% de la poblaci\u00f3n general presenta mecanismos de respuesta excesiva frente a algunos est\u00edmulos qu\u00edmicos o ambientales. En un 5% de casos estos procesos son claramente patol\u00f3gicos y superan la capacidad adaptativa del organismo, y se generan manifestaciones cut\u00e1neas, respiratorias, digestivas y neuropsicol\u00f3gicas, frecuentemente cr\u00f3nicas y persistentes\u201d<\/p>\n<p>Por lo tanto si la SQM se calcula que afecta al 5% de la poblaci\u00f3n no es una enfermedad rara, ya que por definici\u00f3n lo son las que afectan a menos del 0,0005% de la poblaci\u00f3n.<\/p>\n<p>\u00bfHabla usted de poblaci\u00f3n espa\u00f1ola o est\u00e1 pensando en t\u00e9rminos europeos o mundiales?<\/p>\n<p>Hablo a nivel mundial. Se considera una enfermedad del mundo industrializado.<\/p>\n<p>En pa\u00edses donde existen estad\u00edsticas sobre esta enfermedad, como por ejemplo en Canad\u00e1, observamos que la cantidad de gente que sufre SQM no es ninguna minucia. Seg\u00fan \u201cEnvironmental Health Association of Qu\u00e9bec\u201d hay 4 millones de afectados de SQM en Canad\u00e1.<\/p>\n<p>\u00bfY se conocen sus causas? La SQM, se dice, usted misma lo ha apuntado, es una enfermedad relacionada con factores medioambientales. \u00bfQu\u00e9 significa esto exactamente?<\/p>\n<p>M\u00faltiples estudios afirman que la causa son los t\u00f3xicos ambientales a los que estamos expuestos. Existen 2 formas de desarrollar SQM: por una \u00fanica exposici\u00f3n t\u00f3xica a una alta dosis o por exposiciones a dosis bajas reiteradas a lo largo de los a\u00f1os.<\/p>\n<p>Hay sustancias qu\u00edmicas t\u00f3xicas en el aire que respiramos, en el agua que bebemos (y en el pl\u00e1stico si es embotellada), en la ropa que llevamos (formaldeh\u00eddo, tintes, restos de pesticidas), en los productos de higiene y limpieza que utilizamos, en los alimentos que consumimos (restos de pesticidas y conservantes y colorantes, algunos de ellos prohibidos hace muchos a\u00f1os en pa\u00edses como EE.UU. por ser cancer\u00edgenos) o por ejemplo en los empastes dentales plateados (el mercurio en amalgamas dentales).<\/p>\n<p>A lo largo de los a\u00f1os nuestro cuerpo va acumulando todas estas sustancias qu\u00edmicas que circulan con total impunidad, que no debemos olvidar que no hace tantos a\u00f1os que se utilizan, hasta que la carga t\u00f3xica es insostenible y acabamos desarrollando una enfermedad, que seg\u00fan sea nuestra gen\u00e9tica, puede ser la SQM. Las dem\u00e1s personas tampoco se escapan, porque acabar\u00e1n desarrollando c\u00e1ncer, asma, alergias, enfermedades autoinmunes o cualquier otra enfermedad de origen medioambiental.<\/p>\n<p>Los propios m\u00e9dicos se quejan que no hay fondos para investigar la SQM, que nadie quiere patrocinar un estudio, porque normalmente lo pagan las farmac\u00e9uticas para as\u00ed poder desarrollar un medicamento, es decir para su propio beneficio, y como los enfermos de SQM no toleramos ning\u00fan medicamento, no somos de inter\u00e9s para ellos.<\/p>\n<p><strong>Pero, \u00bfqu\u00e9 sentido tiene que sepamos todo esto que usted acaba de se\u00f1alar y no tomemos medidas? \u00bfPor qu\u00e9 seguimos usando estos productos si sabemos de su toxicidad y de los enormes riesgos que conlleva su uso? No es una situaci\u00f3n paradis\u00edaca la que usted describe. \u00bfPor qu\u00e9 no ponemos orden y precauci\u00f3n en este t\u00f3xico caos?<\/strong><\/p>\n<p>Una excelente pregunta. No tiene ning\u00fan sentido que no tomemos medidas y sigamos utilizando estos productos. Si las autoridades sanitarias no hacen nada, tenemos la opci\u00f3n de dejar de consumir estos productos t\u00f3xicos y ser nosotros quien tomemos las riendas de la situaci\u00f3n.<\/p>\n<p>En la etiqueta del suavizante de la ropa, de los cosm\u00e9ticos, perfumes o ambientadores no hay ning\u00fan aviso de este tipo: \u201cAtenci\u00f3n, este producto es t\u00f3xico y se ir\u00e1 acumulando en su cuerpo hasta causarle Sensibilidad Qu\u00edmica M\u00faltiple\u201d. A m\u00ed nadie me avis\u00f3. Por eso intento difundir al m\u00e1ximo todo lo que he ido aprendiendo desde que enferm\u00e9 hace 4 a\u00f1os para que la gente sepa lo que nos ocultan.<\/p>\n<p>Si, por ejemplo, regular el tabaco est\u00e1 costando tanto, evidentemente esto es mucho m\u00e1s dif\u00edcil, porque no estamos hablando de un producto, el problema va mucho m\u00e1s all\u00e1. \u00bfNadie recuerda cuando en los a\u00f1os 60 constantemente se ocultaban o distorsionaban informes m\u00e9dicos que demostraban que el tabaco provoca c\u00e1ncer? Lo que est\u00e1 pasando no es nada nuevo. El poder no est\u00e1 en manos de los pol\u00edticos, est\u00e1 en manos de las multinacionales.<\/p>\n<p>Describa sucintamente la vida de una persona afectada por la SQM. \u00bfQu\u00e9 medidas debe tomar? \u00bfQu\u00e9 tratamiento debe seguir?<\/p>\n<p>El tratamiento a seguir se basa en un concepto: Control Ambiental.<\/p>\n<p>El control ambiental consiste en evitar al m\u00e1ximo la exposici\u00f3n a t\u00f3xicos y a sustancias qu\u00edmicas en general y los puntos b\u00e1sicos son:<\/p>\n<p>Consumir alimentos ecol\u00f3gicos y no procesados. (normalmente se recomienda eliminar los l\u00e1cteos y los alimentos con gluten)<\/p>\n<p>Filtrar el agua, tanto para beber como para cocinar o para ducharnos.<\/p>\n<p>Sustituir todos los productos de higiene y limpieza por otros ecol\u00f3gicos y sin aroma. L\u00f3gicamente, dejar de utilizar colonias, ambientadores, suavizante para la ropa, etc.<\/p>\n<p>Utilizar ropa ecol\u00f3gica con tintes no t\u00f3xicos.<\/p>\n<p>Adquirir un purificador de aire.<\/p>\n<p>En el hogar, comprar muebles y colchones de materiales ecol\u00f3gicos que no est\u00e9n tratados qu\u00edmicamente y pintar con pinturas ecol\u00f3gicas.<\/p>\n<p>Evitar o minimizar la exposici\u00f3n a los campos electromagn\u00e9ticos.<\/p>\n<p>Utilizar una mascarilla con filtro de carbono para salir a la calle o en situaciones de alta concentraci\u00f3n de t\u00f3xicos.<\/p>\n<p>Vivir en un entorno con la menor contaminaci\u00f3n posible y en una casa cuyos materiales de construcci\u00f3n sean no-t\u00f3xicos.<\/p>\n<p>Como puede ver el control ambiental implica un importante desembolso econ\u00f3mico, para el que no tenemos ning\u00fan tipo de ayuda, y adem\u00e1s en su \u00faltimo punto roza la utop\u00eda.<\/p>\n<p>Adem\u00e1s del control ambiental, que debo a\u00f1adir que es beneficioso tambi\u00e9n para las personas sanas, est\u00e1 el tratamiento totalmente personalizado, que consiste en suplementos nutricionales, saunas, oxigenoterapia, etc. Cada enfermo es diferente y deben tenerse muy en cuenta factores como las comorbilidades que presenta, por lo que hacen falta an\u00e1lisis exhaustivos para determinar qu\u00e9 es lo mejor en cada caso. Sobra decir que nada de esto est\u00e1 cubierto por la Sanidad P\u00fablica espa\u00f1ola.<\/p>\n<p>Los afectados de SQM m\u00e1s severos apenas podemos salir de casa. Nuestra vida queda reducida a nuestro hogar, que se convierte en nuestra prisi\u00f3n, donde la mayor\u00eda ni podemos hacer las tareas dom\u00e9sticas. En algunos casos, pasamos gran parte del d\u00eda en la cama y necesitamos ayuda de nuestros familiares para casi todo. El contacto con el exterior se reduce al tel\u00e9fono, los que tienen fuerzas para hablar, alguna visita espor\u00e1dica de personas que para vernos est\u00e1n dispuestas a cambiar todos sus h\u00e1bitos de higiene y limpieza, y por Internet, los que no tenemos graves problemas cognitivos o de electromagnetismo.<\/p>\n<p><strong>\u00bfQu\u00e9 ayudas p\u00fablicas recibe una persona afectada por esta enfermedad? No parece posible que en estas condiciones pueda trabajar. \u00bfC\u00f3mo puede organizar su casa si su familia no tiene tiempo o disponibilidad suficiente?<\/strong><\/p>\n<p>Ayudas espec\u00edficas por sufrir SQM ninguna. Incluso las mascarillas, sin las que no podr\u00edamos sobrevivir, nos las tenemos que pagar nosotros. De aqu\u00ed el gran drama econ\u00f3mico que acompa\u00f1a a esta enfermedad.<\/p>\n<p>Cuando el grado de la SQM es alto, no puedes trabajar, pero si es bajo tampoco, porque ninguna empresa est\u00e1 dispuesta a adaptar el puesto de trabajo para que un afectado de SQM pueda seguir trabajando. En algunos casos se consigue la incapacidad laboral, casi siempre recurriendo a los tribunales de justicia. Pero no olvidemos que hay personas que enferman muy j\u00f3venes y que por lo tanto no han tenido tiempo de cotizar lo suficiente para tener derecho a la prestaci\u00f3n. \u00bfQu\u00e9 futuro les espera? Siempre digo que a\u00fan me sorprende que no haya m\u00e1s gente con depresi\u00f3n en el colectivo \u00bfQui\u00e9n no la tendr\u00eda ante una situaci\u00f3n tan desoladora?<\/p>\n<p>Se puede solicitar el reconocimiento de grado de minusval\u00eda, aunque los beneficios son m\u00ednimos y dependen del grado concedido.<\/p>\n<p>En mi caso tengo la suerte de contar con la ayuda de mi marido y mi madre, porque con mi grado de afectaci\u00f3n no puedo hacer nada en casa, ni prepararme la comida. Aunque me pudiera permitir pagar a alguien para que viniera a casa a ayudarme, \u00bfc\u00f3mo lo hago si para que mi madre venga ha tenido que cambiar todos sus productos de higiene y limpieza, adem\u00e1s de ducharse antes de venir?<\/p>\n<p><strong>\u00bfPor qu\u00e9 se suele hablar tan poco de la sensibilidad qu\u00edmica m\u00faltiple? \u00bfQu\u00e9 se esconde, si algo se esconde, detr\u00e1s de este silencio?<\/strong><\/p>\n<p>S\u00ed que se esconde algo detr\u00e1s de este silencio, el inter\u00e9s de la industria qu\u00edmica y farmac\u00e9utica para que no se sepa que sus productos causan enfermedades tan terribles y desconocidas como la SQM. De hecho recientemente se ha demostrado que la SQM no es psicol\u00f3gica y que estudios anteriores que as\u00ed lo afirmaban estaban falseados para preservar los intereses de la industria qu\u00edmica y farmac\u00e9utica.<\/p>\n<p>Por desgracia, la administraci\u00f3n lo tiene muy f\u00e1cil para ignorarnos, porque la mayor\u00eda vivimos bajo arresto domiciliario y no tenemos fuerzas para movilizarnos. Es una posici\u00f3n clara de abuso de poder. Solo nuestros familiares, amigos y vecinos saben que existimos y lo duro que es nuestro d\u00eda a d\u00eda.<\/p>\n<p>Pero, a pesar de nuestra gravedad, somos muchos, cada d\u00eda m\u00e1s, los que desde nuestras casas y a trav\u00e9s de Internet luchamos por el reconocimiento, intentamos que la SQM sea visible y compartimos informaci\u00f3n para ayudarnos entre nosotros, ya que nuestro gobierno nos deja abandonados.<\/p>\n<p>&nbsp;<\/p>\n<p><strong>\u00bfHabla usted de estudios alterados que \u201cdemostraban\u201d que la SQM era una enfermedad psicol\u00f3gica para preservar intereses de grandes corporaciones? \u00bfCient\u00edficos cegados por el color del dinero? \u00bfPuede darnos alg\u00fan ejemplo?<\/strong><\/p>\n<p>En septiembre de 2008 se public\u00f3 en la revista Journal of Nutritional &amp; Environmental Medicine un estudio hecho por Goudsmit y Howes titulado \u201cIs multiple chemical sensitivity a learned response? A critical evaluation of provocation studies\u201d (\u00bfEs la Sensibilidad Qu\u00edmica M\u00faltiple una reacci\u00f3n aprendida? Una evaluaci\u00f3n cr\u00edtica de los estudios de provocaci\u00f3n). Este estudio demostr\u00f3 que la SQM no es una enfermedad psicol\u00f3gica y que su origen est\u00e1 ligado a las sustancias qu\u00edmicas. Yo traduje el art\u00edculo que MCS America, la asociaci\u00f3n de SQM americana, dedic\u00f3 a dicho estudio <a href=\"http:\/\/nofun-eva.blogspot.com\/2008\/10\/estudio-concluye-ssqm-no-es-psicologico.html\">http:\/\/nofun-eva.blogspot.com\/2008\/10\/estudio-concluye-ssqm-no-es-psicologico.html<\/a>: \u201cEn el pasado, un peque\u00f1o n\u00famero de estudios mal dise\u00f1ados, sugirieron que la SQM era una enfermedad psicol\u00f3gica relacionada con expectativas y creencias previas, una postura a la que tanto la industria qu\u00edmica como la farmac\u00e9utica dedicaron mucho esfuerzo en hacer creer, ya que as\u00ed sus productos qu\u00edmicos dejar\u00edan de ser los responsables y se promover\u00eda el uso de medicamentos psiqui\u00e1tricos rentables, en ausencia de medicamentos que contrarresten los efectos de la contaminaci\u00f3n ambiental. Dado que la mayor\u00eda de las empresas qu\u00edmicas y farmac\u00e9uticas comparten el mismo propietario, esta postura ha sido promovida en\u00e9rgicamente y h\u00e1bilmente a trav\u00e9s de revistas controladas por la propia industria. Afortunadamente, estos estudios falseados fueron reexaminados por Goudsmit y Howes usando criterios adicionales cient\u00edficamente aceptados. As\u00ed se comprob\u00f3 que los estudios que presupon\u00edan una base psicol\u00f3gica para la SQM eran tremendamente enga\u00f1osos debido a numerosas deficiencias y fallos metodol\u00f3gicos. Se determin\u00f3 que la SQM est\u00e1 m\u00e1s estrechamente relacionado con la exposici\u00f3n a sustancias qu\u00edmicas que a los trastornos tales como ansiedad, trastornos somatoformes y depresi\u00f3n.\u201d<\/p>\n<p><strong>Un art\u00edculo suyo que lleva por t\u00edtulo \u201cNacemos desnudos\u201d ha tenido una gran repercusi\u00f3n entre personas afectadas y personas interesadas. \u00bfPor qu\u00e9? \u00bfQu\u00e9 apuntaba en ese trabajo?<\/strong><\/p>\n<p>En el art\u00edculo que escrib\u00ed para la revista cultural on-line Delirio, expon\u00eda sin tapujos la situaci\u00f3n de total desprotecci\u00f3n y abandono que sufrimos los enfermos de SQM, haciendo hincapi\u00e9 en la situaci\u00f3n que tenemos en Espa\u00f1a. \u201cNacemos Desnudos\u201d iba acompa\u00f1ado de 2 fotos m\u00edas desnuda con mascarilla y llam\u00f3 la atenci\u00f3n de asociaciones de SQM de otros pa\u00edses, provocando que fuera traducido y editado en 9 idiomas diferentes.<\/p>\n<p>El motivo del \u00e9xito, es que enfermos de alrededor del mundo se han sentido totalmente identificados con la situaci\u00f3n que vivimos en Espa\u00f1a. Por desgracia incluso en pa\u00edses donde la SQM est\u00e1 reconocida los enfermos est\u00e1n abandonados y silenciados, porque los intereses econ\u00f3micos est\u00e1n antepuestos a nuestra salud.<\/p>\n<p>En el pr\u00f3ximo n\u00famero de Delirio, dedicado al Silencio, aparecer\u00e1 un nuevo art\u00edculo sobre SQM. Me han pedido que lo escribiera para hacernos eco del \u00e9xito de \u201cNacemos Desnudos\u201d y as\u00ed aprovechamos para seguir difundiendo la SQM.<\/p>\n<p>Nosotros somos los \u201ccanarios de la mina\u201d, somos el aviso del desastre que se acerca. Somos la evidencia que el modelo de sociedad actual ha fracasado, aunque nadie lo quiera reconocer, pagar por ello ni mucho menos tomar medidas. Por todo esto nos quieren silenciar.<\/p>\n<p><strong>\u00bfDesastre que se acerca, dice usted? \u00bfQu\u00e9 desastre? \u00bfPor qu\u00e9 el modelo de sociedad actual ha fracaso? \u00bfPor las enfermedades que genera? Descr\u00edbame usted un modelo m\u00e1s humano.<\/strong><\/p>\n<p>Los casos de SQM est\u00e1n aumentando exponencialmente y cada vez en gente m\u00e1s joven. Cada d\u00eda hay m\u00e1s ni\u00f1os al\u00e9rgicos, asm\u00e1ticos, cel\u00edacos, etc. Los casos de c\u00e1ncer se multiplican y aparecen en familias sin ning\u00fan antecedente de c\u00e1ncer. Aparecen constantemente estudios m\u00e9dicos que demuestran la relaci\u00f3n de las sustancias qu\u00edmicas y de las radiaciones electromagn\u00e9ticas con ciertos c\u00e1nceres o con el aumento de las alergias. Si no se pone remedio, el futuro que nos espera no es precisamente el de una sociedad sana.<\/p>\n<p>Yo, al igual que los dem\u00e1s enfermos de SQM, soy la prueba que la sociedad actual ha fracasado. De peque\u00f1a pensaba que el gobierno velaba por nosotros y que si algo se comercializaba es porque era seguro. No pod\u00eda estar m\u00e1s equivocada. Los niveles de contaminaci\u00f3n del aire en ciudades como Barcelona o Madrid son escandalosos. Nuestros alimentos tienen restos de pesticidas, todo tipo de aditivos y permiten los transg\u00e9nicos. Dejan que enfermemos y luego nos abandonan, sin atenci\u00f3n sanitaria ni ayuda alguna, como me ha sucedido a m\u00ed. Estudias una carrera, tiene una buena trayectoria profesional y cuando deber\u00edas empezar a disfrutar de tu vida todo se acaba. \u00bfEsto es la Sociedad del Bienestar?<\/p>\n<p>Se deben tomar medidas, dejar de anteponer los intereses econ\u00f3micos a la salud. Prohibir y regular ciertas sustancias qu\u00edmicas, regular las radiaciones electromagn\u00e9ticas, no permitir los transg\u00e9nicos, potenciar la agricultura ecol\u00f3gica, potenciar las energ\u00edas alternativas\u2026 Hay infinidad de medidas a tomar, pero la cuesti\u00f3n es cambiar la tendencia y empezar antes que sea demasiado tarde.<\/p>\n<p><strong>Ha escrito un libro, un magn\u00edfico libro, titulado Desaparecida. \u00bfPor qu\u00e9 desaparecida? \u00bfDe d\u00f3nde ha desaparecido?<\/strong><\/p>\n<p>Muchas gracias por alabar mi trabajo. Como escritora novel que soy es un gran honor.<\/p>\n<p><strong>El honor, estimada Eva, es, ser\u00e1, de los lectores, se lo aseguro. <\/strong><\/p>\n<p>El t\u00edtulo se me ocurri\u00f3 al leer el fant\u00e1stico pr\u00f3logo que Clara Valverde (escritora, presidenta de la Liga SFC y afectada de S\u00edndrome de Fatiga Cr\u00f3nica), ha escrito para mi libro. Fue entonces cuando me di cuenta que muchas personas pensar\u00e1n que he desaparecido de la faz de la tierra. Pas\u00e9 de tener un cargo de responsabilidad en una Sociedad de Valores, ir al gimnasio a diario, ir a salas de conciertos de rock, salir con amigos y compartir celebraciones con mi familia a quedarme, encerrada en mi casa para poder sobrevivir. Visto desde fuera de mi entorno m\u00e1s cercano, estoy desaparecida, secuestrada por la SQM.<\/p>\n<p>El mundo exterior es t\u00f3xico para todos, pero para los enfermos de SQM lo es hasta el l\u00edmite que no podemos salir sin una mascarilla de carb\u00f3n activo que nos proteja de las sustancias qu\u00edmicas nocivas, y en algunos casos nuestra gravedad hace que ni as\u00ed podamos salir. Estoy condenada a vivir entre 4 paredes, porque no se toman medidas para prohibir las sustancias qu\u00edmicas t\u00f3xicas que a m\u00ed me provocan una crisis y a los dem\u00e1s les provoca que acaben desarrollando alguna enfermedad ambiental. \u00bfNadie se da cuenta que no es normal que cada d\u00eda sepamos de alguien que ha muerto de c\u00e1ncer? \u00bfA nadie le importa que esta sociedad est\u00e9 cada d\u00eda m\u00e1s enferma y no ven que al final esto ser\u00e1 insostenible?<\/p>\n<p><strong>Finalmente, \u00bfc\u00f3mo deber\u00eda actuar la sociedad y los servicios sanitarios ante estas nuevas enfermedades? \u00bfSon realmente nuevas? Sugiere, si le parece, algunas propuestas b\u00e1sicas<\/strong>.<\/p>\n<p>Como comentaba antes, la SQM de nueva tiene poco, porque los primeros casos datan de los a\u00f1os 50. No sirve como excusa para que en el a\u00f1o 2009 a\u00fan no se haya hecho nada.<\/p>\n<p>Si hablamos a nivel internacional, lo primero ser\u00eda que la OMS reconozca finalmente la SQM como enfermedad. Pero mientras esto no sucede, nuestro pa\u00eds deber\u00eda dar el paso de reconocer la SQM, siguiendo el ejemplo de otros pa\u00edses de la UE, formar a los m\u00e9dicos y adecuar los servicios sanitarios, entre otros. Todo esto implicar\u00eda que tuvi\u00e9ramos acceso a prestaciones por incapacidad y ayudas para adaptarnos a nuestra patolog\u00eda.<\/p>\n<p>Actualmente cuando los afectados de SQM enfermamos (ya sea por una crisis de nuestra enfermedad o por cualquier otra patolog\u00eda) no tenemos a d\u00f3nde ir, porque no existen hospitales preparados para nosotros y el personal sanitario desconoce totalmente nuestra patolog\u00eda. As\u00ed de grave es nuestra situaci\u00f3n.<\/p>\n<p>Tambi\u00e9n son necesarias medidas de prevenci\u00f3n, pol\u00edticas \u201cLibre de fragancias\u201d en hospitales y edificios p\u00fablicos, y controlar y prohibir ciertas sustancias. Todo esto ser\u00eda beneficioso para la salud y bienestar de todos los ciudadanos, no solo los que tenemos SQM.<\/p>\n<p>Y obviamente deber\u00eda hacerse una campa\u00f1a de sensibilizaci\u00f3n p\u00fablica para que la gente conozca nuestra discapacidad. Cuando sales a la calle con m\u00e1scara, te expones a burlas de todo tipo y esto es inadmisible. Hay enfermos que no reciben ni el apoyo de su entorno m\u00e1s cercano, todo por la falta de reconocimiento de la SQM.<\/p>\n<p>No se est\u00e1 pidiendo un trato de favor, sino un trato adecuado a los problemas que esta enfermedad genera.<\/p>\n<p><strong>Parece muy justo y razonable lo que usted se\u00f1ala y demanda. Gracias por sus palabras. \u00bfQuiere a\u00f1adir algo m\u00e1s?<\/strong><\/p>\n<p>S\u00ed. Me gustar\u00eda que el hecho de exponer p\u00fablicamente mi caso y dar mi testimonio, como hace tiempo que hago a trav\u00e9s del blog y ahora a\u00fan m\u00e1s con el libro, sirva de advertencia a las personas que todav\u00eda est\u00e1n sanas. Quiz\u00e1s piensen que al no tener predisposici\u00f3n gen\u00e9tica est\u00e1n a salvo de enfermar por las causas que yo lo hice, pero no es as\u00ed. Como he dicho reiteradamente, las sustancias qu\u00edmicas causantes de la SQM tambi\u00e9n provocan much\u00edsimas otras enfermedades. Adem\u00e1s podemos, y debemos, vivir de otra manera, sin tantos productos qu\u00edmicos y el beneficio es para nuestra salud y tambi\u00e9n para el medio ambiente. Debemos cambiar antes que sea demasiado tarde y el cambio empieza por cada uno de nosotros, porque como consumidores tenemos mucho m\u00e1s poder del que creemos. Sin demanda la oferta desaparece.<\/p>\n<p>Y para acabar quiero recordar un p\u00e1rrafo de mi art\u00edculo Nacemos Desnudos: \u201cLos que sufrimos SQM queremos que se reconozca le enfermedad, queremos tener los mismos derechos que tienen los dem\u00e1s enfermos cr\u00f3nicos, queremos que la sociedad sepa el riego que est\u00e1 corriendo, queremos que el gobierno proteja a sus ciudadanos y evite que sigan enfermando gratuitamente. Queremos que nadie m\u00e1s vuelva a sentirse desnudo por sufrir SQM.\u201d<\/p>\n<p><strong>Rebeli\u00f3n ha publicado este art\u00edculo a petici\u00f3n expresa de los autores mediante una licencia de Creative Commons, respetando su libertad para publicarlo en otras fuentes.<\/strong><\/p>\n<p><a href=\"http:\/\/creativecommons.org\/licenses\/by-nc-nd\/2.5\/es\/\">http:\/\/creativecommons.org\/licenses\/by-nc-nd\/2.5\/es\/<\/a><\/p>\n","protected":false},"excerpt":{"rendered":"<p>ENTREVISTA A EVA CABALL\u00c9 SOBRE LA  SENSIBILIDAD QU\u00cdMICA M\u00daLTIPLE (SQM): \u201c[\u2026] S\u00cd QUE SE ESCONDE ALGO DETR\u00c1S DE ESTE SILENCIO, EL INTER\u00c9S DE LA  INDUSTRIA QU\u00cdMICA Y FARMAC\u00c9UTICA PARA QUE NO SE SEPA QUE SUS PRODUCTOS CAUSAN ENFERMEDADES TAN TERRIBLES Y DESCONOCIDAS COMO LA SQM. DE HECHO RECIENTEMENTE SE HA DEMOSTRADO QUE LA  SQM NO ES PSICOL\u00d3GICA Y QUE ESTUDIOS ANTERIORES QUE AS\u00cd LO AFIRMABAN ESTABAN FALSEADOS PARA PRESERVAR LOS INTERESES DE LA INDUSTRIA QU\u00cdMICA Y FARMAC\u00c9UTICA.\u201d<\/p>\n<p>SALVADOR L\u00d3PEZ ARNAL<\/p>\n<p>\u00a0<\/p>\n<p>Eva Caball\u00e9 es una economista barcelonesa de 37 a\u00f1os afectada por la SQM, antigua trabajadora bancaria, ex miembro del grupo de rock Lefthanded y autora del libro de pr\u00f3xima aparici\u00f3n en los Libros de El Viejo Topo: Desaparecida. Una vida rota por la sensibilidad qu\u00edmica m\u00faltiple. Clara Valverde apunta en el pr\u00f3logo que ha escrito para la ocasi\u00f3n: \u201c[\u2026] Pero Eva no es rara. Se sabe que el 0,75% de la poblaci\u00f3n, ahora, tiene SQM severa y hasta el 12% tiene SQM moderado o leve. Todas esas personas que tanto les molestan los olores, \u00e9sas, son parte de del 12%. Pero la mayor\u00eda de los m\u00e9dicos y de la sociedad no est\u00e1n informados y por eso Eva ha tardado tantos a\u00f1os en recibir un diagn\u00f3stico correcto. Por eso Eva s\u00f3lo tiene la ayuda de su familia. Por eso no hay manifestaciones en la calle ni noticias en la portada del peri\u00f3dico.\u201d<\/p>\n<p>Eva Caball\u00e9 es tambi\u00e9n autora del blog \u201cNo Fun\u201d. Con sus propias palabras: \u201cNo Fun es un blog sobre Sensibilidad Qu\u00edmica M\u00faltiple, S\u00edndrome Fatiga Cr\u00f3nica y Fibromialgia con informaci\u00f3n y consejos para afectados y personas que quieran vivir una vida m\u00e1s saludable y libre de t\u00f3xicos\u201d.<\/p>\n<p>*<\/p>\n","protected":false},"author":9,"featured_media":0,"comment_status":"open","ping_status":"open","sticky":false,"template":"","format":"standard","meta":{"footnotes":""},"categories":[3],"tags":[],"class_list":["post-1255","post","type-post","status-publish","format-standard","hentry","category-condiciones-de-vida"],"aioseo_notices":[],"_links":{"self":[{"href":"https:\/\/espai-marx.net\/index.php?rest_route=\/wp\/v2\/posts\/1255","targetHints":{"allow":["GET"]}}],"collection":[{"href":"https:\/\/espai-marx.net\/index.php?rest_route=\/wp\/v2\/posts"}],"about":[{"href":"https:\/\/espai-marx.net\/index.php?rest_route=\/wp\/v2\/types\/post"}],"author":[{"embeddable":true,"href":"https:\/\/espai-marx.net\/index.php?rest_route=\/wp\/v2\/users\/9"}],"replies":[{"embeddable":true,"href":"https:\/\/espai-marx.net\/index.php?rest_route=%2Fwp%2Fv2%2Fcomments&post=1255"}],"version-history":[{"count":0,"href":"https:\/\/espai-marx.net\/index.php?rest_route=\/wp\/v2\/posts\/1255\/revisions"}],"wp:attachment":[{"href":"https:\/\/espai-marx.net\/index.php?rest_route=%2Fwp%2Fv2%2Fmedia&parent=1255"}],"wp:term":[{"taxonomy":"category","embeddable":true,"href":"https:\/\/espai-marx.net\/index.php?rest_route=%2Fwp%2Fv2%2Fcategories&post=1255"},{"taxonomy":"post_tag","embeddable":true,"href":"https:\/\/espai-marx.net\/index.php?rest_route=%2Fwp%2Fv2%2Ftags&post=1255"}],"curies":[{"name":"wp","href":"https:\/\/api.w.org\/{rel}","templated":true}]}}