{"id":12622,"date":"2022-10-24T05:00:34","date_gmt":"2022-10-24T04:00:34","guid":{"rendered":"https:\/\/espai-marx.net\/?p=12622"},"modified":"2022-10-24T04:48:41","modified_gmt":"2022-10-24T03:48:41","slug":"karel-kosik-el-marxismo-checo-y-la-dialectica-de-lo-concreto","status":"publish","type":"post","link":"https:\/\/espai-marx.net\/?p=12622","title":{"rendered":"Karel Kos\u00edk, el marxismo checo y la <i>Dial\u00e9ctica de lo concreto<\/i>"},"content":{"rendered":"<p>Panel organizado el 14 de octubre de 2022 por <em>Historical Materialism<\/em> y Haymarket Books sobre el legado del marxista checo Karel Kos\u00edk.<\/p>\n<p>Karel Kos\u00edk (1926-2003), uno de los fil\u00f3sofos marxistas checos m\u00e1s notables del siglo XX, debe su reputaci\u00f3n como pensador creativo en gran medida a su <em>Dial\u00e9ctica de lo concreto<\/em>, publicada por primera vez en Checoslovaquia en 1963. En esta emisi\u00f3n, se habl\u00f3 de un nuevo volumen que reintroduce la filosof\u00eda de Kos\u00edk a los lectores de habla inglesa, mostrando que la obra de Kos\u00edk es importante no s\u00f3lo como documento intelectual principal del impulso al socialismo democr\u00e1tico conocido como la Primavera de Praga, sino tambi\u00e9n como una contribuci\u00f3n te\u00f3rica original con impacto internacional que arroja luz sobre el significado del trabajo y la praxis, la cognici\u00f3n y la estructura econ\u00f3mica, la revoluci\u00f3n y las crisis de la modernidad.<\/p>\n<p><strong>Ponentes<\/strong>:<\/p>\n<p>Ivan Landa (Instituto de Filosof\u00eda, Academia Checa de Ciencias).<\/p>\n<p>Monika Wo\u017aniak (Universidad de Wroc\u0142aw e Instituto de Filosof\u00eda, Academia Checa de Ciencias).<\/p>\n<p>Georgi Medarov (Instituto de Filosof\u00eda y Sociolog\u00eda, Academia de Ciencias de Bulgaria)<\/p>\n<p>Moderadora: Isabel Jacobs (Queen Mary University of London)<\/p>\n<p>La charla se celebr\u00f3 en ingl\u00e9s, pero recordamos a nuestros lectores que se pueden activar los subt\u00edtulos autom\u00e1ticos, desafortunadamente, en esta ocasi\u00f3n, \u00fanicamente en ingl\u00e9s.<\/p>\n<p><iframe loading=\"lazy\" title=\"Karel Kos\u00edk, Czech Marxism and the Dialectics of the Concrete\" width=\"800\" height=\"450\" src=\"https:\/\/www.youtube.com\/embed\/57txhhXJeMw?feature=oembed\" frameborder=\"0\" allow=\"accelerometer; autoplay; clipboard-write; encrypted-media; gyroscope; picture-in-picture; web-share\" referrerpolicy=\"strict-origin-when-cross-origin\" allowfullscreen><\/iframe><\/p>\n","protected":false},"excerpt":{"rendered":"<p>Panel organizado el 14 de octubre de 2022 por Historical Materialism y Haymarket Books sobre el legado del marxista checo<\/p>\n","protected":false},"author":5,"featured_media":12625,"comment_status":"open","ping_status":"open","sticky":false,"template":"","format":"standard","meta":{"footnotes":""},"categories":[8],"tags":[1476],"class_list":["post-12622","post","type-post","status-publish","format-standard","has-post-thumbnail","hentry","category-filosofia","tag-karel-kosik"],"aioseo_notices":[],"_links":{"self":[{"href":"https:\/\/espai-marx.net\/index.php?rest_route=\/wp\/v2\/posts\/12622","targetHints":{"allow":["GET"]}}],"collection":[{"href":"https:\/\/espai-marx.net\/index.php?rest_route=\/wp\/v2\/posts"}],"about":[{"href":"https:\/\/espai-marx.net\/index.php?rest_route=\/wp\/v2\/types\/post"}],"author":[{"embeddable":true,"href":"https:\/\/espai-marx.net\/index.php?rest_route=\/wp\/v2\/users\/5"}],"replies":[{"embeddable":true,"href":"https:\/\/espai-marx.net\/index.php?rest_route=%2Fwp%2Fv2%2Fcomments&post=12622"}],"version-history":[{"count":0,"href":"https:\/\/espai-marx.net\/index.php?rest_route=\/wp\/v2\/posts\/12622\/revisions"}],"wp:featuredmedia":[{"embeddable":true,"href":"https:\/\/espai-marx.net\/index.php?rest_route=\/wp\/v2\/media\/12625"}],"wp:attachment":[{"href":"https:\/\/espai-marx.net\/index.php?rest_route=%2Fwp%2Fv2%2Fmedia&parent=12622"}],"wp:term":[{"taxonomy":"category","embeddable":true,"href":"https:\/\/espai-marx.net\/index.php?rest_route=%2Fwp%2Fv2%2Fcategories&post=12622"},{"taxonomy":"post_tag","embeddable":true,"href":"https:\/\/espai-marx.net\/index.php?rest_route=%2Fwp%2Fv2%2Ftags&post=12622"}],"curies":[{"name":"wp","href":"https:\/\/api.w.org\/{rel}","templated":true}]}}