{"id":12646,"date":"2022-10-29T05:00:46","date_gmt":"2022-10-29T04:00:46","guid":{"rendered":"https:\/\/espai-marx.net\/?p=12646"},"modified":"2022-10-29T02:11:11","modified_gmt":"2022-10-29T01:11:11","slug":"i-congres-internacional-la-revolucio-passiva-usos-actuals-del-pensament-dantonio-gramsci","status":"publish","type":"post","link":"https:\/\/espai-marx.net\/?p=12646","title":{"rendered":"I Congr\u00e9s Internacional La revoluci\u00f3 passiva: usos actuals del pensament d&#8217;Antonio Gramsci"},"content":{"rendered":"<p><strong>PRESENTACI\u00d3<\/strong><\/p>\n<p><strong>Congr\u00e9s Internacional. Usos actuals del pensament d\u2019Antonio Gramsci: La revoluci\u00f3 passiva<\/strong><br \/>\n<strong>Universitat Pompeu Fabra<\/strong><\/p>\n<p>20 i 21 d&#8217;octubre del 2022<\/p>\n<p>Si b\u00e9 la centralitat del concepte d\u2019hegemonia resulta encara avui indiscutible tant als estudis acad\u00e8mics consagrats a Gramsci com a les interpretacions de la seva obra guiades per fins immediatament pol\u00edtics, no \u00e9s menys cert que, des dels anys setanta, el debat sobre la seva obra ha concedit un creixent protagonisme al concepte de revoluci\u00f3 passiva. El concepte de revoluci\u00f3 passiva ser\u00e0 el punt de partida des del qual Gramsci va desenvolupar importants variacions sem\u00e0ntiques que afecten tant l\u2019abast descriptiu de la noci\u00f3 com el seu valor interpretatiu de diversos fen\u00f2mens hist\u00f2rics relatius tant a la derrota del moviment revolucionari com a la consolidaci\u00f3 de la modernitat capitalista. Dins del dispositiu conceptual de Gramsci, el concepte de revoluci\u00f3 acompanya o complementa dos conceptes m\u00e9s com s\u00f3n el de cesarisme i el de transformisme. Tamb\u00e9 li va servir per aprofundir l\u2019abast de m\u00faltiples problemes te\u00f2ric-conceptuals que havia anat perfilant en les primeres fases de la seva investigaci\u00f3, des de la dial\u00e8ctica fins a les relacions entre economia, pol\u00edtica i cultura aix\u00ed com a la difer\u00e8ncia entre la filosofia de la praxi respecte al marxisme economicista.<\/p>\n<p>La combinaci\u00f3 dels dos pols de l\u2019expressi\u00f3 \u2013\u00e9s a dir, la passivitat i all\u00f2 revolucionari\u2013 permet a Gramsci interpretar la dial\u00e8ctica entre l\u2019impuls popular i les classes dominants des d\u2019una matriu que rebutja tota teleologia aprior\u00edstica i remet la resoluci\u00f3 concreta del conflicte social al desenvolupament de la lluita de classes. En l\u00ednies generals, aix\u00f2 permet a Gramsci fer-se c\u00e0rrec dels processos de modernitzaci\u00f3 \u00abdes de dalt\u00bb que guarden com a condici\u00f3 la producci\u00f3 i el manteniment de la passivitat dels subalterns. Alhora, permeten a Gramsci fugir del fatalisme i del pessimisme pol\u00edtic. Per a Gramsci, la revoluci\u00f3 passiva entesa com a derrota parcial de les classes subalternes no porta a renunciar a la perspectiva de l\u2019emancipaci\u00f3 humana i a acceptar passivament la tornada a la subalternitat. Per contra, permet pensar en termes estrat\u00e8gics la nova fase de la lluita, com el pas de la guerra de moviments a la guerra de posicions.<br \/>\nPer tal de reflexionar sobre aquest marc problem\u00e0tic, l\u2019Associaci\u00f3 d\u2019Estudis Gramscians de Catalunya i l\u2019Associaci\u00f3 Espanyola d\u2019Estudis Gramscians us convidem a participar al Primer Congr\u00e9s internacional sobre usos actuals del pensament d&#8217;Antonio Gramsci que tindr\u00e0 lloc a Barcelona els dies 20 i 21 d\u2019octubre de 2022. En aquestes jornades la nostra intenci\u00f3 \u00e9s reunir en un mateix espai les innovadores aportacions filol\u00f2giques sobre la revoluci\u00f3 passiva a Gramsci i els diferents usos i desenvolupaments del concepte que s\u2019han realitzat des de la filosofia, la historiografia, l\u2019etnografia, la sociologia i les an\u00e0lisis pol\u00edtiques.<\/p>\n<div id=\"content\" class=\"container section_container\">\n<div id=\"section-container\" class=\"col-md-12\">\n<div class=\"section-container\">\n<p><strong>Comit\u00e8 organitzador<\/strong><\/p>\n<p>Anxo Garrido, Rafa Mill\u00e1n, Alejandro Fortuna, Carles Feixa i Fernando Zamorano.<\/p>\n<p><strong>Comit\u00e8 cient\u00edfic<\/strong><\/p>\n<p>Joan Tafalla, Guido Liguori, Massimo Modonesi, Antonio Di Meo, Giaime Pala, Ivan Alvarado, Nuria Peist, Ra\u00fcl Dig\u00f3n, Jordi Mir, Jos\u00e9 Antonio Garcia, Jos\u00e9 Sarri\u00f3n, Eddy S\u00e1nchez i David del Pino.<\/p>\n<p><strong>ORGANITZADORS<\/strong><\/p>\n<div id='gallery-1' class='gallery galleryid-12646 gallery-columns-3 gallery-size-full'><figure class='gallery-item'>\n\t\t\t<div class='gallery-icon landscape'>\n\t\t\t\t<a href='https:\/\/espai-marx.net\/?attachment_id=12652'><img loading=\"lazy\" decoding=\"async\" width=\"210\" height=\"30\" src=\"https:\/\/espai-marx.net\/wp-content\/uploads\/2022\/10\/gramscicat.png\" class=\"attachment-full size-full\" alt=\"\" \/><\/a>\n\t\t\t<\/div><\/figure><figure class='gallery-item'>\n\t\t\t<div class='gallery-icon landscape'>\n\t\t\t\t<a href='https:\/\/espai-marx.net\/?attachment_id=12651'><img loading=\"lazy\" decoding=\"async\" width=\"210\" height=\"57\" src=\"https:\/\/espai-marx.net\/wp-content\/uploads\/2022\/10\/gramsciespana.jpg\" class=\"attachment-full size-full\" alt=\"\" \/><\/a>\n\t\t\t<\/div><\/figure><figure class='gallery-item'>\n\t\t\t<div class='gallery-icon landscape'>\n\t\t\t\t<a href='https:\/\/espai-marx.net\/?attachment_id=12653'><img loading=\"lazy\" decoding=\"async\" width=\"210\" height=\"42\" src=\"https:\/\/espai-marx.net\/wp-content\/uploads\/2022\/10\/upf.png\" class=\"attachment-full size-full\" alt=\"\" \/><\/a>\n\t\t\t<\/div><\/figure>\n\t\t<\/div>\n\n<\/div>\n<\/div>\n<\/div>\n<p><strong>VIDEOS<\/strong><\/p>\n<p><strong>Recepci\u00f3 del Congr\u00e9s<\/strong><\/p>\n<p>Joan Tafalla (President de la AEGC-IGS) \u2500 Anxo Garrido (President de la AEGE- IGS) \u2500 Guido Liguori (President de l\u2019IGS)<\/p>\n<p><iframe loading=\"lazy\" title=\"Congr\u00e9s La revoluci\u00f3 passiva - Recepci\u00f3 i confer\u00e8ncia inaugural\" width=\"800\" height=\"450\" src=\"https:\/\/www.youtube.com\/embed\/dh9sLBZbUTA?feature=oembed\" frameborder=\"0\" allow=\"accelerometer; autoplay; clipboard-write; encrypted-media; gyroscope; picture-in-picture; web-share\" referrerpolicy=\"strict-origin-when-cross-origin\" allowfullscreen><\/iframe><\/p>\n<p><strong>Taula 1. Revoluci\u00f3 passiva: problemes conceptuals, usos i apropiacions<\/strong><\/p>\n<p>Massimo Modonesi \u2500 Antonio Di Meo \u2500 Alejandro Fortuna<\/p>\n<p>https:\/\/www.youtube.com\/watch?v=An5DREIOZ1o<\/p>\n<p><strong>Taula 2. Revoluci\u00f3 passiva: recepci\u00f3, usos i apropiacions<\/strong><\/p>\n<p>Jaime Pastor \u2500 Sebasti\u00e1n G\u00f3mez \u2500 Anxo Garrido \u2500\u00a0 Alejandro S\u00e1nchez<\/p>\n<p>https:\/\/www.youtube.com\/watch?v=Re5JBg7DizU<\/p>\n<p><strong>Taula 3. Revoluci\u00f3(ns) passiva(es) a Llatinoam\u00e8rica<\/strong><\/p>\n<p>Juan Carlos Garc\u00eda Lozano \u2500 David Cardozo (llegit per Sebasti\u00e1n G\u00f3mez)<\/p>\n<p><iframe loading=\"lazy\" title=\"Congr\u00e9s La revoluci\u00f3 passiva - Taula 3. Revoluci\u00f3(ns) passiva(es) a Llatinoam\u00e8rica\" width=\"800\" height=\"450\" src=\"https:\/\/www.youtube.com\/embed\/5mqIW6pWRl4?feature=oembed\" frameborder=\"0\" allow=\"accelerometer; autoplay; clipboard-write; encrypted-media; gyroscope; picture-in-picture; web-share\" referrerpolicy=\"strict-origin-when-cross-origin\" allowfullscreen><\/iframe><\/p>\n<p><strong>Taula 4. La revoluci\u00f3 passiva i l\u2019an\u00e0lisi hist\u00f2ricopol\u00edtica d\u2019Espanya<br \/>\n<\/strong><\/p>\n<p>Xavier Dom\u00e8nech \u2500 Rafael Mill\u00e1n (video tallat)<\/p>\n<p><iframe loading=\"lazy\" title=\"Congr\u00e9s La revoluci\u00f3 passiva - Taula 4. La rev. pas. i l&#039;an\u00e0lisi historicopol\u00edtica d&#039;Espanya (1)\" width=\"800\" height=\"450\" src=\"https:\/\/www.youtube.com\/embed\/YRZmfWw1-3c?feature=oembed\" frameborder=\"0\" allow=\"accelerometer; autoplay; clipboard-write; encrypted-media; gyroscope; picture-in-picture; web-share\" referrerpolicy=\"strict-origin-when-cross-origin\" allowfullscreen><\/iframe><\/p>\n<p>Joan Tafalla \u2500 Jos\u00e9 Luis Villaca\u00f1as<\/p>\n<p><iframe loading=\"lazy\" title=\"Congr\u00e9s La revoluci\u00f3 passiva - Taula 4. La rev. pas. i l&#039;an\u00e0lisi historicopol\u00edtica d&#039;Espanya (2)\" width=\"800\" height=\"450\" src=\"https:\/\/www.youtube.com\/embed\/RBSXfo10Z_k?feature=oembed\" frameborder=\"0\" allow=\"accelerometer; autoplay; clipboard-write; encrypted-media; gyroscope; picture-in-picture; web-share\" referrerpolicy=\"strict-origin-when-cross-origin\" allowfullscreen><\/iframe><\/p>\n<p><strong>Homenatge a Francisco Fern\u00e1ndez Buey<\/strong><\/p>\n<p>Jordi Mir<\/p>\n<p><iframe loading=\"lazy\" title=\"Congr\u00e9s La revoluci\u00f3 passiva - Homenatge a Paco Fern\u00e1ndez Buey\" width=\"800\" height=\"450\" src=\"https:\/\/www.youtube.com\/embed\/gfUoiNo4ux4?feature=oembed\" frameborder=\"0\" allow=\"accelerometer; autoplay; clipboard-write; encrypted-media; gyroscope; picture-in-picture; web-share\" referrerpolicy=\"strict-origin-when-cross-origin\" allowfullscreen><\/iframe><\/p>\n<p><strong>Taula 5. Passivitzaci\u00f3, hegemonia i subalternitat<\/strong><\/p>\n<p>Carles Feixa \u2500 Nuria Peist \u2500 Iv\u00e1n Alvarado<\/p>\n<p><iframe loading=\"lazy\" title=\"Congr\u00e9s La revoluci\u00f3 passiva - Taula 5. Passivitzaci\u00f3, hegemonia i subalternitat\" width=\"800\" height=\"450\" src=\"https:\/\/www.youtube.com\/embed\/0HJgEaqHYBE?feature=oembed\" frameborder=\"0\" allow=\"accelerometer; autoplay; clipboard-write; encrypted-media; gyroscope; picture-in-picture; web-share\" referrerpolicy=\"strict-origin-when-cross-origin\" allowfullscreen><\/iframe><\/p>\n","protected":false},"excerpt":{"rendered":"<p>PRESENTACI\u00d3 Congr\u00e9s Internacional. Usos actuals del pensament d\u2019Antonio Gramsci: La revoluci\u00f3 passiva Universitat Pompeu Fabra 20 i 21 d&#8217;octubre del<\/p>\n","protected":false},"author":5,"featured_media":12647,"comment_status":"open","ping_status":"open","sticky":false,"template":"","format":"standard","meta":{"footnotes":""},"categories":[1546,833],"tags":[],"class_list":["post-12646","post","type-post","status-publish","format-standard","has-post-thumbnail","hentry","category-antonio-gramsci","category-videos"],"aioseo_notices":[],"_links":{"self":[{"href":"https:\/\/espai-marx.net\/index.php?rest_route=\/wp\/v2\/posts\/12646","targetHints":{"allow":["GET"]}}],"collection":[{"href":"https:\/\/espai-marx.net\/index.php?rest_route=\/wp\/v2\/posts"}],"about":[{"href":"https:\/\/espai-marx.net\/index.php?rest_route=\/wp\/v2\/types\/post"}],"author":[{"embeddable":true,"href":"https:\/\/espai-marx.net\/index.php?rest_route=\/wp\/v2\/users\/5"}],"replies":[{"embeddable":true,"href":"https:\/\/espai-marx.net\/index.php?rest_route=%2Fwp%2Fv2%2Fcomments&post=12646"}],"version-history":[{"count":0,"href":"https:\/\/espai-marx.net\/index.php?rest_route=\/wp\/v2\/posts\/12646\/revisions"}],"wp:featuredmedia":[{"embeddable":true,"href":"https:\/\/espai-marx.net\/index.php?rest_route=\/wp\/v2\/media\/12647"}],"wp:attachment":[{"href":"https:\/\/espai-marx.net\/index.php?rest_route=%2Fwp%2Fv2%2Fmedia&parent=12646"}],"wp:term":[{"taxonomy":"category","embeddable":true,"href":"https:\/\/espai-marx.net\/index.php?rest_route=%2Fwp%2Fv2%2Fcategories&post=12646"},{"taxonomy":"post_tag","embeddable":true,"href":"https:\/\/espai-marx.net\/index.php?rest_route=%2Fwp%2Fv2%2Ftags&post=12646"}],"curies":[{"name":"wp","href":"https:\/\/api.w.org\/{rel}","templated":true}]}}