{"id":1270,"date":"2009-11-12T00:00:00","date_gmt":"2009-11-12T00:00:00","guid":{"rendered":"https:\/\/espai-marx.net\/?p=1270"},"modified":"2020-02-23T11:38:15","modified_gmt":"2020-02-23T10:38:15","slug":"muros-ruidosos-muros-silenciosos","status":"publish","type":"post","link":"https:\/\/espai-marx.net\/?p=1270","title":{"rendered":"Muros ruidosos, muros silenciosos"},"content":{"rendered":"<p>(GARA)<\/p>\n<p>Desde su construcci\u00f3n, en 1961, en plena Guerra Fr\u00eda, el Muro de Berl\u00edn fue noticia diaria. D\u00eda tras d\u00eda, a\u00f1o tras a\u00f1o, los medios occidentales de comunicaci\u00f3n nos \u00abinformaron\u00bb sobre el mismo: el muro de la verg\u00fcenza, el muro de la infamia, el tel\u00f3n de acero, los muertos al intentar huir, la maldad intr\u00ednseca del comunismo&#8230; Cuando se inici\u00f3 su ca\u00edda, el 9 de noviembre de 1989, el acontecimiento fue retransmitido hasta el hast\u00edo y celebrado en directo como la victoria del \u00abmundo libre\u00bb, y, de paso, como el triunfo definitivo del capitalismo. Marxismo, socialismo, lucha de clases, imperialismo, explotaci\u00f3n&#8230; todo eso eran antiguallas ante el famoso \u00abfin de la historia\u00bb de Francis Fukuyama, que proclamaba que un pensamiento \u00fanico, el \u00abpensamiento de mercado\u00bb, se mantendr\u00eda hasta el final de los tiempos: la historia, entendida como conflicto, hab\u00eda llegado a su fin.<\/p>\n<p>Veinte a\u00f1os despu\u00e9s, la Uni\u00f3n Europea conmemora el evento con multitud de festividades y hasta subastas de trozos de hormig\u00f3n de la pared en cuesti\u00f3n, cuyo derrumbe nos trajo, al parecer, la \u00ablibertad\u00bb. Pero ocurre que el aniversario coincide con la grav\u00edsima crisis acarreada por ese \u00abfundamentalismo de mercado\u00bb, como lo llama Hobsbawn, vencedor tras la ca\u00edda del muro berlin\u00e9s, que ha tra\u00eddo consigo la liberalizaci\u00f3n financiera y el desplazamiento de la voracidad capitalista al mundo entero. Y que, adem\u00e1s, concuerda con la ratificaci\u00f3n del Tratado de Lisboa que, en plena supuesta crisis del modelo, refuerza la Europa neoliberal, aumenta la militarizaci\u00f3n y la exclusi\u00f3n, subordina el bienestar y la justicia social a la tiran\u00eda del Producto Interior Bruto, endurece las pol\u00edticas represivas y, ya que de muros hablamos, acelera la construcci\u00f3n de la \u00abEuropa Fortaleza\u00bb, es decir, crea infranqueables muros, reales o virtuales, que cierran fronteras, violan el derecho de asilo, criminalizan a los inmigrantes y los encierran hasta su expulsi\u00f3n en centros de internamiento, verdaderos agujeros negros del Estado llamado de derecho que impulsa la directiva europea conocida como la \u00abDirectiva de la Verg\u00fcenza\u00bb.<\/p>\n<p>Pero de esos muros no se habla, o se habla poco: son muros silenciosos. Son muros mucho m\u00e1s largos, altos, da\u00f1inos y mort\u00edferos que el de Berl\u00edn; pero son muros silenciosos y, a menudo, son muros admitidos e incluso aplaudidos.<\/p>\n<p>En los 27 a\u00f1os que se mantuvo el muro berlin\u00e9s, hubo 79 muertes, de las que se nos inform\u00f3 una tras otra, hasta la saciedad: eran v\u00edctimas del comunismo. Entre 1989 y 2007 han fallecido, que se sepa, 15.000 inmigrantes frente a las fronteras europeas; 15.000 muertes ejemplarizantes, al parecer, de las que, seg\u00fan el tono que de los informativos se extrae, son culpables los propios fallecidos; no v\u00edctimas. No olvidemos que en la Uni\u00f3n Europea la libre circulaci\u00f3n es para capitales, empresas y mercanc\u00edas; no para personas que huyen de la miseria y las guerras, de las que Europa es, sin duda, responsable. Y que para ocultar esa realidad ah\u00ed est\u00e1 esa otra forma de muro, el muro medi\u00e1tico e ideol\u00f3gico, que invisibiliza la tragedia, separa y justifica, y convierte en meros n\u00fameros estad\u00edsticos a todos esos representantes de los \u00abcondenados de la tierra\u00bb como los llamaba Franz Fanon; incluidas mujeres embarazadas y ni\u00f1os.<\/p>\n<p>Ese muro \u00abinvisible\u00bb justifica las vallas de seis metros de altura de Ceuta y Melilla, con su tecnolog\u00eda sofisticada, sus c\u00e1maras infrarrojas y sus difusores de gases lacrim\u00f3genos, y en las que el \u00abuso desproporcionado de la fuerza\u00bb ha causado decenas de muertos&#8230; que, al parecer, no merecen la categor\u00eda de \u00abv\u00edctimas\u00bb de la \u00abpol\u00edtica securitaria\u00bb de la Uni\u00f3n Europea, en la que colabora el Estado espa\u00f1ol en colaboraci\u00f3n con el r\u00e9gimen de Marruecos&#8230; \u00c9se que recibe ayudas millonarias por controlar la inmigraci\u00f3n y que, hace cuatro a\u00f1os, abandon\u00f3 en el desierto sin comida ni agua a 500 subsaharianos&#8230;<\/p>\n<p>Ese muro \u00abinvisible\u00bb posibilita la ocultaci\u00f3n de ese terrible muro marroqu\u00ed de 2.700 km., construido hace 20 a\u00f1os por Rabat para saquear los yacimientos de fosfatos y la riqueza pesquera, y perpetuar la ocupaci\u00f3n y represi\u00f3n del pueblo saharaui. Esa zona militar de vallas, b\u00fankers y alambradas, vigilada por miles de soldados, est\u00e1 \u00abprotegida\u00bb por miles de millones de minas antipersona, que en teor\u00eda proh\u00edben las convenciones internacionales pero que diariamente causan muertos y heridos&#8230; muertos y heridos que, por misterios de la sem\u00e1ntica (\u00bfo quiz\u00e1 de la econom\u00eda o la geoestrategia?), tampoco alcanzan la superior categor\u00eda de \u00abv\u00edctimas\u00bb, en este caso del terrorismo marroqu\u00ed.<\/p>\n<p>Esa barrera \u00abinvisible\u00bb (pero muy elaborada) permite a Israel seguir ampliando los muros del apartheid en la Palestina ocupada, crear bantustanes en Cisjordania, continuar con los asentamientos ilegales, realizar bloqueos, hurtar el agua y aplastar y asesinar al pueblo palestino como durante la ofensiva de la franja de Gaza (1.500 muertos). No importa que la Corte Internacional de Justicia de La Haya haya ordenado detener la construcci\u00f3n del muro dentro de los territorios ocupados y desmantelar lo ya levantado. El lobby israel\u00ed-norteamericano pesa lo que pesa y, mientras ser declarado criminal de guerra serbio o serbobosnio y juzgado como tal es relativamente sencillo, los cr\u00edmenes de guerra israel\u00edes no son de momento ni juzgables ni punibles&#8230; que para eso est\u00e1n el derecho a veto de EEUU en la ONU y otras \u00abinsuficiencias\u00bb de la legislaci\u00f3n internacional. Y es que tanto la categor\u00eda de \u00abv\u00edctima\u00bb como la de \u00abterrorista\u00bb o la de \u00abcriminal de guerra\u00bb dependen del color del cristal con que miren los que mandan. Todos sabemos que Bush, por poner un ejemplo, es un criminal de guerra; y tambi\u00e9n sabemos que jam\u00e1s le van a juzgar&#8230; ni a Aznar, el \u00abgran aliado de la superpotencia en genocidios y masacres\u00bb, como le llama Fidel Castro. Como sabemos que a ese Obama que mantiene el centro de detenci\u00f3n de Guant\u00e1namo, y apoya la \u00abguerra sin fronteras\u00bb del Pent\u00e1gono, la construcci\u00f3n de nuevas bases militares en Colombia y el aumento de la ayuda militar a Israel le han dado el N\u00f3bel de la Paz, convirtiendo sus guerras en \u00abacciones humanitarias\u00bb.<\/p>\n<p>Apoyados por esos muros ideol\u00f3gicos, econ\u00f3micos y raciales que los medios de comunicaci\u00f3n contribuyen a hacer o deshacer, potenciar o invisibilizar, alentar o criminalizar, en los Estados Unidos de Obama, los m\u00e1s de mil kil\u00f3metros de muro construidos para impedir el flujo migratorio de M\u00e9xico a EEUU no han hecho sino desviar las rutas de cruce hacia el desierto y aumentar el n\u00famero anual de migrantes muertos (van por los 400 al a\u00f1o). Es lo que llaman (que para todo tienen nombre) la pol\u00edtica de prevenci\u00f3n por medio de la disuasi\u00f3n; es decir, levantar barreras cada vez m\u00e1s sofisticadas e infranqueables para obligar a la gente a atravesar por las zonas m\u00e1s peligrosas con el objetivo de que las numerosas muertes disuadan a los pr\u00f3ximos migrantes. Si a esto le a\u00f1adimos el hecho demostrado de que con los indocumentados interceptados se cometen todo tipo de violaciones de los derechos humanos por parte de la polic\u00eda fronteriza y que las mismas quedan impunes en su mayor\u00eda, pues no hacemos sino confirmar, una vez m\u00e1s, que el eco que se hace de los \u00abmuros de la verg\u00fcenza\u00bb y la consideraci\u00f3n de v\u00edctimas o de simples ilegales\/indocumentados\/huidos que se otorga a quienes los padecen tiene directamente que ver con su procedencia, clase social y\/o car\u00e1cter de su migraci\u00f3n.<\/p>\n<p>Y a\u00fan hay otros muchos m\u00e1s muros que han \u00absustituido\u00bb al de Berl\u00edn, pero que se ocultan tras los muros de incomunicaci\u00f3n medi\u00e1tica: el conocido como \u00abmuro de Berl\u00edn de Asia\u00bb, que se extiende por casi la mitad de los 2.900 km. de l\u00ednea fronteriza entre India y Pakist\u00e1n y que Nueva Delhi piensa seguir construyendo, con la aquiescencia de EEUU, interesado en potenciar las divisiones entre Pakist\u00e1n y la India; la barrera de seguridad de 9.000 km., la m\u00e1s larga del mundo, que convierte a Arabia Saudita en un reino amurallado; el muro anti-inmigraci\u00f3n entre Botswana y Zimbabe; los que han levantado en Bagdad entre los barrios de mayor\u00eda chi\u00edta y los de mayor\u00eda sunita; el que divide Chipre de norte a sur; los 1.100 km. de alambradas reforzadas con sembrad\u00edos de minas antipersona colocados por Kirguist\u00e1n; y, c\u00f3mo no, todas esas gated communities (barrios cerrados) discriminatorias, custodiadas por hombres armados, que se extienden por el mundo entero y cuyo paradigma podr\u00edan ser esos muros que est\u00e1n construyendo en R\u00edo de Janeiro para separar las zonas empobrecidas de favelas de las de mayores recursos&#8230;<\/p>\n<p>Veinte a\u00f1os despu\u00e9s, los muros de Berl\u00edn se han multiplicado por todo el planeta; los visibles y los invisibles; los reales y los simb\u00f3licos; los que separan a los pobres de los ricos; los que a\u00edslan a ciertos pa\u00edses en base a su poco inter\u00e9s econ\u00f3mico&#8230; los que segregan para aplastar a pueblos y lenguas minoritarias, como ocurre en Euskal Herria, donde, con el incre\u00edble cuento de \u00abproteger el castellano\u00bb, est\u00e1n colocando una vez m\u00e1s al euskara en la pendiente de la marginaci\u00f3n y la desaparici\u00f3n.<\/p>\n<p>Veinte a\u00f1os despu\u00e9s, todos esos muros no demuestran sino el fracaso del poder y sus gobernantes en sus pol\u00edticas migratorias, sociales, laborales y de defensa de los derechos de los pueblos. Al pueblo nos corresponde conducirles por la v\u00eda del di\u00e1logo, el acuerdo y la negociaci\u00f3n.<\/p>\n","protected":false},"excerpt":{"rendered":"<p>Alizia St\u00fcrtze<\/p>\n<p>(GARA)<\/p>\n<p>Desde su construcci\u00f3n, en 1961, en plena Guerra Fr\u00eda, el Muro de Berl\u00edn fue noticia diaria. D\u00eda tras d\u00eda, a\u00f1o tras a\u00f1o, los medios occidentales de comunicaci\u00f3n nos \u00abinformaron\u00bb sobre el mismo: el muro de la verg\u00fcenza, el muro de la infamia, el tel\u00f3n de acero, los muertos al intentar huir, la maldad intr\u00ednseca del comunismo&#8230; Cuando se inici\u00f3 su ca\u00edda, el 9 de noviembre de 1989, el acontecimiento fue retransmitido hasta el hast\u00edo y celebrado en directo como la victoria del \u00abmundo libre\u00bb, y, de paso, como el triunfo definitivo del capitalismo. Marxismo, socialismo, lucha de clases, imperialismo, explotaci\u00f3n&#8230; todo eso eran antiguallas ante el famoso \u00abfin de la historia\u00bb de Francis Fukuyama, que proclamaba que un pensamiento \u00fanico, el \u00abpensamiento de mercado\u00bb, se mantendr\u00eda hasta el final de los tiempos: la historia, entendida como conflicto, hab\u00eda llegado a su fin.<\/p>\n<p>Veinte a\u00f1os despu\u00e9s, la Uni\u00f3n Europea conmemora el evento con multitud de festividades y hasta subastas de trozos de hormig\u00f3n de la pared en cuesti\u00f3n, cuyo derrumbe nos trajo, al parecer, la \u00ablibertad\u00bb. Pero ocurre que el aniversario coincide con la grav\u00edsima crisis acarreada por ese \u00abfundamentalismo de mercado\u00bb, como lo llama Hobsbawn, vencedor tras la ca\u00edda del muro berlin\u00e9s, que ha tra\u00eddo consigo la liberalizaci\u00f3n financiera y el desplazamiento de la voracidad capitalista al mundo entero. Y que, adem\u00e1s, concuerda con la ratificaci\u00f3n del Tratado de Lisboa que, en plena supuesta crisis del modelo, refuerza la Europa neoliberal, aumenta la militarizaci\u00f3n y la exclusi\u00f3n, subordina el bienestar y la justicia social a la tiran\u00eda del Producto Interior Bruto, endurece las pol\u00edticas represivas y, ya que de muros hablamos, acelera la construcci\u00f3n de la \u00abEuropa Fortaleza\u00bb, es decir, crea infranqueables muros, reales o virtuales, que cierran fronteras, violan el derecho de asilo, criminalizan a los inmigrantes y los encierran hasta su expulsi\u00f3n en centros de internamiento, verdaderos agujeros negros del Estado llamado de derecho que impulsa la directiva europea conocida como la \u00abDirectiva de la Verg\u00fcenza\u00bb.<\/p>\n<p>Pero de esos muros no se habla, o se habla poco: son muros silenciosos. Son muros mucho m\u00e1s largos, altos, da\u00f1inos y mort\u00edferos que el de Berl\u00edn; pero son muros silenciosos y, a menudo, son muros admitidos e incluso aplaudidos.<\/p>\n<p>En los 27 a\u00f1os que se mantuvo el muro berlin\u00e9s, hubo 79 muertes, de las que se nos inform\u00f3 una tras otra, hasta la saciedad: eran v\u00edctimas del comunismo. Entre 1989 y 2007 han fallecido, que se sepa, 15.000 inmigrantes frente a las fronteras europeas; 15.000 muertes ejemplarizantes, al parecer, de las que, seg\u00fan el tono que de los informativos se extrae, son culpables los propios fallecidos; no v\u00edctimas. No olvidemos que en la Uni\u00f3n Europea la libre circulaci\u00f3n es para capitales, empresas y mercanc\u00edas; no para personas que huyen de la miseria y las guerras, de las que Europa es, sin duda, responsable. Y que para ocultar esa realidad ah\u00ed est\u00e1 esa otra forma de muro, el muro medi\u00e1tico e ideol\u00f3gico, que invisibiliza la tragedia, separa y justifica, y convierte en meros n\u00fameros estad\u00edsticos a todos esos representantes de los \u00abcondenados de la tierra\u00bb como los llamaba Franz Fanon; incluidas mujeres embarazadas y ni\u00f1os.<\/p>\n","protected":false},"author":9,"featured_media":0,"comment_status":"open","ping_status":"open","sticky":false,"template":"","format":"standard","meta":{"footnotes":""},"categories":[42],"tags":[],"class_list":["post-1270","post","type-post","status-publish","format-standard","hentry","category-europa-europa"],"aioseo_notices":[],"_links":{"self":[{"href":"https:\/\/espai-marx.net\/index.php?rest_route=\/wp\/v2\/posts\/1270","targetHints":{"allow":["GET"]}}],"collection":[{"href":"https:\/\/espai-marx.net\/index.php?rest_route=\/wp\/v2\/posts"}],"about":[{"href":"https:\/\/espai-marx.net\/index.php?rest_route=\/wp\/v2\/types\/post"}],"author":[{"embeddable":true,"href":"https:\/\/espai-marx.net\/index.php?rest_route=\/wp\/v2\/users\/9"}],"replies":[{"embeddable":true,"href":"https:\/\/espai-marx.net\/index.php?rest_route=%2Fwp%2Fv2%2Fcomments&post=1270"}],"version-history":[{"count":0,"href":"https:\/\/espai-marx.net\/index.php?rest_route=\/wp\/v2\/posts\/1270\/revisions"}],"wp:attachment":[{"href":"https:\/\/espai-marx.net\/index.php?rest_route=%2Fwp%2Fv2%2Fmedia&parent=1270"}],"wp:term":[{"taxonomy":"category","embeddable":true,"href":"https:\/\/espai-marx.net\/index.php?rest_route=%2Fwp%2Fv2%2Fcategories&post=1270"},{"taxonomy":"post_tag","embeddable":true,"href":"https:\/\/espai-marx.net\/index.php?rest_route=%2Fwp%2Fv2%2Ftags&post=1270"}],"curies":[{"name":"wp","href":"https:\/\/api.w.org\/{rel}","templated":true}]}}