{"id":12756,"date":"2022-11-17T05:00:01","date_gmt":"2022-11-17T04:00:01","guid":{"rendered":"https:\/\/espai-marx.net\/?p=12756"},"modified":"2022-11-17T04:18:45","modified_gmt":"2022-11-17T03:18:45","slug":"novedad-en-nuestra-biblioteca-virtual-dialectica-de-lo-concreto-de-karel-kosik","status":"publish","type":"post","link":"https:\/\/espai-marx.net\/?p=12756","title":{"rendered":"Novedad en nuestra biblioteca virtual: <i>Dial\u00e9ctica de lo concreto<\/i> de Karel Kos\u00edk"},"content":{"rendered":"<p>Aunque ya ten\u00edamos subida en nuestra biblioteca virtual Els Arbres de Fahrenheit una edici\u00f3n anterior de <a href=\"https:\/\/espai-marx.net\/elsarbres\/review\/dialectica-de-lo-concreto-estudio-sobre-los-problemas-del-hombre-y-del-mundo-karel-kosik\/\"><em>Dial\u00e9ctica de lo concreto<\/em><\/a> de Karel Kos\u00edk, hemos decidido incorporar esta nueva de <a href=\"https:\/\/doscuadrados.es\/\">Ediciones Dos Cuadrados<\/a>, una editorial que, de manera similar a lo que hacemos en Espai Marx cuando publicamos alg\u00fan libro, publica en papel a un precio muy razonable y ofrece la versi\u00f3n digital de forma gratuita.\u00a0 La hemos incorporado porque a\u00f1ade algunos textos complementarios, muchos de ellos recogidos del blog dedicado a la figura de Kos\u00edk de nuestro compa\u00f1ero de asociaci\u00f3n Gerard Mar\u00edn (<a href=\"https:\/\/decenciaycritica.blogspot.com\/\">https:\/\/decenciaycritica.blogspot.com\/<\/a>).<\/p>\n<p>&nbsp;<\/p>\n<p><span id=\"page57R_mcid7\" class=\"markedContent\"><span dir=\"ltr\" role=\"presentation\">\u00abLa obra de Kos\u00edk es, fundamentalmente, revolucionaria y rup<\/span><span dir=\"ltr\" role=\"presentation\">turista. Ya sea a trav\u00e9s de su ontolog\u00eda materialista en <\/span><em><span dir=\"ltr\" role=\"presentation\">Dial\u00e9ctica<\/span> <span dir=\"ltr\" role=\"presentation\">de lo concreto<\/span><\/em><span dir=\"ltr\" role=\"presentation\"> o en sus textos m\u00e1s pol\u00edticos tambi\u00e9n incluidos en <\/span><span dir=\"ltr\" role=\"presentation\">este volumen, su obra es una batalla continua contra las tenden<\/span><span dir=\"ltr\" role=\"presentation\">cias m\u00e1s negativas existentes en el movimiento comunista de su<\/span> <span dir=\"ltr\" role=\"presentation\">\u00e9poca, ya sea el revisionismo sovi\u00e9tico o del postmodernismo<\/span> <span dir=\"ltr\" role=\"presentation\">(seg\u00fan \u00e9l, la expresi\u00f3n izquierdista de la ideolog\u00eda del<\/span> <span dir=\"ltr\" role=\"presentation\">supercapi<\/span><span dir=\"ltr\" role=\"presentation\">tal)<\/span><span dir=\"ltr\" role=\"presentation\">, lo que le llevar\u00eda a ser censurado tras la famosa Primavera<\/span> <span dir=\"ltr\" role=\"presentation\">de Praga, la que \u00e9l apoy\u00f3 desde una postura de<\/span> <span dir=\"ltr\" role=\"presentation\">recuperaci\u00f3n<\/span> <span dir=\"ltr\" role=\"presentation\">del<\/span> <span dir=\"ltr\" role=\"presentation\">socialismo.<\/span><\/span><span id=\"page57R_mcid8\" class=\"markedContent\"><br role=\"presentation\" \/><\/span><\/p>\n<p><span id=\"page57R_mcid8\" class=\"markedContent\"><span dir=\"ltr\" role=\"presentation\">El presente volumen se divide como hemos anticipado en dos<\/span> <span dir=\"ltr\" role=\"presentation\">partes. La principal, la reedici\u00f3n de <\/span><em><span dir=\"ltr\" role=\"presentation\">Dial\u00e9ctica de lo concreto<\/span><\/em><span dir=\"ltr\" role=\"presentation\">, un <\/span><span dir=\"ltr\" role=\"presentation\">libro donde busca enfocar la ontolog\u00eda filos\u00f3fica anterior al pun<\/span><span dir=\"ltr\" role=\"presentation\">to de vista materialista, buscando una nueva teor\u00eda de la existen<\/span><span dir=\"ltr\" role=\"presentation\">cia que rompa con la ontolog\u00eda metaf\u00edsica y guiada por el \u201c<\/span><span dir=\"ltr\" role=\"presentation\">No es <\/span><span dir=\"ltr\" role=\"presentation\">la conciencia del hombre la que determina su ser, sino, por el contra<\/span><\/span><span id=\"page58R_mcid0\" class=\"markedContent\"><span dir=\"ltr\" role=\"presentation\">rio, el ser social es lo que determina su conciencia<\/span><span dir=\"ltr\" role=\"presentation\">\u201d<\/span><span dir=\"ltr\" role=\"presentation\">. En esa b\u00fasque<\/span><span dir=\"ltr\" role=\"presentation\">da, no solo toma referencias socialistas como la gnoseolog\u00eda de<\/span> <span dir=\"ltr\" role=\"presentation\">Lenin, Gramsci o Luk\u00e1cs, ni tampoco tiene miedo en volver al<\/span> <span dir=\"ltr\" role=\"presentation\">estudio de Hegel, sino que transciende el campo dial\u00e9ctico y no<\/span> <span dir=\"ltr\" role=\"presentation\">tiene miedo en estudiar la principal tendencia de la filosof\u00eda bur<\/span><span dir=\"ltr\" role=\"presentation\">guesa de su \u00e9poca: la fenomenolog\u00eda de Husserl y Heidegger,<\/span> <span dir=\"ltr\" role=\"presentation\">fundamentalmente, el<\/span> <span dir=\"ltr\" role=\"presentation\"><em>Ser y Tiempo<\/em><\/span> <span dir=\"ltr\" role=\"presentation\">de este \u00faltimo. Esto que<\/span> <span dir=\"ltr\" role=\"presentation\">levant\u00f3 muchas reservas entre la intelectualidad marxista de la<\/span> <span dir=\"ltr\" role=\"presentation\">\u00e9poca por ser Heidegger un conocido seguidor del nazismo. Sin<\/span> <span dir=\"ltr\" role=\"presentation\">embargo, argumentar esto para descalificar a Kos\u00edk es puro des<\/span><span dir=\"ltr\" role=\"presentation\">conocimiento: no pretende seguir a Heidegger, sino hacer a su<\/span> <span dir=\"ltr\" role=\"presentation\">filosof\u00eda una \u00abvuelta del rev\u00e9s\u00bb. Es a trav\u00e9s de los puntos en co<\/span><span dir=\"ltr\" role=\"presentation\">m\u00fan que el fil\u00f3sofo checo encuentra entre Heidegger y Luk\u00e1cs<\/span> <span dir=\"ltr\" role=\"presentation\">desde donde emprende el desarrollo de la ontolog\u00eda materialista,<\/span> <span dir=\"ltr\" role=\"presentation\">no como una \u201cteor\u00eda de la existencia\u201d como<\/span> <span dir=\"ltr\" role=\"presentation\">la planteaba ante<\/span><span dir=\"ltr\" role=\"presentation\">riormente por la filosof\u00eda burguesa sino como una \u201cteor\u00eda del<\/span> <span dir=\"ltr\" role=\"presentation\">pr<\/span><span dir=\"ltr\" role=\"presentation\">oblema del hombre en el mundo\u201d materialista. Resulta poco<\/span> <span dir=\"ltr\" role=\"presentation\">menos que un elefante entrando en una cacharrer\u00eda para la filo<\/span><span dir=\"ltr\" role=\"presentation\">sof\u00eda marxista.<\/span><\/span><span id=\"page58R_mcid1\" class=\"markedContent\"><br role=\"presentation\" \/><\/span><\/p>\n<p><span id=\"page58R_mcid1\" class=\"markedContent\"><span dir=\"ltr\" role=\"presentation\">Por otro lado, encontramos otros textos que por breves no<\/span> <span dir=\"ltr\" role=\"presentation\">son menos importantes, que a pesar de estar ordenados cronol\u00f3<\/span><span dir=\"ltr\" role=\"presentation\">gicamente se dividen en dos grandes tem\u00e1ticas. Los de princi<\/span><span dir=\"ltr\" role=\"presentation\">pios de los a\u00f1os 19<\/span><span dir=\"ltr\" role=\"presentation\">60, mucho m\u00e1s cercanos a <\/span><em><span dir=\"ltr\" role=\"presentation\">Dial\u00e9ctica de lo<\/span> <\/em><span dir=\"ltr\" role=\"presentation\"><em>concreto<\/em>,<\/span> <span dir=\"ltr\" role=\"presentation\">donde aborda tem\u00e1ticas como el papel de los indivi<\/span><span dir=\"ltr\" role=\"presentation\">duos en la historia (lig\u00e1ndose nuevamente con los \u00faltimos cap\u00ed<\/span><span dir=\"ltr\" role=\"presentation\">tulos sobre la<\/span> <span dir=\"ltr\" role=\"presentation\">temporalidad e historicidad de <\/span><em><span dir=\"ltr\" role=\"presentation\">Ser y tiempo<\/span><\/em><span dir=\"ltr\" role=\"presentation\">)<\/span> <span dir=\"ltr\" role=\"presentation\">o<\/span> <span dir=\"ltr\" role=\"presentation\">sobre el proceso de alienaci\u00f3n, y una segunda etapa en \u00faltima<\/span><br role=\"presentation\" \/><span dir=\"ltr\" role=\"presentation\">mitad de dicha d\u00e9cada, que sin abandonar plenamente tem\u00e1ti<\/span><span dir=\"ltr\" role=\"presentation\">cas filos\u00f3ficas, aborda principalmente tem\u00e1ticas de la situaci\u00f3n<\/span> <span dir=\"ltr\" role=\"presentation\">pol\u00edtica del momento en el bloque del este y de la Nueva Izquier<\/span><span dir=\"ltr\" role=\"presentation\">da que derivar\u00eda en Mayo del 68. \u00bb <\/span><\/span>(De la \u00abIntroducci\u00f3n\u00bb)<\/p>\n<p>Descarga: <a href=\"https:\/\/espai-marx.net\/elsarbres\/wp-content\/uploads\/2022\/11\/Kosik-Karel-Dialectica-de-lo-concreto-Version-Digital.pdf\">Kos\u00edk, Karel &#8211; Dial\u00e9ctica de lo concreto (Versi\u00f3n Digital)<\/a><\/p>\n","protected":false},"excerpt":{"rendered":"<p>Aunque ya ten\u00edamos subida en nuestra biblioteca virtual Els Arbres de Fahrenheit una edici\u00f3n anterior de Dial\u00e9ctica de lo concreto<\/p>\n","protected":false},"author":5,"featured_media":12757,"comment_status":"open","ping_status":"open","sticky":false,"template":"","format":"standard","meta":{"footnotes":""},"categories":[8,1552],"tags":[],"class_list":["post-12756","post","type-post","status-publish","format-standard","has-post-thumbnail","hentry","category-filosofia","category-marxismo"],"aioseo_notices":[],"_links":{"self":[{"href":"https:\/\/espai-marx.net\/index.php?rest_route=\/wp\/v2\/posts\/12756","targetHints":{"allow":["GET"]}}],"collection":[{"href":"https:\/\/espai-marx.net\/index.php?rest_route=\/wp\/v2\/posts"}],"about":[{"href":"https:\/\/espai-marx.net\/index.php?rest_route=\/wp\/v2\/types\/post"}],"author":[{"embeddable":true,"href":"https:\/\/espai-marx.net\/index.php?rest_route=\/wp\/v2\/users\/5"}],"replies":[{"embeddable":true,"href":"https:\/\/espai-marx.net\/index.php?rest_route=%2Fwp%2Fv2%2Fcomments&post=12756"}],"version-history":[{"count":0,"href":"https:\/\/espai-marx.net\/index.php?rest_route=\/wp\/v2\/posts\/12756\/revisions"}],"wp:featuredmedia":[{"embeddable":true,"href":"https:\/\/espai-marx.net\/index.php?rest_route=\/wp\/v2\/media\/12757"}],"wp:attachment":[{"href":"https:\/\/espai-marx.net\/index.php?rest_route=%2Fwp%2Fv2%2Fmedia&parent=12756"}],"wp:term":[{"taxonomy":"category","embeddable":true,"href":"https:\/\/espai-marx.net\/index.php?rest_route=%2Fwp%2Fv2%2Fcategories&post=12756"},{"taxonomy":"post_tag","embeddable":true,"href":"https:\/\/espai-marx.net\/index.php?rest_route=%2Fwp%2Fv2%2Ftags&post=12756"}],"curies":[{"name":"wp","href":"https:\/\/api.w.org\/{rel}","templated":true}]}}