{"id":1279,"date":"2009-11-22T00:00:00","date_gmt":"2009-11-22T00:00:00","guid":{"rendered":"https:\/\/espai-marx.net\/?p=1279"},"modified":"2020-02-23T11:33:37","modified_gmt":"2020-02-23T10:33:37","slug":"entrevista-al-escritor-rafael-chirles-mi-generacion-estaba-destinada-a-moralizar-y-educar-a-un-pais-que-salia-del-franquismo-y-hemos-acabado-en-este-basurero-de-cemento","status":"publish","type":"post","link":"https:\/\/espai-marx.net\/?p=1279","title":{"rendered":"Entrevista al escritor Rafael Chirbes: \u00abMi generaci\u00f3n estaba destinada a moralizar y educar a un pa\u00eds que sal\u00eda del franquismo y hemos acabado en este basurero de cemento\u00bb."},"content":{"rendered":"<p><b>\u00bfCasi dos a\u00f1os sin escribir? <\/b><\/p>\n<p>-S\u00ed, me asusta decirlo pero casi siempre es as\u00ed, es un proceso de cocci\u00f3n lento. Tambi\u00e9n tard\u00e9 cuatro a\u00f1os en escribir la \u00faltima.<\/p>\n<p><b>\u00bfQued\u00f3 exhausto despu\u00e9s de Crematorio? <\/b><\/p>\n<p>-S\u00ed, porque tiene algo de testamento. Si fuera consecuente no deber\u00eda escribir ning\u00fan otro libro.<\/p>\n<p><b>\u00bfHurga en la misma herida? <\/b><\/p>\n<p>-No, escrib\u00ed un libro de art\u00edculos que va a salir ahora.<\/p>\n<p><b>\u00bfY la novela? <\/b><\/p>\n<p>-Como el mes\u00edas de Maim\u00f3nides, &#8216;llegar\u00e1 pero quiz\u00e1 se retrase&#8217;.<\/p>\n<p><b>\u00bfSe le han quejado los propios por Crematorio? <\/b><\/p>\n<p>-Las cr\u00edticas m\u00e1s desfavorables al libro fueron de gente de ideas parecidas a las m\u00edas, me dec\u00edan que es una novela nihilista&#8217;. Yo no lo creo. El mayor piropo que recib\u00ed fue el de un se\u00f1or en Granada que me dijo: &#8216;Usted es el \u00fanico que hace literatura para adultos, porque en este pa\u00eds todos nos cuentan historietas y cosas como de autoayuda para consolarnos&#8217;. Es una novela sobre c\u00f3mo est\u00e1n las cosas y c\u00f3mo estamos.<\/p>\n<p><b>\u00bfY c\u00f3mo estamos? <\/b><\/p>\n<p>-Estamos en ese momento en el cual los viejos dioses han muerto y los nuevos no acaban de llegar, hay una desaz\u00f3n muy grande porque no hay proyectos colectivos. Hemos vivido una etapa en la cual el \u00fanico objetivo era &#8216;coge el dinero y corre&#8217;, vive r\u00e1pido y disfruta lo m\u00e1s que puedas. Antes, cuando un se\u00f1or plantaba una vi\u00f1a en Burdeos sab\u00eda hasta 50 a\u00f1os despu\u00e9s su familia no iba a probar el vino. Ahora, esos vi\u00f1edos son de las agencias de seguros y lo que quieren es que en dos a\u00f1os el vino est\u00e9 en el mercado. Ese concepto de herencia burguesa ha desaparecido incluso en la gente normal: &#8216;Yo quiero vivir mi vida y cada uno que se apa\u00f1e&#8217;. Esto lleva a un vac\u00edo enorme.<\/p>\n<p><b>\u00bfCrematorio es una expiaci\u00f3n? <\/b><\/p>\n<p>-Mi generaci\u00f3n estaba destinada a cumplir un objetivo moralizador y educador de un pa\u00eds que sal\u00eda del franquismo y hemos acabado en este basurero de cemento y contaminaci\u00f3n. Se le echa la culpa al franquismo, cuando en treinta a\u00f1os de democracia siempre ha mandado lo que ellos llaman la izquierda. La gente de nuestra generaci\u00f3n, que estaba en el Frap, en el MC, en la ORT o en la Liga, acab\u00f3 cambiando los ideales -que pod\u00edan ser locos y descabellados- por un despacho, un cargo, una contrata o lo que fuera.<\/p>\n<p><b>\u00bfUsted lo vio venir y sali\u00f3 corriendo? <\/b><\/p>\n<p>-A partir de 1977 empec\u00e9 a ver algo. No me gustaba mandar y tampoco sab\u00eda muy bien qu\u00e9 hacer. S\u00ed, me fui y procur\u00e9 apartarme del mundillo ese.<\/p>\n<p><b>\u00bfLe salv\u00f3 la literatura? <\/b><\/p>\n<p>-No s\u00e9 si la literatura salva, pero purifica.<\/p>\n<p><b>&#8216;M\u00e1s de la mitad de las personas de mi generaci\u00f3n est\u00e1n alcoholizadas, en los bares o viendo el f\u00fatbol&#8217;. \u00bfTen\u00eda la opci\u00f3n del bar y la del poder? <\/b><\/p>\n<p>-El bar ahora lo frecuento bastante menos. Aza\u00f1a ya hablaba de las sucesivas traiciones de las generaciones progresistas espa\u00f1olas. Yo ve\u00eda que eso lo impregnaba todo pero que de eso no se hablaba.<\/p>\n<p><b>\u00bfSe qued\u00f3 sin amigos? <\/b><\/p>\n<p>-No, mis amigos siempre fueron de fuera, no tengo amigos pol\u00edticos, mi siquiera tengo amigos escritores. En mi pueblo no hay muchos escritores y yo con quien me tomo una cerveza es con los alba\u00f1iles, los fontaneros&#8230; Y me gusta m\u00e1s; los escritores est\u00e1n en los libros.<\/p>\n<p><b>&#8216;Soltero, depresivo e inestable de car\u00e1cter&#8217;, le han descrito. <\/b><\/p>\n<p>-\u00bfQui\u00e9n es el sinverg\u00fcenza que dice estas cosas?<\/p>\n<p><b>Gregorio Mor\u00e1n. <\/b><\/p>\n<p>-Quiso conocerme tras leerme y comimos juntos, es muy simp\u00e1tico. Me interesa mucho lo que escribe.<\/p>\n<p><b>Hasta hace poco su biograf\u00eda no aparec\u00eda en internet m\u00e1s que en alem\u00e1n. <\/b><\/p>\n<p>-\u00bfQu\u00e9 culpa tengo yo?<\/p>\n<p><b>En Alemania tiene gran \u00e9xito, all\u00ed le leen mucho m\u00e1s. <\/b><\/p>\n<p>-A los alemanes les gustan bastante los libros. La larga marcha y La buena letra tuvieron mucho \u00e9xito y la cr\u00edtica las puso por las nubes.<\/p>\n<p><b>Vivi\u00f3 bastante tiempo de los lectores alemanes. <\/b><\/p>\n<p>-S\u00ed, pero procuro gastar poco.<\/p>\n<p><b>\u00bfPor qu\u00e9 tiene m\u00e1s lectores en Alemania que en Espa\u00f1a? <\/b><\/p>\n<p>-Quiz\u00e1 porque escribo sobre mi tiempo. Antes, todo eso de la memoria no exist\u00eda y, ahora, que se ha puesto de moda, soy muy cr\u00edtico: es de buitres andar enterrando y desenterrando cad\u00e1veres. Se hace un uso partidista y mezquino, y descerebrado, de la memoria. Ahora est\u00e1 de moda la Rep\u00fablica y ha dado una literatura apolog\u00e9tica y beata de republicanos fusilados que no me interesa.<\/p>\n<p><b>\u00bfPor qu\u00e9 le leen menos aqu\u00ed? <\/b><\/p>\n<p>-Porque he ido a destiempo. En catorce a\u00f1os de gobierno felipista no se pod\u00eda encontrar un libro de Max Aub, ni la Memoria de la melancol\u00eda, de Mar\u00eda Teresa Le\u00f3n; ni las memorias de Constanza de la Mora. Lo que interesaba era J\u00fcnger, Popper, Heidegger, y cuando el PSOE vio que no se diferenciaba en nada del PP, se inventaron que eran hijos de republicanos y ven\u00edan de la Rep\u00fablica, \u00bfy quieren que yo participe en esta reinvenci\u00f3n para que ganen las elecciones para cuando las ganan volver a tapar las fosas, como han hecho?<\/p>\n<p><b>No deja t\u00edtere con cabeza. <\/b><\/p>\n<p>-Es que es as\u00ed. Ahora se extra\u00f1an de la corrupci\u00f3n: si los alcaldes est\u00e1n para financiar los partidos.<\/p>\n<p><b>\u00bfY qu\u00e9 dice de Camps? <\/b><\/p>\n<p>-Han decidido meter el diente en Valencia y en Madrid porque no ganan all\u00ed las elecciones. Si lo hiciesen en Andaluc\u00eda seguramente saldr\u00eda mucho m\u00e1s que en Valencia.<\/p>\n<p><b>\u00bfSe pasa el d\u00eda leyendo? <\/b><\/p>\n<p>Salgo poco de casa y me paso el d\u00eda leyendo. Releo mucho: Proust, Gald\u00f3s; La Celestina, que me gusta mucho, me parece el libro m\u00e1s destructivo; Cervantes&#8230;<\/p>\n<p><b>\u00bfVivir en un pueblo, alejado de escritores, editores y grupos de comunicaci\u00f3n, le tranquiliza? <\/b><\/p>\n<p>-Me da el malestar suficiente para saber que est\u00e1s solo y que te soportas sobre tus propias fuerzas. El novelista es el ser m\u00e1s libre del mundo, le basta con un papel y un bol\u00edgrafo. Lo terrible es tener un papel en blanco pero si sale bien es cojonudo. Los libros se sostienen solos. Viene muy bien estar un poquito fuera y ver las cosas desde lejos.<\/p>\n","protected":false},"excerpt":{"rendered":"<p>Entrevista al escritor Rafael Chirles: &quot;Mi generaci\u00f3n estaba destinada a moralizar y educar a un pa\u00eds que sal\u00eda del franquismo y hemos acabado en este basurero de cemento&quot;. <\/p>\n<p>Isabel Bugallal<\/p>\n<p>\u00bfCasi dos a\u00f1os sin escribir? <\/p>\n<p>-S\u00ed, me asusta decirlo pero casi siempre es as\u00ed, es un proceso de cocci\u00f3n lento. Tambi\u00e9n tard\u00e9 cuatro a\u00f1os en escribir la \u00faltima. <\/p>\n<p>\u00bfQued\u00f3 exhausto despu\u00e9s de Crematorio? <\/p>\n","protected":false},"author":9,"featured_media":0,"comment_status":"open","ping_status":"open","sticky":false,"template":"","format":"standard","meta":{"footnotes":""},"categories":[3],"tags":[1243,920,1242],"class_list":["post-1279","post","type-post","status-publish","format-standard","hentry","category-condiciones-de-vida","tag-crematorio","tag-entrevista-a-autor","tag-rafael-chirbes"],"aioseo_notices":[],"_links":{"self":[{"href":"https:\/\/espai-marx.net\/index.php?rest_route=\/wp\/v2\/posts\/1279","targetHints":{"allow":["GET"]}}],"collection":[{"href":"https:\/\/espai-marx.net\/index.php?rest_route=\/wp\/v2\/posts"}],"about":[{"href":"https:\/\/espai-marx.net\/index.php?rest_route=\/wp\/v2\/types\/post"}],"author":[{"embeddable":true,"href":"https:\/\/espai-marx.net\/index.php?rest_route=\/wp\/v2\/users\/9"}],"replies":[{"embeddable":true,"href":"https:\/\/espai-marx.net\/index.php?rest_route=%2Fwp%2Fv2%2Fcomments&post=1279"}],"version-history":[{"count":0,"href":"https:\/\/espai-marx.net\/index.php?rest_route=\/wp\/v2\/posts\/1279\/revisions"}],"wp:attachment":[{"href":"https:\/\/espai-marx.net\/index.php?rest_route=%2Fwp%2Fv2%2Fmedia&parent=1279"}],"wp:term":[{"taxonomy":"category","embeddable":true,"href":"https:\/\/espai-marx.net\/index.php?rest_route=%2Fwp%2Fv2%2Fcategories&post=1279"},{"taxonomy":"post_tag","embeddable":true,"href":"https:\/\/espai-marx.net\/index.php?rest_route=%2Fwp%2Fv2%2Ftags&post=1279"}],"curies":[{"name":"wp","href":"https:\/\/api.w.org\/{rel}","templated":true}]}}