{"id":12810,"date":"2022-11-26T05:00:21","date_gmt":"2022-11-26T04:00:21","guid":{"rendered":"https:\/\/espai-marx.net\/?p=12810"},"modified":"2022-11-26T00:57:18","modified_gmt":"2022-11-25T23:57:18","slug":"introduccion-a-la-dialectica-de-hegel","status":"publish","type":"post","link":"https:\/\/espai-marx.net\/?p=12810","title":{"rendered":"Introducci\u00f3n a la dial\u00e9ctica de Hegel"},"content":{"rendered":"<p>Grabaci\u00f3n en el \u00ab<a href=\"https:\/\/www.youtube.com\/@seminarioelcapitalsarriko1327\">Seminario El Capital Sarriko<\/a>\u00bb de las dos sesiones de la escuela de verano \u00abIntroducci\u00f3n a Hegel\u00bb a cargo de los compa\u00f1eros de Espai Marx Joaquin Miras Albarr\u00e1n y Cristina Garc\u00eda Gonzalez que se celebr\u00f3 en la facultad de Econom\u00eda y Empresa de la UPV en Sarriko.<\/p>\n<p><iframe loading=\"lazy\" title=\"Introducci\u00f3n a la dial\u00e9ctica de Hegel - Parte I -\" width=\"800\" height=\"450\" src=\"https:\/\/www.youtube.com\/embed\/TAu1_EmjjR0?feature=oembed\" frameborder=\"0\" allow=\"accelerometer; autoplay; clipboard-write; encrypted-media; gyroscope; picture-in-picture; web-share\" referrerpolicy=\"strict-origin-when-cross-origin\" allowfullscreen><\/iframe><\/p>\n<p><iframe loading=\"lazy\" title=\"Introducci\u00f3n a la dial\u00e9ctica de Hegel - Parte II -\" width=\"800\" height=\"450\" src=\"https:\/\/www.youtube.com\/embed\/Dvz2DlE4eMk?feature=oembed\" frameborder=\"0\" allow=\"accelerometer; autoplay; clipboard-write; encrypted-media; gyroscope; picture-in-picture; web-share\" referrerpolicy=\"strict-origin-when-cross-origin\" allowfullscreen><\/iframe><\/p>\n","protected":false},"excerpt":{"rendered":"<p>Grabaci\u00f3n en el \u00abSeminario El Capital Sarriko\u00bb de las dos sesiones de la escuela de verano \u00abIntroducci\u00f3n a Hegel\u00bb a<\/p>\n","protected":false},"author":5,"featured_media":7731,"comment_status":"open","ping_status":"open","sticky":false,"template":"","format":"standard","meta":{"footnotes":""},"categories":[8,1545,833],"tags":[1904],"class_list":["post-12810","post","type-post","status-publish","format-standard","has-post-thumbnail","hentry","category-filosofia","category-g-w-f-hegel","category-videos","tag-seminario-el-capital-sarriko"],"aioseo_notices":[],"_links":{"self":[{"href":"https:\/\/espai-marx.net\/index.php?rest_route=\/wp\/v2\/posts\/12810","targetHints":{"allow":["GET"]}}],"collection":[{"href":"https:\/\/espai-marx.net\/index.php?rest_route=\/wp\/v2\/posts"}],"about":[{"href":"https:\/\/espai-marx.net\/index.php?rest_route=\/wp\/v2\/types\/post"}],"author":[{"embeddable":true,"href":"https:\/\/espai-marx.net\/index.php?rest_route=\/wp\/v2\/users\/5"}],"replies":[{"embeddable":true,"href":"https:\/\/espai-marx.net\/index.php?rest_route=%2Fwp%2Fv2%2Fcomments&post=12810"}],"version-history":[{"count":0,"href":"https:\/\/espai-marx.net\/index.php?rest_route=\/wp\/v2\/posts\/12810\/revisions"}],"wp:featuredmedia":[{"embeddable":true,"href":"https:\/\/espai-marx.net\/index.php?rest_route=\/wp\/v2\/media\/7731"}],"wp:attachment":[{"href":"https:\/\/espai-marx.net\/index.php?rest_route=%2Fwp%2Fv2%2Fmedia&parent=12810"}],"wp:term":[{"taxonomy":"category","embeddable":true,"href":"https:\/\/espai-marx.net\/index.php?rest_route=%2Fwp%2Fv2%2Fcategories&post=12810"},{"taxonomy":"post_tag","embeddable":true,"href":"https:\/\/espai-marx.net\/index.php?rest_route=%2Fwp%2Fv2%2Ftags&post=12810"}],"curies":[{"name":"wp","href":"https:\/\/api.w.org\/{rel}","templated":true}]}}