{"id":1282,"date":"2009-11-22T00:00:00","date_gmt":"2009-11-22T00:00:00","guid":{"rendered":"https:\/\/espai-marx.net\/?p=1282"},"modified":"2020-02-23T11:34:38","modified_gmt":"2020-02-23T10:34:38","slug":"presupuestos-sin-perspectiva","status":"publish","type":"post","link":"https:\/\/espai-marx.net\/?p=1282","title":{"rendered":"Presupuestos sin perspectiva"},"content":{"rendered":"<p><i>Publicado en Noticias Obreras n\u00ba 1.492, 16-30 de noviembre de 2009<\/i><\/p>\n<p>Entre enero y agosto de este a\u00f1o la Agencia Tributaria hab\u00eda recaudado un 11% menos de impuestos que en el mismo periodo del a\u00f1o anterior. Sin embargo, la actividad econ\u00f3mica tan solo se hab\u00eda reducido en un 4,5%. Podemos suponer que la diferencia entre la ca\u00edda de la actividad y la de la recaudaci\u00f3n es en su mayor parte resultado de la inmersi\u00f3n de actividades econ\u00f3micas y empleos, un aumento de la evasi\u00f3n fiscal, en definitiva. En todo caso, el gobierno anunci\u00f3 que los Presupuestos Generales de Estado para 2010 se iban a ajustar a esta realidad de la ca\u00edda en la recaudaci\u00f3n, pero sin renunciar a los objetivos estrat\u00e9gicos del gobierno: la protecci\u00f3n social y el cambio de modelo productivo.<\/p>\n<p><b>Recortes<\/b><\/p>\n<p>Sin embargo, el proyecto de PGE 2010 (provisionales hasta que\u00a0 los apruebe el Congreso) prev\u00e9 un aumento general del gasto en un 2,7%. Pero no hay que creer por ello que se trata de un presupuesto de continuidad con las pol\u00edticas emprendidas en a\u00f1os anteriores. El gobierno ha decidido recortes muy importantes en pol\u00edticas fundamentales; entre los m\u00e1s significativos, en cifras redondas:<\/p>\n<ul>\n<li>-1.000 de euros en inversiones en carreteras y ferrocarril<\/li>\n<li>-1.000 en tecnolog\u00edas de la comunicaci\u00f3n y banda ancha<\/li>\n<li>-720 millones en la modernizaci\u00f3n de los ej\u00e9rcitos de tierra y aire<\/li>\n<li>-350 millones para inversiones en sectores estrat\u00e9gicos.<\/li>\n<li>-350 millones en financiar la I+D p\u00fablica.<\/li>\n<li>-200 millones de euros de la ayuda humanitaria y la ayuda a la cooperaci\u00f3n al desarrollo<\/li>\n<li>-130 millones en acciones a favor de los inmigrantes<\/li>\n<li>-85 millones para gesti\u00f3n del agua<\/li>\n<li>-30 millones para renovaci\u00f3n de la oferta tur\u00edstica<\/li>\n<li>-15 millones en el Instituto Nacional de Estad\u00edstica<\/li>\n<\/ul>\n<p>Estos y otros recortes se acompa\u00f1an de un estancamiento significativo de las inversiones de mantenimiento y de expansi\u00f3n en \u00e1reas tan fundamentales como la salud donde el personal y las inversiones no va a aumentar, el gasto corriente -vendas, medicinas, fotocopias\u2026- solo va a incrementarse en 5 millones de euros. En educaci\u00f3n se reducen las transferencias a las comunidades aut\u00f3nomas para la extensi\u00f3n de la ense\u00f1anza infantil gratuita (47 millones menos) y para la conciliaci\u00f3n de la vida laboral y familiar (-14 millones de euros) y para el fomento de la ense\u00f1anza de idiomas extranjeros (-17,7 millones). En cuanto a las plantillas, para todo el ministerio de Educaci\u00f3n y sus dependencias, se podr\u00e1 contratar a unas 20 personas. Es decir, frenazo en seco a cualquier pretensi\u00f3n de aumentar el empleo p\u00fablico en sanidad y educaci\u00f3n.<\/p>\n<p><b>Dinero para el paro y obras locales<\/b><\/p>\n<p>El \u00fanico aumento significativo de empleo p\u00fablico se va a producir en la contrataci\u00f3n de polic\u00edas y guardiaciviles \u2013unos 7.000- y en personal judicial \u2013unos 1.500. Por su parte, los ministerios aumentan su peso en el gasto corriente son el de Presidencia y Asuntos Exteriores. Las pol\u00edticas que reciben un incremento de alguna importancia en el presupuesto se reducen b\u00e1sicamente a dos: el gasto por desempleo, con un aumento en las transferencias al servicio p\u00fablico de empleo de 14.430 millones de euros, y el<\/p>\n<p>Fondo Estatal para el Empleo y la Sostenibilidad Local, dotado con 4.250 millones de euros \u2013en realidad, una reducci\u00f3n de 3.750 millones respecto a lo dispuesto en el plan E en este a\u00f1o. Estas cifras las podemos traducir en ingresos por persona, y nos indican que el gobierno espera subsidiar durante el pr\u00f3ximo a\u00f1o aproximadamente a un mill\u00f3n largo de nuevos parados, y generar unos doscientos mil empleos temporales en obras municipales.<\/p>\n<p><b>Variaci\u00f3n del gasto previsto en los PGE 2010 respecto a 2009 (millones de euros)<\/b><\/p>\n<table>\n<tbody>\n<tr>\n<td><b>\u00a0<\/b><\/td>\n<td><b>Gasto de Personal<\/b><\/td>\n<td><b>Gasto corriente<\/b><\/td>\n<td><b>Transferencias corrientes<\/b><\/td>\n<td><b>Inversiones del Estado<\/b><\/td>\n<td><b>Transferencia de Capital<\/b><\/td>\n<td><b>Total<\/b><\/td>\n<\/tr>\n<tr>\n<td>CASA DE SU MAJESTAD EL REY<\/td>\n<td>..<\/td>\n<td>..<\/td>\n<td>0,0<\/td>\n<td><\/td>\n<td>..<\/td>\n<td>0,0<\/td>\n<\/tr>\n<tr>\n<td>CORTES GENERALES<\/td>\n<td>-2,2<\/td>\n<td>-3,8<\/td>\n<td>0,8<\/td>\n<td>-0,9<\/td>\n<td>..<\/td>\n<td>-6,1<\/td>\n<\/tr>\n<tr>\n<td>TRIBUNAL DE CUENTAS<\/td>\n<td>0,9<\/td>\n<td>0,5<\/td>\n<td>0,0<\/td>\n<td>-0,3<\/td>\n<td>..<\/td>\n<td>1,1<\/td>\n<\/tr>\n<tr>\n<td>TRIBUNAL CONSTITUCIONAL<\/td>\n<td>0,1<\/td>\n<td>0,2<\/td>\n<td>0,0<\/td>\n<td>-0,2<\/td>\n<td>..<\/td>\n<td>0,1<\/td>\n<\/tr>\n<tr>\n<td>CONSEJO DE ESTADO<\/td>\n<td>-0,6<\/td>\n<td>-0,1<\/td>\n<td>0,2<\/td>\n<td>-0,1<\/td>\n<td>..<\/td>\n<td>-0,6<\/td>\n<\/tr>\n<tr>\n<td>CLASES PASIVAS<\/td>\n<td>211,6<\/td>\n<td>..<\/td>\n<td>-15,8<\/td>\n<td>..<\/td>\n<td>..<\/td>\n<td>195,8<\/td>\n<\/tr>\n<tr>\n<td>CONS. GRAL. PODER JUDICIAL<\/td>\n<td>1,3<\/td>\n<td>-0,6<\/td>\n<td>0,1<\/td>\n<td>0,3<\/td>\n<td>..<\/td>\n<td>1,1<\/td>\n<\/tr>\n<tr>\n<td>ASUN. EXT. Y COOPERACI\u00d3N<\/td>\n<td>5,3<\/td>\n<td>16,5<\/td>\n<td>-46,2<\/td>\n<td>-11,1<\/td>\n<td>-8,7<\/td>\n<td>-44,2<\/td>\n<\/tr>\n<tr>\n<td>JUSTICIA<\/td>\n<td>71,2<\/td>\n<td>-2,0<\/td>\n<td>3,0<\/td>\n<td>113,5<\/td>\n<td>0,0<\/td>\n<td>185,7<\/td>\n<\/tr>\n<tr>\n<td>DEFENSA<\/td>\n<td>-7,9<\/td>\n<td>-4,8<\/td>\n<td>-12,4<\/td>\n<td>-531,4<\/td>\n<td>-4,3<\/td>\n<td>-560,9<\/td>\n<\/tr>\n<tr>\n<td>ECONOM\u00cdA Y HACIENDA<\/td>\n<td>6,7<\/td>\n<td>-4,6<\/td>\n<td>-43,6<\/td>\n<td>-36,3<\/td>\n<td>-76,8<\/td>\n<td>-154,6<\/td>\n<\/tr>\n<tr>\n<td>INTERIOR<\/td>\n<td>330,0<\/td>\n<td>-21,6<\/td>\n<td>-26,4<\/td>\n<td>-174,2<\/td>\n<td>-4,2<\/td>\n<td>103,7<\/td>\n<\/tr>\n<tr>\n<td>FOMENTO<\/td>\n<td>-1,2<\/td>\n<td>-7,3<\/td>\n<td>-535,6<\/td>\n<td>-56,8<\/td>\n<td>76,1<\/td>\n<td>-524,8<\/td>\n<\/tr>\n<tr>\n<td>EDUCACION<\/td>\n<td>0,9<\/td>\n<td>0,0<\/td>\n<td>-28,9<\/td>\n<td>-3,7<\/td>\n<td>95,6<\/td>\n<td>63,9<\/td>\n<\/tr>\n<tr>\n<td>TRABAJO E INMIGRACI\u00d3N<\/td>\n<td>0,0<\/td>\n<td>-1,5<\/td>\n<td>14.580,9<\/td>\n<td>-13,4<\/td>\n<td>43,8<\/td>\n<td>14.609,9<\/td>\n<\/tr>\n<tr>\n<td>INDUSTRIA, COMER. Y TUR.<\/td>\n<td>0,0<\/td>\n<td>-4,0<\/td>\n<td>-33,9<\/td>\n<td>-27,3<\/td>\n<td>12,8<\/td>\n<td>-52,5<\/td>\n<\/tr>\n<tr>\n<td>CIENCIA E INNOVACI\u00d3N<\/td>\n<td>1,6<\/td>\n<td>-3,7<\/td>\n<td>-76,5<\/td>\n<td>-13,7<\/td>\n<td>-277,1<\/td>\n<td>-369,3<\/td>\n<\/tr>\n<tr>\n<td>POL\u00cdTICA TERRITORIAL<\/td>\n<td>-31,6<\/td>\n<td>-9,3<\/td>\n<td>718,2<\/td>\n<td>-3,7<\/td>\n<td>4.155,8<\/td>\n<td>4.829,4<\/td>\n<\/tr>\n<tr>\n<td>M. AMBIENTE, M. RURAL Y MARINO<\/td>\n<td>0,0<\/td>\n<td>-0,5<\/td>\n<td>-61,4<\/td>\n<td>-170,1<\/td>\n<td>-206,1<\/td>\n<td>-438,0<\/td>\n<\/tr>\n<tr>\n<td>CULTURA<\/td>\n<td>0,0<\/td>\n<td>2,9<\/td>\n<td>-9,1<\/td>\n<td>-18,3<\/td>\n<td>-84,6<\/td>\n<td>-109,1<\/td>\n<\/tr>\n<tr>\n<td>PRESIDENCIA<\/td>\n<td>33,6<\/td>\n<td>52,5<\/td>\n<td>-9,3<\/td>\n<td>-25,8<\/td>\n<td>-5,9<\/td>\n<td>45,1<\/td>\n<\/tr>\n<tr>\n<td>SANIDAD Y POL\u00cdTICA SOCIAL<\/td>\n<td>1,1<\/td>\n<td>6,1<\/td>\n<td>420,4<\/td>\n<td>1,0<\/td>\n<td>-48,1<\/td>\n<td>380,6<\/td>\n<\/tr>\n<tr>\n<td>VIVIENDA<\/td>\n<td>-0,6<\/td>\n<td>-0,3<\/td>\n<td>0,0<\/td>\n<td>-2,6<\/td>\n<td>-104,9<\/td>\n<td>-108,5<\/td>\n<\/tr>\n<tr>\n<td>IGUALDAD<\/td>\n<td>0,0<\/td>\n<td>-1,1<\/td>\n<td>1,5<\/td>\n<td>-3,3<\/td>\n<td>-0,5<\/td>\n<td>-3,4<\/td>\n<\/tr>\n<tr>\n<td>GASTOS DE DIVERSOS MINIST.<\/td>\n<td>104,2<\/td>\n<td>0,0<\/td>\n<td>3,4<\/td>\n<td>-0,5<\/td>\n<td>0,3<\/td>\n<td>107,3<\/td>\n<\/tr>\n<tr>\n<td>ENTES TERRITORIALES<\/td>\n<td>..<\/td>\n<td>..<\/td>\n<td>2.390,2<\/td>\n<td>..<\/td>\n<td>108,2<\/td>\n<td>2498,4<\/td>\n<\/tr>\n<tr>\n<td>RELAC. FINANC. CON LA U. E.<\/td>\n<td>..<\/td>\n<td>..<\/td>\n<td>50,9<\/td>\n<td>..<\/td>\n<td>7,4<\/td>\n<td>58,3<\/td>\n<\/tr>\n<tr>\n<td>FONDOS DE COMPEN. INTERT.<\/td>\n<td>..<\/td>\n<td>..<\/td>\n<td><\/td>\n<td><\/td>\n<td>-128,0<\/td>\n<td>-128,0<\/td>\n<\/tr>\n<tr>\n<td><b>Total<\/b><\/td>\n<td><b>724,5<\/b><\/td>\n<td><b>13,3<\/b><\/td>\n<td><b>17.270,5<\/b><\/td>\n<td><b>-978,9<\/b><\/td>\n<td><b>3.678,8<\/b><\/td>\n<td><b>20.708,3<\/b><\/td>\n<\/tr>\n<\/tbody>\n<\/table>\n<p>Fuente: PGE 2010<\/p>\n<p>Visto el presupuesto desde el punto de vista de las pol\u00edticas de gasto, las variaciones previstas son las siguientes:<\/p>\n<ul>\n<li>El suministro de servicios p\u00fablicos b\u00e1sicos (justicia, defensa, seguridad y pol\u00edtica exterior) reduce su presupuesto en \u00a0238 millones de euros<\/li>\n<li>Las actuaciones de protecci\u00f3n y promoci\u00f3n social aumentan en 6.667 millones de euros, en particular las pensiones (+2.184 millones) y el desempleo (11.360 millones).<\/li>\n<li>Las dotaciones para la producci\u00f3n de bienes p\u00fablicos preferentes (donde se clasifican la salud, educaci\u00f3n y cultura) se reduce en 31 millones de euros<\/li>\n<li>Las actuaciones de car\u00e1cter econ\u00f3mico (las que pueden ayudar en mayor medida a modificar el sistema productivo) aumentan en 176 millones de euros.<\/li>\n<\/ul>\n<p><b>Previsiones de ingreso<\/b><\/p>\n<p>En cuanto a los ingresos, las previsiones presupuestarias muestran que el gobierno no las tiene todas consigo. Como se puede ver en la siguiente tabla, aparte de que las previsiones de recaudaci\u00f3n incluidas en los PGE 2010 son inferiores a lo efectivamente recaudado entre enero y agosto de 2009 por IRPF e IVA, el proyecto para 2010 es un poco raro, por no decir absurdo y precipitado: prev\u00e9 un aumento de la recaudaci\u00f3n por IRPF, es decir, que prev\u00e9 que la poblaci\u00f3n aumente sus ingresos y al mismo tiempo que las ganancias de la empresas disminuyan;\u00a0 prev\u00e9 que los impuestos especiales (alcoholes, tabaco, gasolina, electricidad) se mantengan m\u00e1s o menos estables, y un muy significativo aumento respecto a este a\u00f1o de los ingresos\u00a0 por IVA que solo se puede obtener mediante una campa\u00f1a de lucha contra la evasi\u00f3n.<\/p>\n<p><b>Evoluci\u00f3n de la recaudaci\u00f3n y las previsiones presupuestarias (millones de euros)<\/b><\/p>\n<table>\n<tbody>\n<tr>\n<td><b>\u00a0<\/b><\/td>\n<td><b>IRPF<\/b><\/td>\n<td><b>Sociedades<\/b><\/td>\n<td><b>IVA<\/b><\/td>\n<td><b>I. Especiales<\/b><\/td>\n<td><b>Otros<\/b><\/td>\n<td><b>Total<\/b><\/td>\n<\/tr>\n<tr>\n<td>Ingresos tributarios 2008<\/td>\n<td>71.341<\/td>\n<td>27.301<\/td>\n<td>48.021<\/td>\n<td>19.570<\/td>\n<td>7.220<\/td>\n<td>173.453<\/td>\n<\/tr>\n<tr>\n<td>Recaudado hasta agosto 2009<\/td>\n<td>39.975<\/td>\n<td>13.899<\/td>\n<td>18.810<\/td>\n<td>12.656<\/td>\n<td>4.631<\/td>\n<td>89.971<\/td>\n<\/tr>\n<tr>\n<td>Previsi\u00f3n de recaudaci\u00f3n 2009 en los PGE 2010<\/td>\n<td>32.309<\/td>\n<td>22.300<\/td>\n<td>11.491<\/td>\n<td>11.242<\/td>\n<td>6.108<\/td>\n<td>83.450<\/td>\n<\/tr>\n<tr>\n<td>Proyecto recaudaci\u00f3n 2010 en los PGE 2010<\/td>\n<td>43.053<\/td>\n<td>20.184<\/td>\n<td>26.111<\/td>\n<td>11.964<\/td>\n<td>6.237<\/td>\n<td>107.549<\/td>\n<\/tr>\n<\/tbody>\n<\/table>\n<p>Fuente: Agencia Tributaria y PGE 2010<\/p>\n<p>De hecho, podr\u00eda esperarse que este frenazo a las pol\u00edticas de cambio estructural y en las pol\u00edticas de solidaridad, hubiera sido menor con una decidida pol\u00edtica de lucha contra el fraude y la evasi\u00f3n fiscal. Pero una acci\u00f3n de este tipo no forma parte de la pol\u00edtica del gobierno, ya que en la Agencia Tributaria del Estado, entre recortes de personal y recortes en el dinero para gastos operativos \u2013por ejemplo, para hacer inspecciones en empresas y aut\u00f3nomos-, el gobierno ha decidido \u201cahorrarse\u201d nada menos que \u00a1140 millones de euros!.<\/p>\n<p>Por eso, el gobierno quiere meterle mano al super\u00e1vit de la Seguridad Social para financiar en parte el aumento de gasto en las pol\u00edticas de protecci\u00f3n social, mediante con una reducci\u00f3n de excedente de la Seguridad Social en -6.587 millones de euros, y aumentar la deuda p\u00fablica en 7.236 millones de euros. Vamos, que la protecci\u00f3n a los parados y pensionistas, como siempre, la pagan los trabajadores ocupados durante los \u00faltimos a\u00f1os con sus cotizaciones sociales acumuladas. Y el resto de gastos sociales, obras p\u00fablicas etc., lo pagar\u00e1n los trabajadores ocupados m\u00e1s adelante con sus impuestos.<\/p>\n<p><b>Valoraci\u00f3n global<\/b><\/p>\n<p>El panorama que dibujan los presupuestos es el de una pol\u00edtica fiscal de ingresos y gastos que busca no molestar al capital ni a los sindicatos y con una elevada dosis de electoralismo (presidencia de la UE, gesti\u00f3n institucional), sacrificando cualquier intenci\u00f3n de promover un cambio significativo en el funcionamiento de la econom\u00eda espa\u00f1ola mediante la gesti\u00f3n presupuestaria. De lo de cambiar el modelo productivo, no queda ni el recuerdo el proyecto presentado al Congreso.<\/p>\n<p>Tal parece que el gobierno trata de esperar\u00a0 a que escampe mientras otros (Estados Unidos, Alemania, China) nos sacan las casta\u00f1as del fuego de la crisis. Y mientras tanto, por si acaso los pobres entre los pobres, aquellos que sufren los mayores recortes en la solidaridad presupuestaria, deciden rebelarse, ya dispondremos de m\u00e1s polic\u00eda y juicios m\u00e1s r\u00e1pidos para aplicar las medidas represivas que sean necesarias.<\/p>\n<p>Atenci\u00f3n al previsible aumento del racismo y la xenofobia, que ser\u00e1 una de las se\u00f1as de identidad del pr\u00f3ximo a\u00f1o. Y siempre queda un tema de fondo: si el presupuesto p\u00fablico lo financiamos los trabajadores \u00bfporqu\u00e9 no tenemos los trabajadores una voz m\u00e1s directa en la decisi\u00f3n sobre cuanto, como y en qu\u00e9 gastar los fondos\u00a0 p\u00fablicos?<\/p>\n","protected":false},"excerpt":{"rendered":"<p>Presupuestos sin perspectiva<\/p>\n<p>Joaqu\u00edn Arriola<\/p>\n<p>Publicado en Noticias Obreras n\u00ba 1.492, 16-30 de noviembre de 2009<\/p>\n","protected":false},"author":9,"featured_media":0,"comment_status":"open","ping_status":"open","sticky":false,"template":"","format":"standard","meta":{"footnotes":""},"categories":[44],"tags":[],"class_list":["post-1282","post","type-post","status-publish","format-standard","hentry","category-economia"],"aioseo_notices":[],"_links":{"self":[{"href":"https:\/\/espai-marx.net\/index.php?rest_route=\/wp\/v2\/posts\/1282","targetHints":{"allow":["GET"]}}],"collection":[{"href":"https:\/\/espai-marx.net\/index.php?rest_route=\/wp\/v2\/posts"}],"about":[{"href":"https:\/\/espai-marx.net\/index.php?rest_route=\/wp\/v2\/types\/post"}],"author":[{"embeddable":true,"href":"https:\/\/espai-marx.net\/index.php?rest_route=\/wp\/v2\/users\/9"}],"replies":[{"embeddable":true,"href":"https:\/\/espai-marx.net\/index.php?rest_route=%2Fwp%2Fv2%2Fcomments&post=1282"}],"version-history":[{"count":0,"href":"https:\/\/espai-marx.net\/index.php?rest_route=\/wp\/v2\/posts\/1282\/revisions"}],"wp:attachment":[{"href":"https:\/\/espai-marx.net\/index.php?rest_route=%2Fwp%2Fv2%2Fmedia&parent=1282"}],"wp:term":[{"taxonomy":"category","embeddable":true,"href":"https:\/\/espai-marx.net\/index.php?rest_route=%2Fwp%2Fv2%2Fcategories&post=1282"},{"taxonomy":"post_tag","embeddable":true,"href":"https:\/\/espai-marx.net\/index.php?rest_route=%2Fwp%2Fv2%2Ftags&post=1282"}],"curies":[{"name":"wp","href":"https:\/\/api.w.org\/{rel}","templated":true}]}}