{"id":1290,"date":"2009-12-06T00:00:00","date_gmt":"2009-12-06T00:00:00","guid":{"rendered":"https:\/\/espai-marx.net\/?p=1290"},"modified":"2020-02-23T11:26:52","modified_gmt":"2020-02-23T10:26:52","slug":"fotografias-consideraciones-criticas-y-desigualdades-sociopoliticas","status":"publish","type":"post","link":"https:\/\/espai-marx.net\/?p=1290","title":{"rendered":"Fotograf\u00edas, consideraciones cr\u00edticas y desigualdades sociopol\u00edticas"},"content":{"rendered":"<p>Escenario 1, octubre de 2009:<\/p>\n<p>En prensa y en informativos aparecen im\u00e1genes de ciudadanos encausados en el sumario Pretoria. Principalmente, del ex alcalde de Santa Coloma, dirigente del PSC-PSOE, y de dos \u201caltas personalidades\u201d de Convergencia Democr\u00e1tica de Catalunya, antiguos colaboradores de peso -perd\u00f3nesenos la polisemia y la broma f\u00e1cil- del ex president Pujol. Aparecen todos ellos esposados al salir de la Audiencia Nacional [1].<\/p>\n<p>El esc\u00e1ndalo es may\u00fasculo. El rancio nacionalismo catal\u00e1n, que tambi\u00e9n existe desde luego, pone sus manos en su alargada cintura y lanza improperios al cielo: Espa\u00f1a ataca de nuevo, qu\u00e9 se han cre\u00eddo, qu\u00e9 indelicadeza. La misma presidenta del Tribunal Superior de Catalunya, sin que nadie se lo pidiera, se deja filmar y fotografiar, se\u00f1alando la inconveniencia de esas im\u00e1genes, todo ello en un momento en el que el prestigio de los grupos pol\u00edticos de las clases dirigentes catalanes y afines, y de esos mismos grupos dominantes que siguen pensando que el pa\u00eds es su pa\u00eds, roza el cero absoluto escala Fahrenheit. Ni que decir tiene que el ex presidente Pujol, que en la pol\u00edtica catalana sigue interviniendo ininterrumpidamente casi como un president honorario y desde luego intocable, realiza unas declaraciones a favor de los encausados convergentes. Son amigos y colegas suyos, las redes sociales juegan su papel: los avisos subliminares a quien corresponda nuevamente en el puesto de mando.<\/p>\n<p>Efectos ciudadanos poli\u00e9ticos: se desv\u00eda el centro del poliedro de corrupci\u00f3n, afinidades socio-convergentes- empresariales y la norma-gu\u00eda del dinero f\u00e1cil y r\u00e1pido, y se focalizan las c\u00e1maras, una parte de los debates y la construcci\u00f3n de la opini\u00f3n de la \u201copini\u00f3n p\u00fablica\u201d en unas im\u00e1genes que ciertamente no son de recibo: ning\u00fan encausado o encausada, sea quien sea se sobreentiende, postulado b\u00e1sico de las libertades ciudadanas, merece ese atentado contra su dignidad. La presunci\u00f3n de inocencia y el, digamos, honor de las personas tambi\u00e9n rigen en este \u00e1mbito. Acept\u00e9moslo.<\/p>\n<p>Escenario 2, noviembre de 2009:<\/p>\n<p>Tomo la informaci\u00f3n de P\u00fablico [2]: varios de los detenidos en la \u201coperaci\u00f3n\u201d contra Segi del martes 24 de noviembre, seg\u00fan informan \u201cfuentes de la investigaci\u00f3n\u201d, ten\u00edan en su poder copias de una ponencia sobre procedimientos pol\u00edticos de la izquierda abertzale que ETA ha puesto en circulaci\u00f3n para contrarrestar, se dice, otro documento sobre la misma tem\u00e1tica elaborado por miembros de Batasuna.<\/p>\n<p>Los detenidos de Segi, se sigue informando, est\u00e1n considerados por los cuerpos policiales especializados del Estado como un grupo contrario a que ETA deje la lucha armada para alcanzar sus objetivos independentistas. Los detenidos ten\u00edan copias de un documento incautado por la polic\u00eda en abril de 2008 a Ekaitz Sirvent titulado: \u201cLa organizaci\u00f3n de la Revoluci\u00f3n juvenil en Euskal Herria\u201d. El fiscal ha pedido prisi\u00f3n para los 13 detenidos que el 26 de noviembre declararon ante \u2013temblor, horror y pavor- el juez Fernando Grande-Marlaska.<\/p>\n<p>Pues bien la informaci\u00f3n, una peque\u00f1a nota al final de una p\u00e1gina llena de noticias sobre la izquierda abertzale, lleva incorporada la imagen de una detenida, esposada, a cara descubierta, fuertemente cogida por dos polic\u00edas y con otro polic\u00eda, con fusil o metralleta, al fondo.<\/p>\n<p>La joven detenida de la fotograf\u00eda, no es necesario decirlo, deber\u00eda tener tantos derechos como cualquier otro encausado. Como los se\u00f1ores Alavedra, Prenafeta o Mu\u00f1oz por ejemplo. No es necesario indicar que el agresivo trato policial en las formas no es el mismo pero, adem\u00e1s de ello, parece que nadie quiere recordar las justificadas protestas contra im\u00e1genes similares en el caso del proceso Pretoria.<\/p>\n<p>Si el se\u00f1or Prenafeta, presunto delincuente, aparece esposado en un informativo, la sociedad bienpensante y dominante se moviliza enrabietada: \u201cqu\u00e9 se han cre\u00eddo\u201d, \u201c\u00a1hasta aqu\u00ed podr\u00edamos llegar!\u201d. Si una joven vasca, acusada de leer ponencias de organizaciones ilegales, de pertenecer a una organizaci\u00f3n ilegalizada y de ser partidaria, que no practicante, de la lucha armada, aparece fotografiada con im\u00e1genes a\u00fan m\u00e1s n\u00edtidas, menos distorsionadas, con luz natural, bien a las claras, aqu\u00ed el silencio se impone. De lo que no toca hablar, de los que no toca hablar porque cuentan poco, no se habla y aqu\u00ed la dignidad, los derechos humanos, la presunci\u00f3n de inocencia, cuentan menos que un ejemplar de los Manuscritos econ\u00f3mico-filos\u00f3ficos en el consejo de Administraci\u00f3n de Repsol o entre los miembros de la FAES.<\/p>\n<p>Ser\u00e1 as\u00ed, porque es as\u00ed, pero todo ello tiene que ver poco, muy poco, con cualquier concepto consistente de democracia no demediada y de verdadero respeto a los derechos de todos los ciudadanas y ciudadanas de un pa\u00eds de pa\u00edses que parece seguir siendo un cortijo, duro, agreste, con poca espacio para respirar, de las familias y poderes de siempre.<\/p>\n<p>[1] En P\u00fablico de s\u00e1bado 28 de noviembre de informa que el fiscal ha solicitado al juez ampliar los imputados en el caso. Entre ellos, figuran los nombres de las se\u00f1oras de Alavedra y Prenafeta. Por lo dem\u00e1s, y el tema no es balad\u00ed, el ex alcalde colomense, por boca de su abogado Ferm\u00edn Morales, ha se\u00f1alado la legalidad de todos los expedientes urban\u00edsticos aprobados durante su mandado, equiparando su gesti\u00f3n con la de su predecesora en el cargo, Manuela de Madre, actualmente vicepresidenta o similar del PSC, apuntando adem\u00e1s que Luis Garc\u00eda, el Luigi de la prensa y de los corrillos del ayuntamiento, el \u201ccerebro\u201d de la trama de corrupci\u00f3n, empez\u00f3 a trabajar \u2013perd\u00f3nesenos la inexactitud- en el consistorio antes de que \u00e9l, Bartomeu Mu\u00f1oz, fuese nombrado alcalde de la ciudad, en febrero de 2008, en una sesi\u00f3n extraordinario y de todo boato que cont\u00f3 con la presencia del secretario general de PSC, el actual president de la Generalitat, el se\u00f1or Jos\u00e9 Montilla.<\/p>\n<p>[2] Pedro \u00c1gueda, \u201cLos detenidos de Segi ten\u00edan la \u00faltima ponencia de ETA\u201d, P\u00fablico, 27 de noviembre de 2009, p. 22.<\/p>\n<p>Rebeli\u00f3n ha publicado este art\u00edculo a petici\u00f3n expresa del autor mediante una licencia de Creative Commons, respetando su libertad para publicarlo en otras fuentes.<\/p>\n<p><a href=\"http:\/\/creativecommons.org\/licenses\/by-nc-nd\/2.5\/es\/\">http:\/\/creativecommons.org\/licenses\/by-nc-nd\/2.5\/es\/<\/a><\/p>\n","protected":false},"excerpt":{"rendered":"<p>Fotograf\u00edas, consideraciones cr\u00edticas y desigualdades sociopol\u00edticas<\/p>\n<p>\u00a0<\/p>\n<p>Salvador L\u00f3pez Arnal<\/p>\n<p>\u00a0<\/p>\n<p>Escenario 1, octubre de 2009:<\/p>\n<p>En prensa y en informativos aparecen im\u00e1genes de ciudadanos encausados en el sumario Pretoria. Principalmente, del ex alcalde de Santa Coloma, dirigente del PSC-PSOE, y de dos \u201caltas personalidades\u201d de Convergencia Democr\u00e1tica de Catalunya, antiguos colaboradores de peso -perd\u00f3nesenos la polisemia y la broma f\u00e1cil- del ex president Pujol. Aparecen todos ellos esposados al salir de la Audiencia Nacional [1].<\/p>\n","protected":false},"author":9,"featured_media":0,"comment_status":"open","ping_status":"open","sticky":false,"template":"","format":"standard","meta":{"footnotes":""},"categories":[14],"tags":[],"class_list":["post-1290","post","type-post","status-publish","format-standard","hentry","category-democracia-republica"],"aioseo_notices":[],"_links":{"self":[{"href":"https:\/\/espai-marx.net\/index.php?rest_route=\/wp\/v2\/posts\/1290","targetHints":{"allow":["GET"]}}],"collection":[{"href":"https:\/\/espai-marx.net\/index.php?rest_route=\/wp\/v2\/posts"}],"about":[{"href":"https:\/\/espai-marx.net\/index.php?rest_route=\/wp\/v2\/types\/post"}],"author":[{"embeddable":true,"href":"https:\/\/espai-marx.net\/index.php?rest_route=\/wp\/v2\/users\/9"}],"replies":[{"embeddable":true,"href":"https:\/\/espai-marx.net\/index.php?rest_route=%2Fwp%2Fv2%2Fcomments&post=1290"}],"version-history":[{"count":0,"href":"https:\/\/espai-marx.net\/index.php?rest_route=\/wp\/v2\/posts\/1290\/revisions"}],"wp:attachment":[{"href":"https:\/\/espai-marx.net\/index.php?rest_route=%2Fwp%2Fv2%2Fmedia&parent=1290"}],"wp:term":[{"taxonomy":"category","embeddable":true,"href":"https:\/\/espai-marx.net\/index.php?rest_route=%2Fwp%2Fv2%2Fcategories&post=1290"},{"taxonomy":"post_tag","embeddable":true,"href":"https:\/\/espai-marx.net\/index.php?rest_route=%2Fwp%2Fv2%2Ftags&post=1290"}],"curies":[{"name":"wp","href":"https:\/\/api.w.org\/{rel}","templated":true}]}}