{"id":1292,"date":"2009-12-06T00:00:00","date_gmt":"2009-12-06T00:00:00","guid":{"rendered":"https:\/\/espai-marx.net\/?p=1292"},"modified":"2020-02-23T11:27:23","modified_gmt":"2020-02-23T10:27:23","slug":"soraya-la-nina-preguntona-de-papa","status":"publish","type":"post","link":"https:\/\/espai-marx.net\/?p=1292","title":{"rendered":"Soraya, la ni\u00f1a preguntona de pap\u00e1"},"content":{"rendered":"<p>Es una pena que a Soraya no se haya ido a Ir\u00e1n para no volver, donde con ese nombre hubiera hecho carrera entre los pro americanos de la zona. Me refiero a una hija pepera de Jos\u00e9 Antonio S\u00e1enz de Santa Mar\u00eda (Gij\u00f3n, 1919 &#8211; Madrid 2003), militar espa\u00f1ol que desarroll\u00f3 encantado toda su carrera sirviendo a la dictadura franquista.<\/p>\n<p>El pap\u00e1 de Soraya, hijo y nieto de una familia t\u00edpica de la burgues\u00eda asturiana, que por si fuera poco se decidi\u00f3 muy joven a entrar en la comunidad falangista, para luego alistarse como voluntario en 1936, al lado de los rebeldes del general Franco, siempre anduvo dispuesto a matar rojos al precio que fuera, escapando de la noble Asturias gracias al dinero entregado a mercenarios joseantonianos para que le pasaran a la \u201cliberada Galicia\u201d, donde los fusilamientos en masa ya hab\u00eda hecho c\u00e9lebre al Caudillo y su alzamiento nacional.<\/p>\n<p>Su indudable arrojo como soldado en las batallas de Somosierra y del Ebro le hicieron acreedor de varias medallas, y al terminar la asonada franquista luchar\u00eda, como comandante, en la coordinaci\u00f3n de las fuerzas implicadas en la represi\u00f3n y exterminio del heroico maquis.<\/p>\n<p>Para ello cre\u00f3 una red de colaboradores y confidentes, logrando la eliminaci\u00f3n de la guerrilla tras varias operaciones, aunque su \u00e9xito siempre se achac\u00f3 a la informaci\u00f3n obtenida bajo torturas.<\/p>\n<p>En septiembre de 1971, siendo coronel, se hizo cargo de la Jefatura de Estado Mayor de la Guardia Civil con el cometido de luchar contra ETA, siendo ascendido a general en 1975.<\/p>\n<p>En ese puesto, S\u00e1enz de Santa Mar\u00eda asumi\u00f3 los preparativos en la ejecuci\u00f3n por fusilamiento de cinco j\u00f3venes antifascistas, miembros de ETA y el FRAP, que fueron salvajemente asesinados. El 27 de septiembre de 1975, tras un Consejo de Guerra en el que ninguno tuvo las m\u00ednimas garant\u00edas jur\u00eddicas y procesales.<\/p>\n<p>Tras la muerte de Franco, el pap\u00e1 de Soraya, apoy\u00f3 a las mesnadas conocidas como los Guerrilleros de Cristo Rey, al Batall\u00f3n Vasco Espa\u00f1ol, la ATE, Triple A, etc., con implicaci\u00f3n no s\u00f3lo de los servicios secretos SECED (Servicio Central de Documentaci\u00f3n), sino de altos cargos del aparato del Estado, como el Se\u00f1or X, personaje clave en la trama de decenas de cr\u00edmenes, asaltos, secuestros y robos que se cometieron en aquella \u00e9poca.<\/p>\n<p>Bajo el palio del PSOE, S\u00e1ez de Santamar\u00eda regres\u00f3 a la Guardia Civil, esta vez como Director General. Fue cuando convivi\u00f3 con los atentados de los GAL, y antes de su muerte reconoci\u00f3 la participaci\u00f3n en ellos, directa e indirecta, del Ministerio del Interior y la Guardia Civil.<\/p>\n<p>El pap\u00e1 de Soraya, adem\u00e1s, fue quien entrego el cargo que detentaba al hoy delincuente Lu\u00eds Rold\u00e1n, recluso al que se aplic\u00f3 el r\u00e9gimen de tercer y segundo grado desde 2005, habiendo sido condenado por malversaci\u00f3n, cohecho, fraude fiscal y estafa, a 31 a\u00f1os de prisi\u00f3n en 1995.<\/p>\n<p>Ese mismo a\u00f1o 95, el pap\u00e1 de Soraya fue convocado por el Senado, para una comparecencia sobre el GAL, para que explicara dichas actividades durante los a\u00f1os en los que estuvo al frente de la Guardia Civil (Felipe Gonz\u00e1lez era presidente), pero el PP exigi\u00f3 que \u00e9sta fuera a puerta cerrada, como lo hab\u00eda sido para otros comparecientes, y para que declarase no s\u00f3lo sobre aquellos hechos, sino tambi\u00e9n de \u00e9pocas anteriores. Jos\u00e9 Mar\u00eda Aznar, sin embargo, aconsej\u00f3 que la vista fuera suspendida y nunca se realiz\u00f3 con posterioridad.<\/p>\n<p>Un a\u00f1o m\u00e1s tarde, el pap\u00e1 de Soraya fue inculpado por el juez Garz\u00f3n en el Sumario O\u00f1aederra (relativo a los primeros asesinatos del GAL entre 1983 y 1984), junto a los generales Rodr\u00edguez Galindo y Cassinello, aunque fue absuelto de los cargos imputados, lo que provoc\u00f3 airadas protestas de sus dos compa\u00f1eros de armas.<\/p>\n<p>Hoy, Soraya, hija de aquel dem\u00f3crata y militar, se permite el lujo de exigir a la Presidenta del Tribunal Constitucional para que explique por qu\u00e9 el esposo de esta, fue criado por una ni\u00f1era, cuyo hijo Karmelo (Landa) llegar\u00eda a convertirse en parlamentario vasco.<\/p>\n<p>Semejante ignominia no es siquiera lamentable, sino que nos lleva a la pregunta: \u00bfNo es m\u00e1s l\u00f3gico que esta singular diputada pepera explicara p\u00fablicamente, qu\u00e9 sabe de los secretos del terrorismo de Estado que su pap\u00e1 se llev\u00f3 a la tumba? Y ya, puestos en eso, \u00bfpor qu\u00e9 ni ella, ni su partido, se niegan a condenar el franquismo, r\u00e9gimen pol\u00edtico responsable de miles de cr\u00edmenes contra la Humanidad, a\u00fan impunes?<\/p>\n<p>Y no lo hace, sencillamente porque el Rey y sus colegas socialistas del hemiciclo, en el fondo, la apoyan encantados.<\/p>\n","protected":false},"excerpt":{"rendered":"<p>Soraya, la ni\u00f1a preguntona de pap\u00e1<\/p>\n<p>Carlos Tena<\/p>\n<p>Es una pena que a Soraya no se haya ido a Ir\u00e1n para no volver, donde con ese nombre hubiera hecho carrera entre los pro americanos de la zona. Me refiero a una hija pepera de Jos\u00e9 Antonio S\u00e1enz de Santa Mar\u00eda (Gij\u00f3n, 1919 &#8211; Madrid 2003), militar espa\u00f1ol que desarroll\u00f3 encantado toda su carrera sirviendo a la dictadura franquista. <\/p>\n","protected":false},"author":9,"featured_media":0,"comment_status":"open","ping_status":"open","sticky":false,"template":"","format":"standard","meta":{"footnotes":""},"categories":[14],"tags":[],"class_list":["post-1292","post","type-post","status-publish","format-standard","hentry","category-democracia-republica"],"aioseo_notices":[],"_links":{"self":[{"href":"https:\/\/espai-marx.net\/index.php?rest_route=\/wp\/v2\/posts\/1292","targetHints":{"allow":["GET"]}}],"collection":[{"href":"https:\/\/espai-marx.net\/index.php?rest_route=\/wp\/v2\/posts"}],"about":[{"href":"https:\/\/espai-marx.net\/index.php?rest_route=\/wp\/v2\/types\/post"}],"author":[{"embeddable":true,"href":"https:\/\/espai-marx.net\/index.php?rest_route=\/wp\/v2\/users\/9"}],"replies":[{"embeddable":true,"href":"https:\/\/espai-marx.net\/index.php?rest_route=%2Fwp%2Fv2%2Fcomments&post=1292"}],"version-history":[{"count":0,"href":"https:\/\/espai-marx.net\/index.php?rest_route=\/wp\/v2\/posts\/1292\/revisions"}],"wp:attachment":[{"href":"https:\/\/espai-marx.net\/index.php?rest_route=%2Fwp%2Fv2%2Fmedia&parent=1292"}],"wp:term":[{"taxonomy":"category","embeddable":true,"href":"https:\/\/espai-marx.net\/index.php?rest_route=%2Fwp%2Fv2%2Fcategories&post=1292"},{"taxonomy":"post_tag","embeddable":true,"href":"https:\/\/espai-marx.net\/index.php?rest_route=%2Fwp%2Fv2%2Ftags&post=1292"}],"curies":[{"name":"wp","href":"https:\/\/api.w.org\/{rel}","templated":true}]}}