{"id":12952,"date":"2022-12-22T05:00:49","date_gmt":"2022-12-22T04:00:49","guid":{"rendered":"https:\/\/espai-marx.net\/?p=12952"},"modified":"2022-12-22T01:24:03","modified_gmt":"2022-12-22T00:24:03","slug":"spain-and-the-world-el-intento-de-hacer-llegar-los-logros-anarquistas-durante-la-guerra-de-espana-a-londres-1936-1939","status":"publish","type":"post","link":"https:\/\/espai-marx.net\/?p=12952","title":{"rendered":"<i>Spain and the World<\/i>. El intento de hacer llegar los logros anarquistas durante la Guerra de Espa\u00f1a a Londres (1936-1939)"},"content":{"rendered":"<div class=\"td-full-screen-header-image-wrap\">\n<div id=\"td-full-screen-header-image\" class=\"td-image-gradient-style7\">\n<div class=\"td_marker_animation\"><\/div>\n<p><em>En 1936, las fuerzas que se enfrentaron con las armas tambi\u00e9n libraron una batalla incruenta pero muy significativa: la batalla por la opini\u00f3n p\u00fablica.\u00a0 Gran Breta\u00f1a era un punto estrat\u00e9gico dada su situaci\u00f3n de dominio en Europa. Por eso la CNT realiz\u00f3 un esfuerzo considerable para difundir sus logros en Inglaterra. Las fuerzas anarquistas eran pocas en las islas y aun as\u00ed inmediatamente se organizaron para conquistar la voluntad de los brit\u00e1nicos a trav\u00e9s de la prensa. Hubo dos publicaciones peri\u00f3dicas, <\/em>Spain and the World <em>fue la mejor editada y la de m\u00e1s larga vida. No fue un medio meramente informativo y, a lo largo de los a\u00f1os que dur\u00f3 la contienda, opin\u00f3 sobre los diferentes pasos que dio la CNT-FAI. Su influencia, al final, fue reducida porque los vientos en Gran Breta\u00f1a y el mundo no soplaban a favor de la anarqu\u00eda.<\/em><\/p>\n<\/div>\n<\/div>\n<div class=\"td-container\">\n<div class=\"td-pb-row\">\n<div class=\"td-pb-span8 td-main-content\" role=\"main\">\n<div class=\"td-ss-main-content\">\n<div class=\"td-post-content tagdiv-type\">\n<p><strong>\u00a0<\/strong>El 17 de julio de 1936 el ej\u00e9rcito espa\u00f1ol de \u00c1frica se levant\u00f3 contra el gobierno republicano y sus disparos resonaron m\u00e1s all\u00e1 de las fronteras espa\u00f1olas. Casi inmediatamente ambos contendientes comprendieron la importancia de crear una opini\u00f3n favorable a su ideolog\u00eda e intereses y para ello no dudaron en publicar peri\u00f3dicos y panfletos en capitales europeas y no europeas en lo que Salvador de Madariaga llam\u00f3 \u00abla guerra civil de tinta\u00bb. Eso fue lo que ocurri\u00f3 en Londres. Moradiellos[1] afirma que los franquistas fueron quienes m\u00e1s r\u00e9dito supieron sacar a su trabajo entre el mundo oficial brit\u00e1nico, mientras que los partidarios de la Rep\u00fablica fueron quienes m\u00e1s actividad desplegaron. La lucha por la opini\u00f3n p\u00fablica se hizo desde los organismos gubernamentales republicanos y desde los partidos y sindicatos tales como la CNT.<\/p>\n<p>El contexto brit\u00e1nico en 1936 no era el m\u00e1s favorable para comprometerse con la lucha democr\u00e1tica espa\u00f1ola y menos con la CNT. Conocemos bien la posici\u00f3n del gobierno ingl\u00e9s respecto a la intervenci\u00f3n en Espa\u00f1a y esa fue la posici\u00f3n que tomaron las Trade Unions, dirigidas en aquellos a\u00f1os por Walter Citrine, hasta bien adelantado 1938. El movimiento obrero brit\u00e1nico se dividi\u00f3 a causa de la Guerra civil espa\u00f1ola y, este conflicto, fue uno de los que m\u00e1s apasion\u00f3 a los brit\u00e1nicos, el segundo despu\u00e9s de la Revoluci\u00f3n francesa.<\/p>\n<figure id=\"attachment_31144\" class=\"wp-caption aligncenter\" aria-describedby=\"caption-attachment-31144\"><figcaption id=\"caption-attachment-31144\" class=\"wp-caption-text\">\n<figure id=\"attachment_12960\" aria-describedby=\"caption-attachment-12960\" style=\"width: 1392px\" class=\"wp-caption aligncenter\"><a href=\"https:\/\/espai-marx.net\/wp-content\/uploads\/2022\/12\/May-day.webp\"><img loading=\"lazy\" decoding=\"async\" class=\"wp-image-12960 size-full\" src=\"https:\/\/espai-marx.net\/wp-content\/uploads\/2022\/12\/May-day.webp\" alt=\"\" width=\"1392\" height=\"1040\" srcset=\"https:\/\/espai-marx.net\/wp-content\/uploads\/2022\/12\/May-day.webp 1392w, https:\/\/espai-marx.net\/wp-content\/uploads\/2022\/12\/May-day-300x224.webp 300w, https:\/\/espai-marx.net\/wp-content\/uploads\/2022\/12\/May-day-1024x765.webp 1024w, https:\/\/espai-marx.net\/wp-content\/uploads\/2022\/12\/May-day-768x574.webp 768w, https:\/\/espai-marx.net\/wp-content\/uploads\/2022\/12\/May-day-1320x986.webp 1320w\" sizes=\"auto, (max-width: 1392px) 100vw, 1392px\" \/><\/a><figcaption id=\"caption-attachment-12960\" class=\"wp-caption-text\">Mitin del Primero de Mayo de 1937 en Hyde Park<\/figcaption><\/figure>\n<\/figcaption><\/figure>\n<p>Los sindicatos ingleses llegaron a la d\u00e9cada de los 30 burocratizados y con poca conexi\u00f3n con sus bases. La sacudida que hab\u00eda supuesto el movimiento de los \u00abshops-stewards\u00bb no hab\u00eda podido superar el final de la Primera Guerra Mundial y, al llegar a 1930, los dirigentes se hallaban muy lejos de la clase obrera tanto por sus intereses como por su forma de vida. Mientras los dirigentes de los sindicatos y el Partido Laborista apoyaron la No-Intervenci\u00f3n y se mostraron renuentes incluso a enviar ayuda en forma de ropa y comida, las iniciativas del mundo obrero de base se multiplicaron por doquier. De hecho, cuando en 1938 las Trade Unions retiren el apoyo a la No-Intervenci\u00f3n, se har\u00e1 porque las iniciativas a favor de la Espa\u00f1a leal eran tantas y el descontento de las bases obreras con el apoyo del Partido Laborista y Citrine a la pol\u00edtica, era tan grande, que llegar\u00e1 a ser una amenaza para la estabilidad de las TU[2].<\/p>\n<p>En la resistencia de los sindicatos ingleses a apoyar la Rep\u00fablica espa\u00f1ola pesaban razones internas y externas. Entre estas \u00faltimas podemos se\u00f1alar la desconfianza ante la ca\u00edda de la autoridad de los respectivos gobiernos constituidos a la altura del 18 de julio, el temor a que se instalara una dictadura comunista en Espa\u00f1a al final de la guerra similar a la establecida en Rusia o la represi\u00f3n en la zona republicana muy especialmente la persecuci\u00f3n religiosa. La muerte de religiosos impact\u00f3 muy negativamente en la opini\u00f3n p\u00fablica inglesa y llev\u00f3 a buena parte de los trabajadores cat\u00f3licos encuadrados dentro de las TU, a retirar su apoyo a la Espa\u00f1a republicana y esto se convert\u00eda en un nuevo problema dentro de esas TU. De la represi\u00f3n se hac\u00edan responsables a los anarquistas y as\u00ed llegamos a un punto que espantaba todav\u00eda m\u00e1s que la dictadura comunista, tanto al gobierno brit\u00e1nico como al <em>statement<\/em> de las Trade Unions: el poder en manos de los anarquistas. La prevenci\u00f3n que exist\u00eda contra los anarquistas, que, por otro lado, eran d\u00e9biles en Gran Breta\u00f1a, se explotaba por parte de los socialistas espa\u00f1oles que llegaron a pedir armas para combatir a los anarquistas[3].<\/p>\n<p><a href=\"https:\/\/espai-marx.net\/wp-content\/uploads\/2022\/12\/fighting-call-cover.webp\"><img loading=\"lazy\" decoding=\"async\" class=\"aligncenter size-full wp-image-12955\" src=\"https:\/\/espai-marx.net\/wp-content\/uploads\/2022\/12\/fighting-call-cover.webp\" alt=\"\" width=\"696\" height=\"553\" srcset=\"https:\/\/espai-marx.net\/wp-content\/uploads\/2022\/12\/fighting-call-cover.webp 696w, https:\/\/espai-marx.net\/wp-content\/uploads\/2022\/12\/fighting-call-cover-300x238.webp 300w\" sizes=\"auto, (max-width: 696px) 100vw, 696px\" \/><\/a><\/p>\n<p>Es en este contexto en el que hemos de situar los esfuerzos de los anarquistas que resid\u00edan en Inglaterra para tirar adelante sus iniciativas a favor de la II Rep\u00fablica y de la CNT. Los anarquistas en Gran Breta\u00f1a estaban pasando por momentos bajos, eran pocos y con poca iniciativa, se queja Emma Goldman en su correspondencia con Mariano V\u00e1zquez, Marianet, y Pedro Herrera. En aquel momento el peri\u00f3dico anarquista que hab\u00eda sido referencia durante d\u00e9cadas en los medios libertarios ingleses que era <em>Freedom, <\/em>dirigido por Tom Keell, hab\u00eda perdido la influencia que ten\u00eda y estaba a punto de cerrar y, de hecho, as\u00ed fue. El Freedom Group de Londres y la Anti-Parlamentary Communist Federation de Glasgow decidieron, entonces, publicar conjuntamente <em>Fighting Call <\/em>dirigida por Ralph Barr pero su vida fue corta, apenas 4 meses, de octubre de 1936 a febrero de 1937 y solo hubo 4 n\u00fameros.<\/p>\n<p><em>Spain&amp;The World<\/em> fue una publicaci\u00f3n quincenal. Fue una iniciativa de los anarquistas italianos refugiados en Londres. Seg\u00fan Albert Metzer, su principal impulsor fue el Dr. Galasso[4] junto con Vero Recchionni. Vero Recchionni en aquel momento era muy joven, todav\u00eda estaba en la universidad, m\u00e1s tarde cambi\u00f3 su nombre a Vernon Richards, por el que posiblemente sea m\u00e1s conocido. El peri\u00f3dico empez\u00f3 a editarse en diciembre de 1936 y durante m\u00e1s de dos meses comparti\u00f3 lectores con <em>Fighting Call<\/em>. El quincenal inicia su andadura el 11 de diciembre de 1936. Antes de 15 d\u00edas, probablemente el 24 de diciembre, Emma Goldman lleg\u00f3 a Londres como representante de la CNT-FAI y la Generalitat conjuntamente. Goldman puso mucho inter\u00e9s en conseguir el respaldo de la CNT para ambas publicaciones, <em>Fighting Call<\/em> y <em>Spain&amp;The World<\/em> tanto oficial como econ\u00f3micamente[5]. \u00a0El 11 de febrero de 1939 el rotativo pasar\u00e1 a denominarse <em>Revolt<\/em>. El cambio de cabecera supuso, tambi\u00e9n, un cambio de intereses, la preocupaci\u00f3n por los exiliados espa\u00f1oles que dejaban Espa\u00f1a ante la inminencia de la victoria franquista, comparti\u00f3 espacio con la preocupaci\u00f3n por las amenazas de guerra contra Alemania.<\/p>\n<h5><strong><a href=\"https:\/\/espai-marx.net\/wp-content\/uploads\/2022\/12\/Revolt.webp\"><img loading=\"lazy\" decoding=\"async\" class=\"aligncenter size-full wp-image-12956\" src=\"https:\/\/espai-marx.net\/wp-content\/uploads\/2022\/12\/Revolt.webp\" alt=\"\" width=\"696\" height=\"306\" srcset=\"https:\/\/espai-marx.net\/wp-content\/uploads\/2022\/12\/Revolt.webp 696w, https:\/\/espai-marx.net\/wp-content\/uploads\/2022\/12\/Revolt-300x132.webp 300w\" sizes=\"auto, (max-width: 696px) 100vw, 696px\" \/><\/a><\/strong><\/h5>\n<p><strong>El peri\u00f3dico<\/strong><\/p>\n<p>Como se ha dicho la periodicidad era quincenal. No tengo las medidas exactas pero era un peri\u00f3dico de gran formato. El n\u00famero de p\u00e1ginas era de 4 al principio, luego se incrementaron a 8, coincidiendo con la llegada de Emma Goldman a Londres.<\/p>\n<p>La edici\u00f3n era esmerada e incluye fotograf\u00edas y, ocasionalmente, dibujos o carteles, de buena calidad, mucho m\u00e1s cuidada que la edici\u00f3n de <em>Fighting Call. <\/em><\/p>\n<p>Se incluye publicidad de material que la CNT produce expresamente como propaganda y modo de financiaci\u00f3n como \u00e1lbumes o postales. Igualmente se hace publicidad de publicaciones espa\u00f1olas, especialmente <em>Mujeres Libres<\/em> e, incluso, revistas de izquierda aunque no est\u00e9n directamente relacionadas con la contienda ib\u00e9rica. Igualmente se puede hacer un seguimiento de la actividad desplegada a favor de la causa republicana por los anarquistas de Londres especialmente.<\/p>\n<p>El primer n\u00famero se public\u00f3 el 11 de diciembre de 1936 y el \u00faltimo el 1 de julio de 1938. En 1939 fue sustituido por <em>Revolt<\/em>. Que se public\u00f3 del 11 de febrero de 1939 al 3 de junio del mismo a\u00f1o.<\/p>\n<p><b><a href=\"https:\/\/espai-marx.net\/wp-content\/uploads\/2022\/12\/women-in-revolution.webp\"><img loading=\"lazy\" decoding=\"async\" class=\"aligncenter size-full wp-image-12957\" src=\"https:\/\/espai-marx.net\/wp-content\/uploads\/2022\/12\/women-in-revolution.webp\" alt=\"\" width=\"450\" height=\"602\" srcset=\"https:\/\/espai-marx.net\/wp-content\/uploads\/2022\/12\/women-in-revolution.webp 450w, https:\/\/espai-marx.net\/wp-content\/uploads\/2022\/12\/women-in-revolution-224x300.webp 224w\" sizes=\"auto, (max-width: 450px) 100vw, 450px\" \/><\/a><\/b><\/p>\n<p><b>El director: Vernon Richards<\/b><\/p>\n<p>La iniciativa fue del grupo de anarquistas italianos exiliados en Londres, seg\u00fan Meltzer, y la direcci\u00f3n a lo largo de todos los meses que dur\u00f3 su publicaci\u00f3n, as\u00ed como la revista <em>Revolt<\/em>, que la sustituy\u00f3, estuvo en manos de Vernon Richards, que la hab\u00eda impulsado junto con el Dr. Galasso.<\/p>\n<p>El nombre aut\u00e9ntico de Vernon Richards era Vero Recchionni. Era hijo de Emidio Recchionni, un anarquista italiano que se hab\u00eda refugiado en Londres huyendo de la polic\u00eda italiana ya en 1899. Vero naci\u00f3 en Londres en 1915 y al estallar la Guerra Civil todav\u00eda estaba en la universidad. En 1937 se uni\u00f3 con Marie Louise Berneri, hija de Camilo Berneri. Marie Louise fue un puntal en la publicaci\u00f3n del peri\u00f3dico, aunque su nombre no se prodiga en las p\u00e1ginas del mismo, influy\u00f3 en la maquetaci\u00f3n y llev\u00f3 su gesti\u00f3n.<\/p>\n<p>Vernon Richards era anarquista, como su padre, y ten\u00eda una actitud un tanto desde\u00f1osa hacia el Sindicalismo revolucionario. Consideraba que los anarcosindicalistas estaban dispuestos a pactar y transigir con medidas de car\u00e1cter pol\u00edtico, lo que les alejaba de la finalidad \u00faltima del anarquismo que era la creaci\u00f3n de una sociedad libertaria sin gobierno de ning\u00fan tipo. Esta fue la l\u00ednea que mantuvo en <em>Spain and the World, <\/em>una l\u00ednea que Vernon Richards continu\u00f3 manteniendo a lo largo de los a\u00f1os como queda claro en su libro <em>Ense\u00f1anzas de la Revoluci\u00f3n Espa\u00f1ola<\/em> cuya \u00faltima revisi\u00f3n es de 1977.<strong>\u00a0<\/strong><\/p>\n<div id='gallery-1' class='gallery galleryid-12952 gallery-columns-2 gallery-size-full'><figure class='gallery-item'>\n\t\t\t<div class='gallery-icon portrait'>\n\t\t\t\t<a href='https:\/\/espai-marx.net\/?attachment_id=12959'><img loading=\"lazy\" decoding=\"async\" width=\"276\" height=\"400\" src=\"https:\/\/espai-marx.net\/wp-content\/uploads\/2022\/12\/Richards-ensenanzas.webp\" class=\"attachment-full size-full\" alt=\"\" srcset=\"https:\/\/espai-marx.net\/wp-content\/uploads\/2022\/12\/Richards-ensenanzas.webp 276w, https:\/\/espai-marx.net\/wp-content\/uploads\/2022\/12\/Richards-ensenanzas-207x300.webp 207w\" sizes=\"auto, (max-width: 276px) 100vw, 276px\" \/><\/a>\n\t\t\t<\/div><\/figure><figure class='gallery-item'>\n\t\t\t<div class='gallery-icon portrait'>\n\t\t\t\t<a href='https:\/\/espai-marx.net\/?attachment_id=12958'><img loading=\"lazy\" decoding=\"async\" width=\"340\" height=\"400\" src=\"https:\/\/espai-marx.net\/wp-content\/uploads\/2022\/12\/richards_vernon-foto-revista-polemica.webp\" class=\"attachment-full size-full\" alt=\"\" srcset=\"https:\/\/espai-marx.net\/wp-content\/uploads\/2022\/12\/richards_vernon-foto-revista-polemica.webp 340w, https:\/\/espai-marx.net\/wp-content\/uploads\/2022\/12\/richards_vernon-foto-revista-polemica-255x300.webp 255w\" sizes=\"auto, (max-width: 340px) 100vw, 340px\" \/><\/a>\n\t\t\t<\/div><\/figure>\n\t\t<\/div>\n\n<p><strong>Justificaci\u00f3n<\/strong><\/p>\n<p>Cuando el primer n\u00famero de <em>Spain and the World <\/em>vio la luz, <em>Fighting Call <\/em>de Ralph Barr deb\u00eda andar por su segundo n\u00famero. Ambos rotativos ten\u00edan el mismo objetivo: informar de la guerra de Espa\u00f1a y la revoluci\u00f3n que estaba intentando la CNT-FAI, dar apoyo a sus camaradas anarquistas espa\u00f1oles y difundir los ideales libertarios en una tierra y un momento en que las doctrinas anarquistas estaban en su momento m\u00e1s bajo, mientras que los comunistas recib\u00edan mucha m\u00e1s atenci\u00f3n de los obreros y los medios de difusi\u00f3n[6]. Solo dos meses despu\u00e9s, <em>Fighting Call<\/em> aceptaba acabar su aventura editorial para unir fuerzas con la publicaci\u00f3n de los italianos.<\/p>\n<p>Es Meltzer nuevamente quien nos informa que una de las principales finalidades del nuevo peri\u00f3dico era contrarrestar las publicaciones comunistas que tambi\u00e9n hab\u00edan surgido con el objetivo de informar sobre la Espa\u00f1a republicana y trabajar en contra de Franco. La informaci\u00f3n de Meltzer nos la ratifica Richards en su libro anteriormente citado insistiendo en rebatir los argumentos del <em>Daily Worker<\/em>, por ejemplo, casi 40 a\u00f1os despu\u00e9s. A la hora de analizar esta actuaci\u00f3n no se debe perder de vista de que no hac\u00eda a\u00fan 20 a\u00f1os del inicio de la Revoluci\u00f3n rusa y algo menos de los hechos de Kronstad, cuando los anarquistas fueron definitivamente barridos de la revoluci\u00f3n sovi\u00e9tica, solo unos pocos meses antes de la derrota de Makhno. La memoria estaba fresca y las heridas eran muy recientes. Menos preocupados est\u00e1n por la posible propaganda de los falangistas y el resto de los grupos que daban apoyo a los golpistas a pesar de que las tendencias fascistas ten\u00edan un n\u00facleo importante en Inglaterra, especialmente entre las clases adineradas, como lo demuestra las facilidades que encontraba el Duque de Alba. Seg\u00fan Antonio C. Moreno, al estallar la guerra, hab\u00eda falangistas residentes en Londres a los que la Junta de Mando Provisional de Falange prest\u00f3 especial atenci\u00f3n. Las actividades las dirigi\u00f3 F\u00e9lix George Sturrup, pr\u00f3ximo a Oswald Monsley, y estuvo secundado por Enrique Trull, R.B. Midelton y Federico Bowen.[7] Desde septiembre de 1937, los franquistas, adem\u00e1s, contar\u00e1n con una publicaci\u00f3n, <em>Spain, <\/em>20 p\u00e1ginas de cuidada edici\u00f3n con abundancia de fotograf\u00edas. <em>Spain<\/em> fue la obra de Juan Mata y el Duque de Alba.<\/p>\n<div id='gallery-2' class='gallery galleryid-12952 gallery-columns-3 gallery-size-full'><figure class='gallery-item'>\n\t\t\t<div class='gallery-icon portrait'>\n\t\t\t\t<a href='https:\/\/espai-marx.net\/?attachment_id=12961'><img loading=\"lazy\" decoding=\"async\" width=\"308\" height=\"450\" src=\"https:\/\/espai-marx.net\/wp-content\/uploads\/2022\/12\/ILP-leaflet.webp\" class=\"attachment-full size-full\" alt=\"\" srcset=\"https:\/\/espai-marx.net\/wp-content\/uploads\/2022\/12\/ILP-leaflet.webp 308w, https:\/\/espai-marx.net\/wp-content\/uploads\/2022\/12\/ILP-leaflet-205x300.webp 205w\" sizes=\"auto, (max-width: 308px) 100vw, 308px\" \/><\/a>\n\t\t\t<\/div><\/figure><figure class='gallery-item'>\n\t\t\t<div class='gallery-icon portrait'>\n\t\t\t\t<a href='https:\/\/espai-marx.net\/?attachment_id=12962'><img loading=\"lazy\" decoding=\"async\" width=\"281\" height=\"450\" src=\"https:\/\/espai-marx.net\/wp-content\/uploads\/2022\/12\/spanish-diary.webp\" class=\"attachment-full size-full\" alt=\"\" srcset=\"https:\/\/espai-marx.net\/wp-content\/uploads\/2022\/12\/spanish-diary.webp 281w, https:\/\/espai-marx.net\/wp-content\/uploads\/2022\/12\/spanish-diary-187x300.webp 187w\" sizes=\"auto, (max-width: 281px) 100vw, 281px\" \/><\/a>\n\t\t\t<\/div><\/figure>\n\t\t<\/div>\n\n<p><strong>Firmas y contenido<\/strong><\/p>\n<p><em>Spain&amp;The World<\/em>, dedic\u00f3 pr\u00e1cticamente todas sus p\u00e1ginas a informar sobre los logros revolucionarios de la CNT, hacer un seguimiento de las pol\u00edticas de la CNT y la marcha de la guerra. Tambi\u00e9n incluye trabajos de grandes figuras del anarquismo y el anarcosindicalismo mundial como Rudolf Rocker o miembros del ILP (Independent Labour Party), la \u00fanica formaci\u00f3n pol\u00edtica que se puso decididamente al lado de la CNT y del POUM. Se reproducir\u00e1n art\u00edculos que hayan aparecido en la prensa anarcosindicalista espa\u00f1ola, especialmente en <em>Solidaridad Obrera <\/em>y, con menos frecuencia, <em>CNT.<\/em><\/p>\n<p>Especial atenci\u00f3n merecen las colectivizaciones. Los trabajos que se publican sobre las mismas ser\u00e1n muchos y algunos muy importantes, como la serie que sobre el tema publica Souchy. Igualmente es importante la contribuci\u00f3n de Emma Goldman en este campo.<\/p>\n<p>Emma Goldman, que era la Delegada de la CNT en Gran Breta\u00f1a, fue una presencia constante en las p\u00e1ginas de <em>Spain and the World, <\/em>ya fuera de forma directa con sus trabajos informando de cuanto hab\u00eda visto en sus viajes a Espa\u00f1a, hizo tres durante el conflicto, ya fuera informando sobre su actividad en m\u00edtines y actos a favor de la Rep\u00fablica, en entrevistas\u2026 Pocos n\u00fameros quedan en los que su nombre no aparezca de una manera u otra.<\/p>\n<p>Junto con Goldman, otra mujer destaca en la actividad de divulgaci\u00f3n de los valores y m\u00e9ritos de la CNT, Ethel Mannin. Ethel era miembro del ILP. El compromiso de Mannin con la causa republicana fue s\u00f3lido y contante en esos a\u00f1os. Su firma se prodig\u00f3 en la segunda mitad de 1938 hablando de la guerra desde la perspectiva de Gran Breta\u00f1a. Importante fue, tambi\u00e9n, la atenci\u00f3n que se presta a <em>Mujeres Libres<\/em> de donde se coger\u00e1n art\u00edculos, en especial de Mercedes Comaposada.<\/p>\n<figure id=\"attachment_31145\" class=\"wp-caption aligncenter\" aria-describedby=\"caption-attachment-31145\">\n<p><figure id=\"attachment_12963\" aria-describedby=\"caption-attachment-12963\" style=\"width: 535px\" class=\"wp-caption aligncenter\"><a href=\"https:\/\/espai-marx.net\/wp-content\/uploads\/2022\/12\/White-Mannin-Goldman.webp\"><img loading=\"lazy\" decoding=\"async\" class=\"wp-image-12963 size-full\" src=\"https:\/\/espai-marx.net\/wp-content\/uploads\/2022\/12\/White-Mannin-Goldman.webp\" alt=\"\" width=\"535\" height=\"307\" srcset=\"https:\/\/espai-marx.net\/wp-content\/uploads\/2022\/12\/White-Mannin-Goldman.webp 535w, https:\/\/espai-marx.net\/wp-content\/uploads\/2022\/12\/White-Mannin-Goldman-300x172.webp 300w\" sizes=\"auto, (max-width: 535px) 100vw, 535px\" \/><\/a><figcaption id=\"caption-attachment-12963\" class=\"wp-caption-text\">Mitin a favor de la CNT en Londres. De izquierda a derecha, el irland\u00e9s Jack White, Ethel Mannin y Emma Goldman (foto del blog Remembering the Sussex Brigaders)<\/figcaption><\/figure><\/figure>\n<p>Como ya he dicho, el objetivo de la publicaci\u00f3n era informar y defender el trabajo de la CNT en la revoluci\u00f3n inmediata al golpe de estado de 1936 y la marcha de la guerra. No fue una informaci\u00f3n neutra, Enseguida muchos trabajos fueron art\u00edculos de opini\u00f3n que entraban a valorar y, s\u00ed, tambi\u00e9n, a juzgar las decisiones que la CNT iba tomando seg\u00fan avanzaba el conflicto. La l\u00ednea editorial no variar\u00e1 en todo el per\u00edodo en que dur\u00f3 la publicaci\u00f3n ajustando sus opiniones a la m\u00e1s estricta ideolog\u00eda anarquista. La entrada de la CNT en los gobiernos (el de la Generalitat y el Gobierno central) no se entender\u00e1 y ser\u00e1 duramente criticada, lo que no impide que la obra de gobierno, colectivizaciones, la pol\u00edtica educativa o la conquista de derechos por la mujer, sean saludadas como el inicio y consolidaci\u00f3n de una nueva era. Son logros que se comparan con ventaja con la revoluci\u00f3n de 1917.<\/p>\n<p>No se valora de la misma manera otros pasos m\u00e1s \u00abpol\u00edticos\u00bb. El paulatino encuadramiento de las milicias en cuerpos de ej\u00e9rcito regulares ser\u00e1 considerado como la renuncia a la esencia de acci\u00f3n anarquista y una humillaci\u00f3n ante los comunistas sean del PCE o del PSUC. El clamor alcanza el paroxismo despu\u00e9s de los hechos de mayo del 37 y, sobre todo, con el asesinato de Camilo Berneri. Se publicar\u00e1 entonces, alg\u00fan art\u00edculo extra\u00eddo de <em>Guerra di Classe, <\/em>se interpelar\u00e1 a Garc\u00eda Oliver y, m\u00e1s que nada, a Federica Montseny a quienes culpan de lo ocurrido, especialmente por haber mediado para parar la lucha. Los hechos de mayo marcar\u00e1n una fractura entre la l\u00ednea que llevaron tanto CNT como FAI, y la opini\u00f3n de la publicaci\u00f3n. Tanto Largo Caballero como Negr\u00edn fueron objeto de sus diatribas que eran aprovechadas para mostrar su oposici\u00f3n y enemiga al comunismo estalinista.<\/p>\n<p>El 11 de diciembre de 1938 sali\u00f3 el \u00faltimo n\u00famero, sin que se sepa la raz\u00f3n del cambio de nombre. <em>Spain and the World<\/em> \u00a0fue sustituido por <em>Revolt. <\/em>El nuevo quincenal ya no sigui\u00f3 exactamente la senda de <em>Spain and the World<\/em>. El final de la guerra se ve\u00eda venir, sobre todo despu\u00e9s de la ca\u00edda de Catalu\u00f1a. El acento se pone en los refugiados a los que no se quer\u00eda abandonar. No obstante, la gran guerra, la guerra con Hitler ja estaba en el ambiente y cada vez m\u00e1s los asuntos europeos encontraron cabida en sus p\u00e1ginas. Con todo <em>Revolt <\/em>no super\u00f3 el a\u00f1o de publicaci\u00f3n.<\/p>\n<p><b><a href=\"https:\/\/espai-marx.net\/wp-content\/uploads\/2022\/12\/Final.webp\"><img loading=\"lazy\" decoding=\"async\" class=\"aligncenter size-full wp-image-12964\" src=\"https:\/\/espai-marx.net\/wp-content\/uploads\/2022\/12\/Final.webp\" alt=\"\" width=\"450\" height=\"602\" srcset=\"https:\/\/espai-marx.net\/wp-content\/uploads\/2022\/12\/Final.webp 450w, https:\/\/espai-marx.net\/wp-content\/uploads\/2022\/12\/Final-224x300.webp 224w\" sizes=\"auto, (max-width: 450px) 100vw, 450px\" \/><\/a>Conclusiones<\/b><\/p>\n<p>No es descubrir nada nuevo decir que \u00abla guerra civil de tinta\u00bb, que dec\u00eda Madariaga, la gan\u00f3 la Rep\u00fablica. La opini\u00f3n mundial se puso mayoritariamente de su parte. El eco conseguido no fue igual para todas las fuerzas implicadas en la defensa del gobierno legal. La voz de los anarquistas en Gran Breta\u00f1a no fue escuchada con la misma atenci\u00f3n que lo fueron las voces socialistas y comunistas. Incluso ahora, en la bibliograf\u00eda consultada, la cabecera de <em>Spain and the World<\/em> no aparece. Los esfuerzos de la CNT y los anarquistas brit\u00e1nicos no se vieron recompensados. Es un resultado previsible porque el anarquismo estaba siendo cada vez m\u00e1s arrinconado en el mundo occidental. El peri\u00f3dico centra sus ataques en los comunistas y la acci\u00f3n sovi\u00e9tica. La guerra larvada que hab\u00eda en Espa\u00f1a entre los planteamientos de PCE y PSUC explican esta posici\u00f3n aunque de forma incompleta. Hemos visto como una buena parte de la sociedad inglesa tem\u00eda m\u00e1s una Espa\u00f1a anarquista, despu\u00e9s de una hipot\u00e9tica victoria, que la existencia de una nueva dictadura del proletariado en la Pen\u00ednsula. Era muy dif\u00edcil hacerse o\u00edr en estas circunstancias. En consecuencia los objetivos que se hab\u00eda impuesto la publicaci\u00f3n de hacer llegar la actuaci\u00f3n anarquista en Espa\u00f1a a la sociedad y al mismo tiempo, extender la bondad de los postulados libertarios, se consiguieron en muy escasa medida.<\/p>\n<p>La derrota republicana fue una derrota todav\u00eda mayor del anarquismo mundial porque en la revoluci\u00f3n de los primeros d\u00edas, tras el golpe de estado, se hab\u00edan puesto todas las esperanzas en lo que estaba sucediendo en Espa\u00f1a y, sobre todo, Barcelona y no son esperanzas de nuevo cu\u00f1o, la influencia de la CNT por n\u00famero de afiliados y combatividad era vista, desde hac\u00eda a\u00f1os, como la gran esperanza anarquista. Se piensa que es el momento de resarcirse de la postergaci\u00f3n y posterior persecuci\u00f3n padecida en Rusia en 1917. La guerra no evolucion\u00f3 de manera favorable a sus deseos. En mi opini\u00f3n, la posterior fijaci\u00f3n del r\u00e9gimen franquista con el peligro comunista contribuy\u00f3 a infravalorar la aportaci\u00f3n anarquista a la historia de este pa\u00eds y, con ello, a que haya sido minusvalorada en amplios sectores de la sociedad.<\/p>\n<p><strong>Bibliograf\u00eda<\/strong><\/p>\n<p>AVIL\u00c9S FARR\u00c9, Juan: \u00abUn Alba en Londres: La misi\u00f3n diplom\u00e1tica del XVII duque (1937-1945)\u00bb, <em>Historia Contempor\u00e1nea,<\/em> 1996, p\u00e1gs.. 163-178<\/p>\n<p>BUCHANAN, Tom: <em>The Spanish Civil War and the British Labour Movement<\/em>, 1991<\/p>\n<p>DI PAOLA, Pietro: \u00abItalian Anarchists in London\u00bb, Tesis doctoral, 2004. Le\u00edda en l\u00ednea, 30 agosto 2022. <a href=\"https:\/\/core.ac.uk\/outputs\/54430\">https:\/\/core.ac.uk\/outputs\/54430<\/a><\/p>\n<p>GONZ\u00c1LEZ CALLEJA, Eduardo: \u00abEl servicio exterior de Falange y la pol\u00edtica exterior del primer franquismo: Consideraciones previas para su investigaci\u00f3n\u00bb, <em>Hispania, LIV\/1, n\u00ba 186<\/em>, 1994. P\u00e1gs. 279-307<\/p>\n<p>METZER, Albert: <em>I Couldn\u2019t Paint Golden Angels: SixtY Years of Commonplace Life and Anarchist Agitation<\/em>, Ak press. 1996<\/p>\n<p>MORADIELLOS, Enrique: \u00abUn guerra civil de tinta: la propaganda republicana y nacionalista en Gran Breta\u00f1a durante el conflicto espa\u00f1ol\u00bb, <em>Sistema, <\/em>n\u00ba 164, 2001, p\u00e1g. 91-97.<\/p>\n<p>POLLIT, Harry: <em>Spain and the TUC<\/em>, (Panfleto) Londres, 1936<\/p>\n<p>RICHARDS, Vernon: <em>Ense\u00f1anzas de la Revoluci\u00f3n espa\u00f1ola<\/em>, Madrid,<\/p>\n<p><strong>Notas<\/strong><\/p>\n<p>[1] MORADIELLOS, Enrique: \u00abUna guerra civil de tinta: la propaganda republicana y nacionalista en Gran Breta\u00f1a durante el conflicto espa\u00f1ol\u00bb, <em>Sistema, <\/em>n\u00ba 164, 2001, p\u00e1g. 91-97. Es Moradiellos quien informa de que el t\u00edtulo de Guerra Civil de Tinta lo toma de Madariaga.<\/p>\n<p>[2] La tensi\u00f3n no se produjo en todas y cada una de las Trade Unions. Los trabajadores cat\u00f3licos se desmarcaron de esta tendencia general por las noticias que llegaban de asesinatos de religiosos en la zona republicana, pero el movimiento a favor de la Espa\u00f1a republicana fue masivo<\/p>\n<p>[3]\u00a0 BUCHANAN, Tom: <em>The Spanish Civil War and the British Labour Movement<\/em>, 1991. P\u00e1g. 43-44. Especialmente la nota 23 con informaci\u00f3n sobre Comorera.<\/p>\n<p>[4] \u00a0Es la casi la \u00fanica referencia que he encontrado del Dr Galasso, alg\u00fan otro autor lo nombra de pasada. METZER, Albert: <em>I Couldn\u2019t Paint Golden Angels: SixtY Years of Commonplace Life and Anarchist Agitation<\/em>, 1996<\/p>\n<p>[5] Ya el 3 de enero de 1937, E. Goldman escribe una carta a Martin Gudell, en aquel momento responsable de la Oficina de Propaganda Exterior de la CNT, en la que le habla de <em>Spain and the Worl <\/em>y <em>Fighting Call<\/em>, entre muchos otros temas. En ella le pide materiales que puedan ser publicados en ambos rotativos. No ser\u00e1 la \u00fanica vez que Goldman requiera fondos y materiales para la revista. [La carta en IISG, Emma Goldman Papers. Reel 39]<\/p>\n<p>[6] Desde 1920 exist\u00eda el Partido Comunista de Gran Breta\u00f1a (CPGB) de obediencia sovi\u00e9tica. Exist\u00eda tambi\u00e9n el ILP, marxista que se hab\u00eda separado de las directrices estalinistas, que colabor\u00f3 en las actividades anarquistas<\/p>\n<p>[7] MORENO, Antonio C\u00e9sar: \u00abEspionaje, neutralidad y propaganda franquista en Gran Breta\u00f1a durante la Segunda Guerra Mundial\u00bb. \u00a0<em>Ecl\u00e9ctica. Revista de Estudios Culturales,<\/em> n\u00ba 1, 2012, p\u00e1gs..81-91<\/p>\n<p><strong>Fuente<\/strong>: <em>Conversaci\u00f3n sobre historia<\/em> <a href=\"https:\/\/conversacionsobrehistoria.info\/2022\/12\/04\/spain-and-the-world-el-intento-de-hacer-llegar-los-logros-anarquistas-durante-la-guerra-de-espana-a-londres-1936-1939\/\">https:\/\/conversacionsobrehistoria.info\/2022\/12\/04\/spain-and-the-world-el-intento-de-hacer-llegar-los-logros-anarquistas-durante-la-guerra-de-espana-a-londres-1936-1939\/<\/a><\/p>\n<p><strong>Portada:<\/strong> cabecera de <em>Spain and the World<\/em> del 18 de febrero de 1938<\/p>\n<p><strong>Ilustraciones:<\/strong> <em>Spain and the World y <\/em>Conversaci\u00f3n sobre la historia<\/p>\n<\/div>\n<\/div>\n<\/div>\n<\/div>\n<\/div>\n","protected":false},"excerpt":{"rendered":"<p>En 1936, las fuerzas que se enfrentaron con las armas tambi\u00e9n libraron una batalla incruenta pero muy significativa: la batalla<\/p>\n","protected":false},"author":5,"featured_media":12954,"comment_status":"open","ping_status":"open","sticky":false,"template":"","format":"standard","meta":{"footnotes":""},"categories":[1551,20,17],"tags":[],"class_list":["post-12952","post","type-post","status-publish","format-standard","has-post-thumbnail","hentry","category-anarquismo","category-guerra-civil-espanola","category-historia"],"aioseo_notices":[],"_links":{"self":[{"href":"https:\/\/espai-marx.net\/index.php?rest_route=\/wp\/v2\/posts\/12952","targetHints":{"allow":["GET"]}}],"collection":[{"href":"https:\/\/espai-marx.net\/index.php?rest_route=\/wp\/v2\/posts"}],"about":[{"href":"https:\/\/espai-marx.net\/index.php?rest_route=\/wp\/v2\/types\/post"}],"author":[{"embeddable":true,"href":"https:\/\/espai-marx.net\/index.php?rest_route=\/wp\/v2\/users\/5"}],"replies":[{"embeddable":true,"href":"https:\/\/espai-marx.net\/index.php?rest_route=%2Fwp%2Fv2%2Fcomments&post=12952"}],"version-history":[{"count":0,"href":"https:\/\/espai-marx.net\/index.php?rest_route=\/wp\/v2\/posts\/12952\/revisions"}],"wp:featuredmedia":[{"embeddable":true,"href":"https:\/\/espai-marx.net\/index.php?rest_route=\/wp\/v2\/media\/12954"}],"wp:attachment":[{"href":"https:\/\/espai-marx.net\/index.php?rest_route=%2Fwp%2Fv2%2Fmedia&parent=12952"}],"wp:term":[{"taxonomy":"category","embeddable":true,"href":"https:\/\/espai-marx.net\/index.php?rest_route=%2Fwp%2Fv2%2Fcategories&post=12952"},{"taxonomy":"post_tag","embeddable":true,"href":"https:\/\/espai-marx.net\/index.php?rest_route=%2Fwp%2Fv2%2Ftags&post=12952"}],"curies":[{"name":"wp","href":"https:\/\/api.w.org\/{rel}","templated":true}]}}