{"id":12997,"date":"2022-12-29T05:00:14","date_gmt":"2022-12-29T04:00:14","guid":{"rendered":"https:\/\/espai-marx.net\/?p=12997"},"modified":"2022-12-29T08:48:39","modified_gmt":"2022-12-29T07:48:39","slug":"incorporacion-a-nuestra-biblioteca-electronica-el-estilo-literario-de-marx-de-ludovico-silva","status":"publish","type":"post","link":"https:\/\/espai-marx.net\/?p=12997","title":{"rendered":"Incorporaci\u00f3n a nuestra biblioteca electr\u00f3nica: <i>El estilo literario de Marx<\/i> de Ludovico Silva"},"content":{"rendered":"<p><span dir=\"ltr\" role=\"presentation\"><a href=\"https:\/\/espai-marx.net\/wp-content\/uploads\/2022\/12\/estilo-literario-marx-l-silva.webp\"><img loading=\"lazy\" decoding=\"async\" class=\"alignleft wp-image-12998\" src=\"https:\/\/espai-marx.net\/wp-content\/uploads\/2022\/12\/estilo-literario-marx-l-silva.webp\" alt=\"\" width=\"200\" height=\"303\" srcset=\"https:\/\/espai-marx.net\/wp-content\/uploads\/2022\/12\/estilo-literario-marx-l-silva.webp 313w, https:\/\/espai-marx.net\/wp-content\/uploads\/2022\/12\/estilo-literario-marx-l-silva-198x300.webp 198w\" sizes=\"auto, (max-width: 200px) 100vw, 200px\" \/><\/a>La econom\u00eda como categor\u00eda ling\u00fc\u00edstica seg\u00fan la <\/span><span dir=\"ltr\" role=\"presentation\">postulaci\u00f3n de Martinet, o sea la b\u00fasqueda perma<\/span><span dir=\"ltr\" role=\"presentation\">nente de equilibrio entre las necesidades comunica<\/span><span dir=\"ltr\" role=\"presentation\">tivas por una parte y la inercia de la memoria y la <\/span><span dir=\"ltr\" role=\"presentation\">inercia articulatoria por la otra, es adoptada aqu\u00ed para <\/span><span dir=\"ltr\" role=\"presentation\">llevar a cabo un replanteamiento estil\u00edstico de la obra<\/span> <span dir=\"ltr\" role=\"presentation\">de Marx en su dimensi\u00f3n literaria.<\/span><\/p>\n<p><span dir=\"ltr\" role=\"presentation\">Despu\u00e9s de emplazar los or\u00edgenes literarios de Marx y <\/span><span dir=\"ltr\" role=\"presentation\">destacar su arraigada y profunda formaci\u00f3n cl\u00e1sica, <\/span><span dir=\"ltr\" role=\"presentation\">decisiva para la consolidaci\u00f3n de su estilo como escri<\/span><span dir=\"ltr\" role=\"presentation\">tor, Silva a\u00edsla los rasgos b\u00e1sicos que detienen su fi<\/span><span dir=\"ltr\" role=\"presentation\">sonom\u00eda literaria e intelectual: la arquitect\u00f3nica de la<\/span> <span dir=\"ltr\" role=\"presentation\">ciencia, expresi\u00f3n estructural de la obra en su con<\/span><span dir=\"ltr\" role=\"presentation\">junto, y la dial\u00e9ctica de la expresi\u00f3n o expresi\u00f3n de la<\/span><br role=\"presentation\" \/><span dir=\"ltr\" role=\"presentation\">dial\u00e9ctica, aspecto tal vez el fundamental de su por<\/span><span dir=\"ltr\" role=\"presentation\">tentosa construcci\u00f3n. El cerco que as\u00ed establece en<\/span><span dir=\"ltr\" role=\"presentation\">torno a ella propicia el advenimiento de un lector<\/span> <span dir=\"ltr\" role=\"presentation\">familiarizado con el \u00e1mbito universal de la literatura. <\/span><span dir=\"ltr\" role=\"presentation\">Esta nueva actitud lectora enriquece el nivel herme<\/span><span dir=\"ltr\" role=\"presentation\">n\u00e9utico sobre un <em>corpus<\/em> cient\u00edfico cuyas ramifica<\/span><span dir=\"ltr\" role=\"presentation\">ciones crecen con el tiempo y del cual las m\u00e1s recien<\/span><span dir=\"ltr\" role=\"presentation\">tes indagaciones ling\u00fc\u00edsticas, sobre todo las estruc<\/span><span dir=\"ltr\" role=\"presentation\">turalistas, ponen cada vez m\u00e1s de manifiesto su <\/span><span dir=\"ltr\" role=\"presentation\">compleja simplicidad; recordemos que ya Althusser<\/span> <span dir=\"ltr\" role=\"presentation\">destaca a Marx como \u00abel primer lector de su siglo\u00bb, <\/span><span dir=\"ltr\" role=\"presentation\">posici\u00f3n que el autor de este estudio corrobora y tien<\/span><span dir=\"ltr\" role=\"presentation\">de a consolidar.<\/span><\/p>\n<p><span dir=\"ltr\" role=\"presentation\">Este nuevo enfoque establece un necesario deslinde <\/span><span dir=\"ltr\" role=\"presentation\">en la interpretaci\u00f3n de lo que en Marx es met\u00e1fora y <\/span><span dir=\"ltr\" role=\"presentation\">aquello que es explicaci\u00f3n te\u00f3rica. Ludovico Silva, al<\/span> <span dir=\"ltr\" role=\"presentation\">proponer una lectura estil\u00edstica de Marx, contribuye a <\/span><span dir=\"ltr\" role=\"presentation\">enmendar los errores de \u00ablectura\u00bb cometidos por la<\/span> <span dir=\"ltr\" role=\"presentation\">cr\u00edtica tradicional, que entiende expresiones ancilares <\/span><span dir=\"ltr\" role=\"presentation\">como \u00abreflejo\u00bb, \u00absuperestructura\u00bb o religi\u00f3n en su<\/span><br role=\"presentation\" \/><span dir=\"ltr\" role=\"presentation\">acepci\u00f3n de teor\u00eda, cuando no son sino met\u00e1fora. La<\/span> <span dir=\"ltr\" role=\"presentation\">estricta separaci\u00f3n de ambos aspectos confiere a este <\/span><span dir=\"ltr\" role=\"presentation\">ensayo un car\u00e1cter de manifiesta originalidad en la<\/span> <span dir=\"ltr\" role=\"presentation\">bibliograf\u00eda anal\u00edtica marxista y al mismo tiempo ha<\/span><span dir=\"ltr\" role=\"presentation\">ce a crecer el nivel de intelecci\u00f3n en que la obra del<\/span> <span dir=\"ltr\" role=\"presentation\">autor de <em>El capital<\/em> ser\u00e1 le\u00edda. <\/span>(de la contracubierta del libro)<\/p>\n<p>Descarga: <a href=\"https:\/\/espai-marx.net\/elsarbres\/wp-content\/uploads\/2022\/12\/Silva-Ludovico-El-Estilo-Literario-De-Marx.pdf\">Silva Ludovico &#8211; El Estilo Literario De Marx<\/a> (PDF)<\/p>\n","protected":false},"excerpt":{"rendered":"<p>La econom\u00eda como categor\u00eda ling\u00fc\u00edstica seg\u00fan la postulaci\u00f3n de Martinet, o sea la b\u00fasqueda permanente de equilibrio entre las necesidades<\/p>\n","protected":false},"author":5,"featured_media":12999,"comment_status":"open","ping_status":"open","sticky":false,"template":"","format":"standard","meta":{"footnotes":""},"categories":[825,1544,5],"tags":[1919],"class_list":["post-12997","post","type-post","status-publish","format-standard","has-post-thumbnail","hentry","category-elsarbres","category-karl-marx","category-literatura","tag-ludovico-silva"],"aioseo_notices":[],"_links":{"self":[{"href":"https:\/\/espai-marx.net\/index.php?rest_route=\/wp\/v2\/posts\/12997","targetHints":{"allow":["GET"]}}],"collection":[{"href":"https:\/\/espai-marx.net\/index.php?rest_route=\/wp\/v2\/posts"}],"about":[{"href":"https:\/\/espai-marx.net\/index.php?rest_route=\/wp\/v2\/types\/post"}],"author":[{"embeddable":true,"href":"https:\/\/espai-marx.net\/index.php?rest_route=\/wp\/v2\/users\/5"}],"replies":[{"embeddable":true,"href":"https:\/\/espai-marx.net\/index.php?rest_route=%2Fwp%2Fv2%2Fcomments&post=12997"}],"version-history":[{"count":0,"href":"https:\/\/espai-marx.net\/index.php?rest_route=\/wp\/v2\/posts\/12997\/revisions"}],"wp:featuredmedia":[{"embeddable":true,"href":"https:\/\/espai-marx.net\/index.php?rest_route=\/wp\/v2\/media\/12999"}],"wp:attachment":[{"href":"https:\/\/espai-marx.net\/index.php?rest_route=%2Fwp%2Fv2%2Fmedia&parent=12997"}],"wp:term":[{"taxonomy":"category","embeddable":true,"href":"https:\/\/espai-marx.net\/index.php?rest_route=%2Fwp%2Fv2%2Fcategories&post=12997"},{"taxonomy":"post_tag","embeddable":true,"href":"https:\/\/espai-marx.net\/index.php?rest_route=%2Fwp%2Fv2%2Ftags&post=12997"}],"curies":[{"name":"wp","href":"https:\/\/api.w.org\/{rel}","templated":true}]}}