{"id":1300,"date":"2009-12-20T00:00:00","date_gmt":"2009-12-20T00:00:00","guid":{"rendered":"https:\/\/espai-marx.net\/?p=1300"},"modified":"2020-02-22T16:59:28","modified_gmt":"2020-02-22T15:59:28","slug":"dialectica-de-accion-y-palabra-en-una-ciudadana-saharaui","status":"publish","type":"post","link":"https:\/\/espai-marx.net\/?p=1300","title":{"rendered":"Dial\u00e9ctica de acci\u00f3n y palabra en una ciudadana saharaui"},"content":{"rendered":"<p>No es momento en mi opini\u00f3n de analizar detalladamente el comportamiento del gobierno espa\u00f1ol ni sus medias verdades, ni tampoco denunciar una vez m\u00e1s la abyecta pol\u00edtica del gobierno de Marruecos respecto al pueblo saharaui, ni es momento de reflexionar sobre el papel imperial de Francia y Estados Unidos en la vuelta de Aminatou Haidar a su pa\u00eds, un pa\u00eds del que nunca debi\u00f3 ser expulsada (ni encarcelada ni torturada).<\/p>\n<p>No, no es momento de reflexi\u00f3n y de distanciamiento anal\u00edtico, sino de agradecimiento y de alegr\u00eda. Agradecimiento por un comportamiento, por una actitud, por un vivir de pie y en rebeld\u00eda, que no puede ni ser\u00e1 olvidado nunca; alegr\u00eda porque una vez m\u00e1s resistir, luchar, combatir por causas y finalidades justas no es sino una forma de amar. \u201cAmar es combatir\u201d escrib\u00eda el Octavio Paz republicano.<\/p>\n<p>Gracias Aminatou Haidar, gracias a todas las personas que han sabido estar (\u00a1y de qu\u00e9 modo!) a la altura de las circunstancias. Jam\u00e1s habitar\u00e1 el olvido en el paisaje que hab\u00e9is creado.<\/p>\n<p>Bertolt Brecht escribi\u00f3 un poema imprescindible que acaso hemos tenido un poco olvidado: \u201cLoa a la dial\u00e9ctica\u201d. Hace tres o cuatro a\u00f1os, Toni Dom\u00e9nech hizo esta magn\u00edfica traducci\u00f3n-creaci\u00f3n de los versos brechtianos:<\/p>\n<p>Con paso seguro marcha hoy la injusticia.<\/p>\n<p>Los opresores se disponen para otros diez mil a\u00f1os.<\/p>\n<p>El poder asegura: lo que es, persistir\u00e1 como es.<\/p>\n<p>Voz, ninguna llega, sino las de los dominadores<\/p>\n<p>Y en los mercados, dice bien alto la explotaci\u00f3n: Ahora<\/p>\n<p>Lleg\u00f3 por fin mi hora.<\/p>\n<p>Pero entre los oprimidos muchos dicen ahora:<\/p>\n<p>Lo que queremos, no ha de venir jam\u00e1s.<\/p>\n<p>Quien a\u00fan siga vivo: \u00a1que no diga jam\u00e1s!<\/p>\n<p>Lo seguro, no es seguro.<\/p>\n<p>Lo que es, no persistir\u00e1 como es.<\/p>\n<p>Cuando los dominadores hayan hablado<\/p>\n<p>Hablar\u00e1n los dominados.<\/p>\n<p>\u00bfQui\u00e9n osa decir jam\u00e1s?<\/p>\n<p>\u00bfDe qui\u00e9n depende que persista la opresi\u00f3n? De nosotros.<\/p>\n<p>\u00bfDe qui\u00e9n depende su quiebra? De nosotros, tambi\u00e9n.<\/p>\n<p>Quien haya sido derrotado, \u00a1que se levante!<\/p>\n<p>Quien est\u00e9 perdido, \u00a1que luche!<\/p>\n<p>\u00bfQui\u00e9n detendr\u00e1 al consciente de su situaci\u00f3n?<\/p>\n<p>Porque los vencidos de hoy son los vencedores de ma\u00f1ana<\/p>\n<p>Y del jam\u00e1s, saldr\u00e1 el todav\u00eda.<\/p>\n<p>Los dominados han hablado. Nadie ha dicho \u201cjam\u00e1s\u201d. Los vencidos y vencidas de hoy son, sin jam\u00e1s actuar como tales, los vencedores y vencedoras de ma\u00f1ana. \u00a1Nadie ha sido derrotado! Levant\u00e9monos pues. Nadie podr\u00e1 detener a los conscientes de su situaci\u00f3n. El todav\u00eda ya ha irrumpido en la lucha liberadora de los pueblos que se quieren libres.<\/p>\n<p><a href=\"http:\/\/creativecommons.org\/licenses\/by-nc-nd\/2.5\/es\/\">http:\/\/creativecommons.org\/licenses\/by-nc-nd\/2.5\/es\/<\/a><\/p>\n","protected":false},"excerpt":{"rendered":"<p>Dial\u00e9ctica de acci\u00f3n y palabra en una ciudadana saharaui<\/p>\n<p>\u00a0<\/p>\n<p>Salvador L\u00f3pez Arnal<\/p>\n<p>\u00a0<\/p>\n<p>No es momento en mi opini\u00f3n de analizar detalladamente el comportamiento del gobierno espa\u00f1ol ni sus medias verdades, ni tampoco denunciar una vez m\u00e1s la abyecta pol\u00edtica del gobierno de Marruecos respecto al pueblo saharaui, ni es momento de reflexionar sobre el papel imperial de Francia y Estados Unidos en la vuelta de Aminatou Haidar a su pa\u00eds, un pa\u00eds del que nunca debi\u00f3 ser expulsada (ni encarcelada ni torturada).<\/p>\n<p>No, no es momento de reflexi\u00f3n y de distanciamiento anal\u00edtico, sino de agradecimiento y de alegr\u00eda. Agradecimiento por un comportamiento, por una actitud, por un vivir de pie y en rebeld\u00eda, que no puede ni ser\u00e1 olvidado nunca; alegr\u00eda porque una vez m\u00e1s resistir, luchar, combatir por causas y finalidades justas no es sino una forma de amar. \u201cAmar es combatir\u201d escrib\u00eda el Octavio Paz republicano.<\/p>\n","protected":false},"author":9,"featured_media":0,"comment_status":"open","ping_status":"open","sticky":false,"template":"","format":"standard","meta":{"footnotes":""},"categories":[13],"tags":[],"class_list":["post-1300","post","type-post","status-publish","format-standard","hentry","category-la-izquierda-a-debate"],"aioseo_notices":[],"_links":{"self":[{"href":"https:\/\/espai-marx.net\/index.php?rest_route=\/wp\/v2\/posts\/1300","targetHints":{"allow":["GET"]}}],"collection":[{"href":"https:\/\/espai-marx.net\/index.php?rest_route=\/wp\/v2\/posts"}],"about":[{"href":"https:\/\/espai-marx.net\/index.php?rest_route=\/wp\/v2\/types\/post"}],"author":[{"embeddable":true,"href":"https:\/\/espai-marx.net\/index.php?rest_route=\/wp\/v2\/users\/9"}],"replies":[{"embeddable":true,"href":"https:\/\/espai-marx.net\/index.php?rest_route=%2Fwp%2Fv2%2Fcomments&post=1300"}],"version-history":[{"count":0,"href":"https:\/\/espai-marx.net\/index.php?rest_route=\/wp\/v2\/posts\/1300\/revisions"}],"wp:attachment":[{"href":"https:\/\/espai-marx.net\/index.php?rest_route=%2Fwp%2Fv2%2Fmedia&parent=1300"}],"wp:term":[{"taxonomy":"category","embeddable":true,"href":"https:\/\/espai-marx.net\/index.php?rest_route=%2Fwp%2Fv2%2Fcategories&post=1300"},{"taxonomy":"post_tag","embeddable":true,"href":"https:\/\/espai-marx.net\/index.php?rest_route=%2Fwp%2Fv2%2Ftags&post=1300"}],"curies":[{"name":"wp","href":"https:\/\/api.w.org\/{rel}","templated":true}]}}