{"id":1304,"date":"2009-12-30T00:00:00","date_gmt":"2009-12-30T00:00:00","guid":{"rendered":"https:\/\/espai-marx.net\/?p=1304"},"modified":"2020-02-22T16:53:47","modified_gmt":"2020-02-22T15:53:47","slug":"terrorificos-cuentos-de-navidad-para-ciudadanos-curtidos","status":"publish","type":"post","link":"https:\/\/espai-marx.net\/?p=1304","title":{"rendered":"Terror\u00edficos cuentos de Navidad para ciudadanos curtidos"},"content":{"rendered":"<p><em>Sobre la puesta en escena de Bartomeu Mu\u00f1oz y el terceto Arenas-parlamento andaluz-lobby taurino<\/em><\/p>\n<p>&nbsp;<\/p>\n<p><strong>\u00a0<\/strong><\/p>\n<p><strong>El cuento del ex alcalde encausado y la colecta popular<\/strong>. Bartomeu Mu\u00f1oz, ex alcalde de Santa Coloma de Gramenet, sali\u00f3 de la prisi\u00f3n de Brians II en libertad provisional el pasado mi\u00e9rcoles 23 de diciembre de 2009. No lo ha hecho de cualquier forma. Una estudiada puesta en escena ha sido dise\u00f1ada para la ocasi\u00f3n.<\/p>\n<p>Aconsejado por su defensor o (no excluyente) por iniciativa propia, el ex dirigente del PSC-PSOE y sus pr\u00f3ximos programaron una colecta popular entre la ciudadan\u00eda colomense para recaudar fondos para el pago de la fianza. Deb\u00eda alcanzarse el medio mill\u00f3n de euros.<\/p>\n<p>A la salida de la prisi\u00f3n, el ex alcalde, emocionado, por supuesto, lleno de modestia y gratitud para la puesta de largo, cont\u00f3 un cuento que llevaba escrito en un comunicado: no ha sido necesario aportar avales bancarios (de las propiedades que, sin atisbo concebible de duda, el imputado y su familia poseen); el pago del dep\u00f3sito solicitado \u2013500.000 euros- se ha hecho \u00edntegramente a trav\u00e9s del dinero aportado por vecinos. Emoci\u00f3n, m\u00e1xima emoci\u00f3n; aplausos sin fin. Todos los focos se dirigen hacia el se\u00f1or Bartomeu. Las c\u00e1maras reflejan su cara de satisfacci\u00f3n y su honradez y orgullo pol\u00edtico.<\/p>\n<p>La oscuridad que ha rodeado a la colecta, hecha en apenas dos o tres d\u00edas, es de manual. La penumbra ha sido el estado natural de la actividad. Populismo, este s\u00ed, en el puesto de mando, vestido, vendido y ofrecido como apoyo popular. Motivaci\u00f3n de fondo: probable estrategia de la defensa para mostrar o apuntar la escasez de recursos del acusado (\u00a1qu\u00e9 risa! \u00a1qu\u00e9 descaro!) y dejar patente p\u00fablicamente el inmenso, el inconmensurable cari\u00f1o conseguido entre las clases, trabajadoras por supuesto, de la ciudad vecina a Barcelona por el que fuera su alcalde, residente, eso s\u00ed, en un alto barrio barcelon\u00e9s.<\/p>\n<p>No es prueba de nada, desde luego, pero yo, que trabajo en la ciudad, s\u00f3lo conozco a un joven, cargo pol\u00edtico del PSC, ex alumno m\u00edo, que haya aportado una peque\u00f1a cantidad a la colecta. A nadie m\u00e1s. Parte de mis familiares, todos ellos colomenses o devenidos colomenses, no me superan en el n\u00famero de conocidos que han apoyado al ex alcalde (Paradoja de paradojas: si fuera as\u00ed, si fuera veraz el apoyo de, pongamos, 5.000 o 10.000 ciudadanos y ciudadanas que hayan apoyado con 100 o 50 euros de promedio, el disparate, la degeneraci\u00f3n pol\u00edtica promovida por el \u201cgrupo promotor\u201d roza lo inadmisible: alguien que se enriqueci\u00f3 a\u00fan m\u00e1s a costa de una ciudadan\u00eda con escasos y trabajados medios, transitando por viejas tradiciones familiares [1], prolongando el enriquecimiento de amigos empresarios y ex altos cargos de la Generalitat convergente, esquilma de nuevo a las mismas gentes que minti\u00f3 una y otra vez con cara de plomo y coraz\u00f3n de hierro\u2026 y cuenta bancaria siempre insatisfecha. Ni que decir tiene que existe otra arista en este poliedro: el clientelismo pol\u00edtico, una de las peores y m\u00e1s abyectas enfermedades de la, digamos, democracia municipal, ha sido estrategia masivamente usada en el consistorio\u2026 en \u00e9ste y en otros miles de municipios espa\u00f1oles por supuesto).<\/p>\n<p>El letrado defensor, el se\u00f1or Ferm\u00edn Morales, de uno de los mejores (id est: m\u00e1s h\u00e1biles m\u00e1s eficaces) gabinetes jur\u00eddicos de la ciudad y cuyos emolumentos bien seguro no ser\u00e1n un grano de sal (\u00bfotra colecta popular en ciernes?), ha declarado que una vez lograda la libertad provisional de su defendido, su objetivo prioritario pasar\u00e1 a ser trabajar en la defensa de la inocencia de su cliente. Ha a\u00f1adido, eso s\u00ed, otro cuento de cosecha propia y con tonalidades muy o\u00eddas: aunque las actuaciones judiciales siguen bajo secreto de sumario, por lo que no pueden adelantarse en nada, se\u00f1al\u00f3, \u00e9l, apunt\u00f3 con \u00e9nfasis y mirando a las c\u00e1maras y al mundo en general por si fuera necesario, lo \u00fanico (sic, super sic!) que ten\u00eda claro era la inocencia de su cliente. Lo \u00fanico. La inocencia del se\u00f1or Bartomeu Mu\u00f1oz ser\u00e1 objeto de prueba, a\u00f1adi\u00f3 finalmente, cuando pasen estas entra\u00f1ables fiestas.<\/p>\n<p>Y colorin colorado este cuento se ha acabado. Viene otro.<\/p>\n<p><strong>El cuento de la fiesta nacional<\/strong>. El se\u00f1or Luis Pizarro, dirigente del PSOE, consejero de Gobernaci\u00f3n de la Junta de Andaluc\u00eda, miembro del mismo gobierno en el que participa la se\u00f1ora Rosa Aguilar, la ex alcaldesa de C\u00f3rdoba, manifest\u00f3 el pasado mi\u00e9rcoles su apoyo (sin fisuras por supuesto) a la que llam\u00f3 fiesta nacional (que no es, mirada como se quiera mirar, ni fiesta ni nacional). Realiz\u00f3 su intervenci\u00f3n el se\u00f1or consejero pensando en la iniciativa popular aprobada por el Parlamento catal\u00e1n recientemente por la que se debatir\u00e1 en el futuro la conveniencia de prohibici\u00f3n de las corridas de toros en Catalu\u00f1a.<\/p>\n<p>Las palabras del se\u00f1or Pizarro, su cuento para la ocasi\u00f3n, no tienen desperdicio. Tomen nota: c\u00e1maras, acci\u00f3n: \u201cEl gobierno andaluz siempre ha expresado una defensa clara y sin complejos de lo que significa el mundo del toro en Andaluc\u00eda. Es una se\u00f1a de identidad [2] de Espa\u00f1a con una gran tradici\u00f3n hist\u00f3rica y cuenta con una enorme importancia econ\u00f3mica\u201d. Los \u00faltimos ser\u00e1n los primeros; lo \u00faltimo, es el punto decisivo. Como siempre.<\/p>\n<p>El se\u00f1or Pizarro mantuvo una reuni\u00f3n con representantes de la autodenominada Mesa Nacional del Toro (\u00a1Mesa Nacional del Toro! No es un chiste de los Morancos de verdad, no les enga\u00f1o, no pretendo hacerme el gracioso). En la reuni\u00f3n particip\u00f3 inicialmente el mism\u00edsimo presidente andaluz, el se\u00f1or Jos\u00e9 Antonio Gri\u00f1\u00e1n.<\/p>\n<p>El consejero de Gobernaci\u00f3n cont\u00f3 otro cuento af\u00edn: tiene intenci\u00f3n de enviar una carta al president del Parlament catal\u00e1n, el se\u00f1or Ernest Benach, de ERC, para invitar de manera oficial a los diputados catalanes (a todos ellos, parece ser) para que conozcan la verdadera realidad taurina antes de que voten la propuesta de prohibici\u00f3n.<\/p>\n<p>\u00bfSe imaginan? Un centenar de diputados y diputadas catalanes, en viaje tur\u00edstico taurino por las tierras de Lorca, Cernuda y Alberti para informarse in situ de la realidad del toro, de la que, por supuesto, aqu\u00ed, por estos lares mediterr\u00e1neos, no se tiene ni la m\u00e1s ligera idea. No sabemos de esta misa la media.<\/p>\n<p>Arenas, el incombustible dirigente del PP, ha entrado en el cuadril\u00e1tero. A su modo, con estilo propio, pensando con su propia cabeza de derecha populista. Contando otro cuento. Una s\u00edntesis apretada del mismo: defender su compromiso con los \u201ctaurinos\u201d a trav\u00e9s de una iniciativa parlamentaria (los votos cuentan y c\u00f3mo) consensuada con la Mesa Nacional del Toro (\u00bfotro lobby que tambi\u00e9n dicta leyes al PP?). Los toros, a\u00f1adi\u00f3, son nuestra historia y nuestra tradici\u00f3n (\u00a1y dale!), de ellos depende la econom\u00eda andaluza (\u00a1de los toros depende la econom\u00eda andaluza! \u00a1qu\u00e9 cosas!). La moraleja poli\u00e9tica del cuento del libro del se\u00f1or Arenas: no podemos permitir que una minor\u00eda (sic) intransigente (super sic) termine con una afici\u00f3n que comparte una mayor\u00eda.<\/p>\n<p>Por si faltara algo, el comp\u00e1s final de la narraci\u00f3n arenosa: algunos, sin mayor concreci\u00f3n, atacan a los toros porque es la fiesta nacional. Tal cual: \u00a1los toros son la fiesta nacional espa\u00f1ola! (Por cierto, \u00bfqu\u00e9 querr\u00e1 significar exactamente esa afirmaci\u00f3n?). Los independentistas irredentos la atacan no por lo que tiene de barbarie. No, en absoluto, sino por ser una fiesta espa\u00f1ola; si fuera catalana, deja entrever el se\u00f1or Arenas, asistir\u00edan encantados en primera fila del ruedo.<\/p>\n<p>Un cuento muy distinto, lleno de sensatez y coraje, fue contado por Antonio Moreno, del colectivo andaluz contra el maltrato animal. Una s\u00edntesis que merece aplausos ciudadanos ilustrados y rebeldes: Andaluc\u00eda es la comunidad en la que se han celebrado m\u00e1s manifestaciones antitaurinas a lo largo de 2009, de ah\u00ed un reto lanzado a los pol\u00edticos gobernantes: convocar un refer\u00e9ndum para conocer la opini\u00f3n real, no supuesta ni agitada pol\u00edticamente, de la ciudadan\u00eda andaluza. Por lo dem\u00e1s, las realidades del toro, ha apuntado con \u00e9nfasis el se\u00f1or Moreno, son esencialmente dos: la tortura a la que se somete al animal y, en segundo lugar, las subvenciones p\u00fablicas y los intereses creados en torno a ellas: los toros se mantienen a costa del dinero de todas las ciudadan\u00edas espa\u00f1olas.<\/p>\n<p>Y color\u00edn colorado este segundo cuento tambi\u00e9n se ha acabado.<\/p>\n<p>\u00bfSu paciencia no resiste m\u00e1s narraciones terror\u00edficas? Dej\u00e9moslo pues. Eso s\u00ed, les apunto que los cuentos sobre las empresas del intelectual org\u00e1nico de la patronal espa\u00f1ola globalizada, el se\u00f1or D\u00edaz Ferr\u00e1n, y el intento del ministerio pronuclear de Industria de alargar la vida de las centrales nucleares prometen sensaciones l\u00edmite. Para otra ocasi\u00f3n. Hoy es d\u00eda de encuentro afable y de paz.<\/p>\n<p>[1] El padre del se\u00f1or Bartomeu Mu\u00f1oz fue el \u00faltimo alcalde franquista de la ciudad. Ni que decir tiene que la transmisi\u00f3n gen\u00e9tica no juega papel alguno en estos asuntos; la mem\u00e9tica, por lo que parece, tampoco ejerce un rol destacado.<\/p>\n<p>[2] Definitivamente, la noci\u00f3n \u2013se\u00f1as de identidad- est\u00e1 irremediablemente perdida para la izquierda.<\/p>\n<p>[3] Tomo la informaci\u00f3n de Olivia Carballar, \u201cAndaluc\u00eda reta a Catalunya a conocer la \u201crealidad\u201d del toro\u201d. P\u00fablico, 24 de diciembre de 2009, p. 31.<\/p>\n","protected":false},"excerpt":{"rendered":"<p>Sobre la puesta en escena de Bartomeu Mu\u00f1oz y el terceto Arenas-parlamento andaluz-lobby taurino<\/p>\n<p>\u00a0<\/p>\n<p>Terror\u00edficos cuentos de Navidad para ciudadanos curtidos.<\/p>\n<p>\u00a0<\/p>\n<p>Salvador L\u00f3pez Arnal<\/p>\n<p>\u00a0<\/p>\n","protected":false},"author":9,"featured_media":0,"comment_status":"open","ping_status":"open","sticky":false,"template":"","format":"standard","meta":{"footnotes":""},"categories":[3],"tags":[],"class_list":["post-1304","post","type-post","status-publish","format-standard","hentry","category-condiciones-de-vida"],"aioseo_notices":[],"_links":{"self":[{"href":"https:\/\/espai-marx.net\/index.php?rest_route=\/wp\/v2\/posts\/1304","targetHints":{"allow":["GET"]}}],"collection":[{"href":"https:\/\/espai-marx.net\/index.php?rest_route=\/wp\/v2\/posts"}],"about":[{"href":"https:\/\/espai-marx.net\/index.php?rest_route=\/wp\/v2\/types\/post"}],"author":[{"embeddable":true,"href":"https:\/\/espai-marx.net\/index.php?rest_route=\/wp\/v2\/users\/9"}],"replies":[{"embeddable":true,"href":"https:\/\/espai-marx.net\/index.php?rest_route=%2Fwp%2Fv2%2Fcomments&post=1304"}],"version-history":[{"count":0,"href":"https:\/\/espai-marx.net\/index.php?rest_route=\/wp\/v2\/posts\/1304\/revisions"}],"wp:attachment":[{"href":"https:\/\/espai-marx.net\/index.php?rest_route=%2Fwp%2Fv2%2Fmedia&parent=1304"}],"wp:term":[{"taxonomy":"category","embeddable":true,"href":"https:\/\/espai-marx.net\/index.php?rest_route=%2Fwp%2Fv2%2Fcategories&post=1304"},{"taxonomy":"post_tag","embeddable":true,"href":"https:\/\/espai-marx.net\/index.php?rest_route=%2Fwp%2Fv2%2Ftags&post=1304"}],"curies":[{"name":"wp","href":"https:\/\/api.w.org\/{rel}","templated":true}]}}