{"id":1310,"date":"2010-01-12T00:00:00","date_gmt":"2010-01-12T00:00:00","guid":{"rendered":"https:\/\/espai-marx.net\/?p=1310"},"modified":"2020-02-22T16:42:57","modified_gmt":"2020-02-22T15:42:57","slug":"palos-palas-amenazas-y-fotografias","status":"publish","type":"post","link":"https:\/\/espai-marx.net\/?p=1310","title":{"rendered":"Palos, palas, amenazas y fotograf\u00edas"},"content":{"rendered":"<p><em>A prop\u00f3sito de una informaci\u00f3n sobre enfrentamientos entre colonos judios y ciudadanos palestinos<\/em><\/p>\n<h1><\/h1>\n<p>P\u00fablico, 2 de enero de 2010, s\u00e1bado [1]. Con la compra del diario, se adquiere El Estado y la revoluci\u00f3n de V. I. Lenin. El manuscrito se interrumpe en las primeras l\u00edneas del cap\u00edtulo VII, el \u00faltimo del \u00edndice: \u201cLa experiencia de las revoluciones rusas de 1905 y 1917\u201d. Las siguientes son las palabras finales a la primera edici\u00f3n escritas por \u201cel autor\u201d el 30 de noviembre de 1917, en \u201cPetrogrado\u201d, la hermosa ciudad que llevar\u00e1 su nombre durante m\u00e1s de setenta a\u00f1os:<\/p>\n<p>Este folleto fue escrito en los meses de agosto y septiembre de 1917. Ten\u00eda ya trazado el plan del cap\u00edtulo siguiente, el del VII, \u201cLa experiencia de las revoluciones rusas de 1905 y 1917\u201d. Pero, fuera del t\u00edtulo, no me fue posible escribir ni una sola l\u00ednea de este cap\u00edtulo: vino a \u201cestorbarme\u201d la crisis pol\u00edtica, la v\u00edspera de la revoluci\u00f3n de octubre de 1917. De \u201cestorbos\u201d as\u00ed no tiene uno m\u00e1s que alegrarse. Pero la redacci\u00f3n de la segunda parte del folleto (dedicada a \u201cla experiencia de las revoluciones rusas de 1905 y 1917\u201d) habr\u00e1 que aplazarla seguramente por mucho tiempo; es m\u00e1s agradable y m\u00e1s provechoso vivir la \u201cexperiencia de la revoluci\u00f3n\u201d que escribir cerca de ella.<\/p>\n<p>Desgraciadamente no es este el tema que se desarrolla en la p\u00e1gina 13 de la edici\u00f3n referenciada de P\u00fablico dedicada a \u201cMundo\u201d. Aunque, bien pensado, alguna relaci\u00f3n existe con esa experiencia de la revoluci\u00f3n a la que hab\u00eda referencia el autor de los Cuadernos filos\u00f3ficos.<\/p>\n<p>Seis noticias componen la p\u00e1gina del diario. Una destacada habla de una matanza en un estadio de Pakist\u00e1n; una segunda, tambi\u00e9n remarcada, da cuenta de unas declaraciones de Mir Hossein Musav\u00ed; una tercera informa de unas riadas que han asolado R\u00edo de Janeiro; una cuarta habla de una petici\u00f3n de libertad de la Euroc\u00e1mara de unos detenidos pol\u00edticos en la Nochevieja moscovita y, la siguiente, da sucinta cuenta, en apenas 9 medias l\u00edneas, de una nueva matanza (al menos 18 guerrilleros fueron asesinados, 13 m\u00e1s fueron detenidos) del \u201cdefensivo\u201d Ej\u00e9rcito colombiano. La \u00faltima noticia de la p\u00e1gina exige ser descrita y comentada.<\/p>\n<p>Se compone de una fotograf\u00eda y de una breve columna. La fotograf\u00eda, de France Press, firmada con las siglas H.B., lleva una pie de foto: \u201cUn colono jud\u00edo y un palestino se enfrentan ayer\u201d. Se enfrentan ayer, no se enfrentaron. \u201cAyer\u201d remite al 1 de enero de 2010. En la fotograf\u00eda que se muestra puede verse a una persona que blande una pala, no un palo, con base met\u00e1lica, que bien puede ser un colono jud\u00edo, y un ciudadano de espaldas, desarmado, corpulento, que levanta a media altura su mano derecha, con el pu\u00f1o cerrado. No se observa su rostro, probablemente indignado.<\/p>\n<p>Detr\u00e1s de ellos, tapado por el probable ciudadano palestino, alguien, que parece filmar lo que est\u00e1 sucediendo, lleva una piedra mediana en su mano izquierda, y en el fondo puede verse tambi\u00e9n un hermoso olivo.<\/p>\n<p>\u00bfPermite esta fotograf\u00eda el pie \u201cUn colono jud\u00edo y un palestino se enfrentan ayer\u201d? No parece, o acaso exige alg\u00fan matiz complementario.<\/p>\n<p>La fotograf\u00eda, como indicamos, se acompa\u00f1a de una breve columna. Su titular: \u201cIsrael. Colonos y palestinos se enfrentan a palos\u201d, no con palas. No se especifica ahora que sean colonos jud\u00edos y el t\u00e9rmino \u201cIsrael\u201d, enrojecido, y sin m\u00e1s aclaraci\u00f3n, puede dar pistas geogr\u00e1ficas falsas. El comentario bajo el titular:<\/p>\n<p>Hebr\u00f3n. Colonos jud\u00edos se enfrentaron ayer con palos y a pu\u00f1etazos a seguidores del movimiento palestino Fatah, que trataban de plantar olivos en territorio ocupado por Israel para conmemorar el 45 aniversario del comienzo de la lucha contra la ocupaci\u00f3n. Los enfrentamientos ocurrieron cerca de dos asentamientos<\/p>\n<p>Asentamientos, por si fuera necesario, de colonos jud\u00edos en territorios ocupados militarmente por un Estado cuyo embajador, el se\u00f1or Raphael Schutz, parece desear de estricta identidad jud\u00eda [2].<\/p>\n<p>Sabemos que, usualmente, una imagen no vale m\u00e1s que 1.000 palabras y que a veces una sola palabra, o si se quiere un enunciado, vale m\u00e1s que 5.000 im\u00e1genes retocadas o preparadas, pero a veces las im\u00e1genes muestran y, en esta ocasi\u00f3n, la fotograf\u00eda de la noticia lo que muestra es la agresi\u00f3n de un individuo, que puede ser por su indumentaria un colono jud\u00edo, contra un ciudadano no armado. No un enfrentamiento entre uno y otro como se\u00f1ala el titular, y no mediante palos y pu\u00f1etazos, como se\u00f1ala el texto, sino la agresi\u00f3n, insisto, de alguien que lleva una pala con base met\u00e1lica, no un palo y no s\u00f3lo su pu\u00f1o agitado, contra alguien que no lleva ning\u00fan objeto de ataque o defensa<\/p>\n<p>As\u00ed, pues, dejando un lado el pie de foto, nada afortunado ciertamente, aqu\u00ed, una vez, la inconsistencia entre lo que se muestra y lo que se apunta en texto es tan obvia como correcta es la finalidad de los ciudadanos palestinos resistentes: plantar olivos, plantar vida propia, en un territorio usurpado que leg\u00edtimamente pertenece a la ciudadan\u00eda de la que ellos son miembros activos.<\/p>\n<p><strong>Notas:<\/strong><\/p>\n<p>[1] P\u00fablico, 2 de enero de 2010, p. 13.<\/p>\n<p>[2] V\u00e9ase P\u00fablico, 30 de diciembre de 2009: \u201cIsrael, Estado jud\u00edo\u201d.<\/p>\n","protected":false},"excerpt":{"rendered":"<p>A prop\u00f3sito de una informaci\u00f3n sobre enfrentamientos entre colonos judios y ciudadanos palestinos.<\/p>\n<p>\u00a0<\/p>\n<p>\u00a0<\/p>\n<p>Salvador L\u00f3pez Arnal<\/p>\n<p>\u00a0<\/p>\n<p>P\u00fablico, 2 de enero de 2010, s\u00e1bado [1]. Con la compra del diario, se adquiere El Estado y la revoluci\u00f3n de V. I. Lenin. El manuscrito se interrumpe en las primeras l\u00edneas del cap\u00edtulo VII, el \u00faltimo del \u00edndice: \u201cLa experiencia de las revoluciones rusas de 1905 y 1917\u201d. Las siguientes son las palabras finales a la primera edici\u00f3n escritas por \u201cel autor\u201d el 30 de noviembre de 1917, en \u201cPetrogrado\u201d, la hermosa ciudad que llevar\u00e1 su nombre durante m\u00e1s de setenta a\u00f1os:<\/p>\n","protected":false},"author":9,"featured_media":0,"comment_status":"open","ping_status":"open","sticky":false,"template":"","format":"standard","meta":{"footnotes":""},"categories":[29],"tags":[],"class_list":["post-1310","post","type-post","status-publish","format-standard","hentry","category-internacional"],"aioseo_notices":[],"_links":{"self":[{"href":"https:\/\/espai-marx.net\/index.php?rest_route=\/wp\/v2\/posts\/1310","targetHints":{"allow":["GET"]}}],"collection":[{"href":"https:\/\/espai-marx.net\/index.php?rest_route=\/wp\/v2\/posts"}],"about":[{"href":"https:\/\/espai-marx.net\/index.php?rest_route=\/wp\/v2\/types\/post"}],"author":[{"embeddable":true,"href":"https:\/\/espai-marx.net\/index.php?rest_route=\/wp\/v2\/users\/9"}],"replies":[{"embeddable":true,"href":"https:\/\/espai-marx.net\/index.php?rest_route=%2Fwp%2Fv2%2Fcomments&post=1310"}],"version-history":[{"count":0,"href":"https:\/\/espai-marx.net\/index.php?rest_route=\/wp\/v2\/posts\/1310\/revisions"}],"wp:attachment":[{"href":"https:\/\/espai-marx.net\/index.php?rest_route=%2Fwp%2Fv2%2Fmedia&parent=1310"}],"wp:term":[{"taxonomy":"category","embeddable":true,"href":"https:\/\/espai-marx.net\/index.php?rest_route=%2Fwp%2Fv2%2Fcategories&post=1310"},{"taxonomy":"post_tag","embeddable":true,"href":"https:\/\/espai-marx.net\/index.php?rest_route=%2Fwp%2Fv2%2Ftags&post=1310"}],"curies":[{"name":"wp","href":"https:\/\/api.w.org\/{rel}","templated":true}]}}