{"id":1312,"date":"2010-01-12T00:00:00","date_gmt":"2010-01-12T00:00:00","guid":{"rendered":"https:\/\/espai-marx.net\/?p=1312"},"modified":"2020-02-22T16:47:39","modified_gmt":"2020-02-22T15:47:39","slug":"deconstruyendo-la-pseudoargumentacion-de-un-embajador-de-israel-que-apela-y-defiende-la-identidad-judia-del-estado-etnico-israeli","status":"publish","type":"post","link":"https:\/\/espai-marx.net\/?p=1312","title":{"rendered":"Deconstruyendo la pseudoargumentaci\u00f3n de un embajador de Israel que apela y defiende la identidad jud\u00eda del estado \u00e9tnico israel\u00ed"},"content":{"rendered":"<p><em>A prop\u00f3sito del art\u00edculo \u201cIsrael, Estado jud\u00edo\u201d de Raphael Schutz, embajador de Israel.<\/em><\/p>\n<p>&nbsp;<\/p>\n<p>&nbsp;<\/p>\n<p>No es ninguna inocentada. Se public\u00f3 en el diario espa\u00f1ol P\u00fablico dos d\u00edas despu\u00e9s, mi\u00e9rcoles 30 de diciembre de 2009 [1]. Ser\u00eda una l\u00e1stima que el art\u00edculo pasara desapercibido por ser \u00e9poca de fiestas, encuentros y lectura menos intensa. El argumento, el falsario argumento de Raphael Schutz, embajador de Israel, no s\u00e9 si es distinto (m\u00e1s bien no) pero s\u00ed es claro, rotundamente claro. A la manera cartesiana.<\/p>\n<p>D\u00e9jeme que les ponga -innecesariamente sin duda- en antecedentes sobre el autor. Ignoro si sigue siendo embajador de Israel en Espa\u00f1a pero s\u00ed lo era cuando aquella \u201coperaci\u00f3n\u201d que unos publicistas militaristas llamaron \u201cPlomo fundido\u201d asolaba Gaza a finales de 2008. Mientras la masacre corr\u00eda veloz por tierras palestinas, mientras los cad\u00e1veres de civiles, resistentes, mujeres y ni\u00f1os palestinos iban aumentando en n\u00famero, mientras los convenios y tratados militares eran arrojados a la papelera de los trastos in\u00fatiles, mientras armamento nuclear de baja intensidad (uranio \u201cempobrecido\u201d le llaman) dejaba su huella duradera en tierras empobrecidas e indefensas [2], el se\u00f1or embajador de Israel defend\u00eda la actuaci\u00f3n democr\u00e1tica del estado que representaba, su derecho a la leg\u00edtima defensa, a la justa guerra emprendida contra los peligrosos e inadmisibles ataques de Hamas y la poblaci\u00f3n radicalizada de Gaza. Lean, vayan a las hemerotecas o naveguen por p\u00e1ginas de la red.<\/p>\n<p>Entre sus intervenciones de aquellos d\u00edas destaca el varapalo dirigido contra el conseller de Interior de la Generalitat de Catalunya por haber acudido a una muy concurrida manifestaci\u00f3n ciudadana en la que se criticaba la criminal actuaci\u00f3n del Estado que el se\u00f1or Schutz representa y defiende con tanta devoci\u00f3n y entusiasmo. \u00a1Hay que ser muy consciente que se tiene mando en plaza, hay que tener certeza sobre quien manda realmente, para desaprobar p\u00fablicamente, more embajador, la acci\u00f3n ciudadana de un conseller de un pa\u00eds que no es el propio!. Ni que decir tiene que la se\u00f1ora Rahola (una intelectual org\u00e1nica sionista catalana, cada vez m\u00e1s insoportable, cada vez m\u00e1s amiga de la extrema derecha israel\u00ed) corri\u00f3 entusiasmada a aplaudir las cr\u00edticas de su se\u00f1or embajador, del se\u00f1or embajador de Israel quer\u00edamos decir.<\/p>\n<p>La intervenci\u00f3n de Schutz en la pol\u00edtica interna de otro Estado sent\u00f3 precedente. El art\u00edculo que, incomprensiblemente en mi opini\u00f3n, publica hoy P\u00fablico [3] tiene un objetivo expl\u00edcito: intervenir esta vez en la pol\u00edtica europea aleccionando al se\u00f1or Zapatero, futuro presidente de la UE durante el primer semestre de 2010, sobre un punto que el embajador de Israel considera esencial en el debate p\u00fablico internacional y del que, seg\u00fan \u00e9l mismo dice, apenas se hace menci\u00f3n: la identidad jud\u00eda de Israel. Si la soluci\u00f3n, son dos estados, se\u00f1ala, c\u00f3mo ser\u00edan esos estados, de qu\u00e9 estar\u00e1n compuestos socialmente viene a decir, qu\u00e9 uniformidad es exigible, a qu\u00e9 identidad \u00fanica debe aspirarse. Sin ocultaciones, a las claras.<\/p>\n<p>RS inicia su art\u00edculo recordando Theodor Herzl, El Estado de los jud\u00edos y su tesis central: \u201cla \u00fanica manera de garantizar la supervivencia de los jud\u00edos era que tuvieran su propio Estado-naci\u00f3n\u201d. La identidad de Israel es uno de los asuntos primordiales que deben incluirse en el di\u00e1logo con el mundo \u00e1rabe-musulm\u00e1n prosigue.<\/p>\n<p>El debate p\u00fablico se centra en general s\u00f3lo en la perspectiva palestino-israel\u00ed y casi exclusivamente en la dimensi\u00f3n territorial. Las f\u00f3rmulas son de todos conocidas: \u201cTerritorios a cambio de paz\u201d, \u201cuna soluci\u00f3n de dos estados\u201d, etc. Casi no se hace referencia a la identidad. Si la soluci\u00f3n es de dos estados, \u00bfc\u00f3mo ser\u00edan estos?<\/p>\n<p>RS sostiene que la importancia de la identidad jud\u00eda para Israel todav\u00eda no se entiende suficientemente en Europa. \u00bfC\u00f3mo deber\u00edamos entender esta noci\u00f3n? De la manera siguiente, tomen nota de la lecci\u00f3n magistral del se\u00f1or embajador:<\/p>\n<p>En Israel, se\u00f1ala, existen c\u00edrculos ultrarreligiosos para los que la noci\u00f3n \u201cEstado jud\u00edo\u201d significa que el Estado debe regirse por las leyes del juda\u00edsmo. Sin refutarla, sin pronunciarse expl\u00edcitamente en contra de esa tesis fundamentalista, el se\u00f1or embajador se\u00f1ala que esa es, por el momento, una actitud minoritaria. No cuenta, o cuanto menos no cuenta decisivamente. Es el espantap\u00e1jaros que conviene se\u00f1alar y agitar la tarde de los mi\u00e9rcoles de ceniza y los s\u00e1bados festivos.<\/p>\n<p>Para la mayor parte de los israel\u00edes jud\u00edos, apunta RS, identidad jud\u00eda significa que \u201cIsrael es el hogar del pueblo jud\u00edo\u201d. Israel es el \u00fanico pa\u00eds del mundo de mayor\u00eda jud\u00eda y de ah\u00ed se derivan las peculiaridades de su vida cotidiana. \u00bfQu\u00e9 peculiaridades? Que el d\u00eda del descanso es el s\u00e1bado y no el domingo ni el viernes, que las celebraciones del resto de los d\u00edas festivos se derivan de la religi\u00f3n jud\u00eda y no del budismo por ejemplo, y que la cultura israel\u00ed se expresa en hebreo, la lengua b\u00edblica [4]. Es decir, fiestas de guardar y lengua, esos son los dos rasgos decisivos de lo que el se\u00f1or embajador llama \u201cidentidad jud\u00eda\u201d..<\/p>\n<p>Ahora bien, sostiene a continuaci\u00f3n RS, no hace falta \u201cser religioso practicante para participar de la cultura jud\u00eda contempor\u00e1nea\u201d. \u00bfNo hacer falta ser religioso practicante pero s\u00ed religioso? \u00bfEst\u00e1n excluidos entonces de la identidad jud\u00eda los agn\u00f3sticos, los ateos, los indiferentes, los ciudadanos israel\u00edes que sean cat\u00f3licos, musulmanes, evangelistas o anglicanos, por ejemplo? Si no fuera as\u00ed, si dejamos las creencias religiosas al margen, nos queda \u00fanicamente la lengua hebrea. No parece transitar esta conclusi\u00f3n monoling\u00fc\u00edstica por el sendero se\u00f1alado por el se\u00f1or embajador. Nos queda, pues, el hebreo y la religiosidad, se practique o se mantenga \u00e9sta por tradici\u00f3n, por presi\u00f3n social o por miedo.<\/p>\n<p>Pero, \u00bfno ha habido cultura jud\u00eda antes y despu\u00e9s de la creaci\u00f3n del Estado de Israel? Sin duda, c\u00f3mo negar este punto, pero en opini\u00f3n de RS la cuesti\u00f3n no es relevante. Y no lo es porque:<\/p>\n<p>La historia ha demostrado que no podemos conformarnos con ser una minor\u00eda en manos de la buena voluntad de una mayor\u00eda. Tenemos derecho a vivir de forma soberana en nuestro propio Estado. Este argumento est\u00e1 grabado en el ADN israel\u00ed colectivo e individual.<\/p>\n<p>M\u00e1s all\u00e1 del sentido de la afirmaci\u00f3n de que la Historia haya demostrado algo, sea lo que sea, RS sostiene que los ciudadanos que se identifican con la identidad jud\u00eda, tal como \u00e9l la ha enunciado, ellos y s\u00f3lo ellos, tienen derecho a vivir en su propio estado, en el estado \u00e9tnico de Israel. El argumento -\u00bfqu\u00e9 argumento por cierto?- tiene atributos no s\u00f3lo hist\u00f3ricos sino \u201cnaturales\u201d, gen\u00e9ticos: es parte del ADN, no s\u00f3lo de la colectividad jud\u00eda de Israel sino de todos los jud\u00edo, sin exclusiones, que viven en Israel. \u00bfS\u00f3lo de estos ciudadanos jud\u00edos? Por lo dem\u00e1s, si est\u00e1 inscrito en el ADN parece obvio que su alteraci\u00f3n s\u00f3lo puede deberse a mutaciones o a combinaciones-fusiones con otros ADN,s.<\/p>\n<p>Pero, \u00bfqu\u00e9 pasa con los ciudadanos no jud\u00edos que viven en Israel? \u00bfD\u00f3nde quedan sus derechos? Como la paradoja sangrante es evidente dada la etnicidad exclusivista defendida, RS construye un, digamos, razonamiento para la ocasi\u00f3n: el hecho de que Israel sea un Estado jud\u00edo no impide que sus habitantes no jud\u00edos ejerzan plenos (sic) derechos civiles. \u00bfQu\u00e9 derechos civiles son esos? Derecho a votar, a ser votado y a ocupar cualquier cargo se\u00f1ala el se\u00f1or embajador. \u00bfCualquier cargo? \u00bfSe imaginan un ciudadano palestino residente en Israel como primer ministro?<\/p>\n<p>Desde luego, prosigue RS, quien no menta el derecho a la propiedad de tierras por ejemplo, tampoco se impide que disfruten de las libertades individuales y de la libertad de culto, como las libertades concedidas al se\u00f1or Vanunu, por ejemplo. Pero, al mismo tiempo, concluye RS, \u201cno se pueden admitir las reivindicaciones nacionalistas de las minor\u00edas no jud\u00edas de Israel\u201d. \u00bfY por qu\u00e9 no se pueden admitir? Pues porque no. El resto argumentativo es silencio y el retorno de los refugiados palestinos expropiados y expulsados queden disuelto en el aire como una pompa jabonosa.<\/p>\n<p>Las cuestiones tratadas no son meramente te\u00f3ricas, advierte RS, est\u00e1n \u201cen el trasfondo del continuo debate sobre las relaciones de Israel con el mundo \u00e1rabe-musulm\u00e1n que le rodea\u201d. El mundo \u00e1rabe-musulm\u00e1n (el gui\u00f3n y la biyecci\u00f3n \u00e1rabe=musulm\u00e1n no son inocentes desde luego) debe reconocer su derecho a vivir como jud\u00edos en su Estado<\/p>\n<p>Muchas personas acusan a Israel de militarismo, recuerda el se\u00f1or embajador entusiasta del plomo fundido, quien no oculta que en su opini\u00f3n a veces, s\u00f3lo a veces, \u201cen el sistema israel\u00ed de toma de decisiones, las consideraciones en materia de seguridad pesan m\u00e1s de lo que deber\u00edan\u201d. Pero no es una cuesti\u00f3n ideol\u00f3gica: est\u00e1 en funci\u00f3n de las singulares condiciones existenciales de Israel.<\/p>\n<p>No hay otro pa\u00eds en el mundo que est\u00e9 expuesto a amenazas de aniquilaci\u00f3n expresas y recurrentes por parte del presidente de otro Estado (Ir\u00e1n) respaldadas por una carrera nuclear.<\/p>\n<p>Sic. \u00a1Carrera nuclear de Ir\u00e1n! \u00a1Amenazas de aniquilaci\u00f3n de Israel! Dicho ello por el representante pol\u00edtico de un estado armado at\u00f3micamente hasta los dientes que hace apenas un a\u00f1o masacr\u00f3 a una poblaci\u00f3n casi indefensa trasgrediendo innumerables normas b\u00e9licas y principios b\u00e1sicos del derecho internacional.<\/p>\n<p>Conclusi\u00f3n del se\u00f1or embajador: el car\u00e1cter jud\u00edo de Israel es esencial al abordar la cuesti\u00f3n palestino-israel\u00ed: cuando se habla de la soluci\u00f3n de dos estados debe quedar claro que el Estado palestino es la respuesta a \u2013y la culminaci\u00f3n, a\u00f1ade el se\u00f1or embajador para que quede meridianamente clara su tesis- las aspiraciones nacionales de los palestinos, y una Israel jud\u00eda, con anexos sociales de segundo grado civilmente debilitados, es la culminaci\u00f3n de las aspiraciones de la comunidad jud\u00eda. Y ya est\u00e1, color\u00edn, colorado, el mapa pol\u00edtico est\u00e1 resuelto: los arrabales atravesados por colonos para palestinos y palestinas empobrecidos y sin medios, y sin apenas Estado; la Palestina conquistada, con anexiones posteriores, para una comunidad jud\u00eda uniforme con identidad abonada y agitada, m\u00e1s sectores sociales marginales, \u00e1rabes o no, que ser\u00e1n probablemente, cuando la ocasi\u00f3n lo requiera, \u201cmano de obra\u201d barata civilmente invisible, y los refugiados palestinos que han sido expulsados de tus tierras y lugares\u2026 que sigan expulsados y en el limbo de los perdedores.<\/p>\n<p>Si no es el caso, finaliza el se\u00f1or embajador, la soluci\u00f3n buscada carecer\u00eda de l\u00f3gica. \u00a1De l\u00f3gica\u2026! La soluci\u00f3n que \u00e9l defiende, en cambio, anda plet\u00f3rica de ella, de la l\u00f3gica del dominador que blande su espada (at\u00f3mica por supuesto) a quien ose rebelarse, a quien se\u00f1ale una valija diplom\u00e1tica llena de argumentos falaces.<\/p>\n<p>Notas:<\/p>\n<p>[1] Raphael Schutz, \u201cIsrael, Estado jud\u00edo\u201d. P\u00fablico, 30 de diciembre de 2009, p. 5.<\/p>\n<p>[2] V\u00e9ase, por ejemplo, Alan Hart \u201c\u00bfUn monstruo fuera de control?\u201d, <a href=\"http:\/\/www.rebelion.org\/noticia.php?id=97817\">http:\/\/www.rebelion.org\/noticia.php?id=97817<\/a> (traducci\u00f3n de Germ\u00e1n Leyens) y Ali Abunimah: \u201cIsrael se parece a un Estado fallido\u201d <a href=\"http:\/\/www.rebelion.org\/noticia.php?id=97879\">http:\/\/www.rebelion.org\/noticia.php?id=97879<\/a>. (traducci\u00f3n de Beatriz Morales Bastos).<\/p>\n<p>[3] \u00bfQu\u00e9 raz\u00f3n puede haber para que P\u00fablico publique un art\u00edculo de estas caracter\u00edsticas, impura propaganda pol\u00edtica del representante de un Estado que se publicita por doquier todos los d\u00edas del mes y del a\u00f1o, incluidas las fiestas de guardar, domingos o s\u00e1bados, tanto da? \u00bfHabr\u00e1 alguna recompensa econ\u00f3mica escondida? \u00bfEs propiamente un art\u00edculo de opini\u00f3n? \u201cLas desdichas crecen las firmezas\u201d: la cita de Lope de Vega que encabeza la p\u00e1gina de edici\u00f3n del art\u00edculo debe ser pista decisiva.<\/p>\n<p>[4] Los cinco cient\u00edficos israel\u00edes que han ganado el premio Nobel en los \u00faltimos siete a\u00f1os, sostiene el se\u00f1or embajador, tambi\u00e9n trabajan y piensan en hebreo.. Al margen del sentido de pensar en hebreo (o en catal\u00e1n, por ejemplo), dudo, de hecho es imposible, que esos cinco cient\u00edficos piensen y trabajen s\u00f3lo en hebreo.<\/p>\n<p>.<\/p>\n","protected":false},"excerpt":{"rendered":"<p>A prop\u00f3sito del art\u00edculo \u201cIsrael, Estado jud\u00edo\u201d de Raphael Schutz, embajador de Israel.<\/p>\n<p>\u00a0<\/p>\n<p>Deconstruyendo la pseudoargumentaci\u00f3n de un embajador de Israel que apela y defiende la identidad jud\u00eda del estado \u00e9tnico israel\u00ed.<\/p>\n<p>\u00a0<\/p>\n<p>Salvador L\u00f3pez Arnal<\/p>\n<p>\u00a0<\/p>\n","protected":false},"author":9,"featured_media":0,"comment_status":"open","ping_status":"open","sticky":false,"template":"","format":"standard","meta":{"footnotes":""},"categories":[29],"tags":[],"class_list":["post-1312","post","type-post","status-publish","format-standard","hentry","category-internacional"],"aioseo_notices":[],"_links":{"self":[{"href":"https:\/\/espai-marx.net\/index.php?rest_route=\/wp\/v2\/posts\/1312","targetHints":{"allow":["GET"]}}],"collection":[{"href":"https:\/\/espai-marx.net\/index.php?rest_route=\/wp\/v2\/posts"}],"about":[{"href":"https:\/\/espai-marx.net\/index.php?rest_route=\/wp\/v2\/types\/post"}],"author":[{"embeddable":true,"href":"https:\/\/espai-marx.net\/index.php?rest_route=\/wp\/v2\/users\/9"}],"replies":[{"embeddable":true,"href":"https:\/\/espai-marx.net\/index.php?rest_route=%2Fwp%2Fv2%2Fcomments&post=1312"}],"version-history":[{"count":0,"href":"https:\/\/espai-marx.net\/index.php?rest_route=\/wp\/v2\/posts\/1312\/revisions"}],"wp:attachment":[{"href":"https:\/\/espai-marx.net\/index.php?rest_route=%2Fwp%2Fv2%2Fmedia&parent=1312"}],"wp:term":[{"taxonomy":"category","embeddable":true,"href":"https:\/\/espai-marx.net\/index.php?rest_route=%2Fwp%2Fv2%2Fcategories&post=1312"},{"taxonomy":"post_tag","embeddable":true,"href":"https:\/\/espai-marx.net\/index.php?rest_route=%2Fwp%2Fv2%2Ftags&post=1312"}],"curies":[{"name":"wp","href":"https:\/\/api.w.org\/{rel}","templated":true}]}}