{"id":13152,"date":"2023-01-26T05:00:25","date_gmt":"2023-01-26T04:00:25","guid":{"rendered":"https:\/\/espai-marx.net\/?p=13152"},"modified":"2023-01-26T04:53:40","modified_gmt":"2023-01-26T03:53:40","slug":"incorporacion-a-nuestra-biblioteca-electronica-conversaciones-con-lukacs-arnold-hauser","status":"publish","type":"post","link":"https:\/\/espai-marx.net\/?p=13152","title":{"rendered":"Incorporaci\u00f3n a nuestra biblioteca electr\u00f3nica: <i>Conversaciones con Luk\u00e1cs<\/i> \/ Arnold Hauser"},"content":{"rendered":"<p>Hemos incorporado a nuestra biblioteca electr\u00f3nica, Els Arbres de Fahrenheit, esta conversaci\u00f3n por radio entre Georg Luk\u00e1cs, Budapest, y Arnold Hauser, Londres, grabada por la radiodifu\u00adsi\u00f3n h\u00fangara en el a\u00f1o 1969.<\/p>\n<p>&nbsp;<\/p>\n<p><a href=\"https:\/\/espai-marx.net\/wp-content\/uploads\/2023\/01\/Conversaciones-con-Lukacs.jpg\"><img loading=\"lazy\" decoding=\"async\" class=\"alignleft wp-image-13153\" src=\"https:\/\/espai-marx.net\/wp-content\/uploads\/2023\/01\/Conversaciones-con-Lukacs.jpg\" alt=\"\" width=\"199\" height=\"326\" srcset=\"https:\/\/espai-marx.net\/wp-content\/uploads\/2023\/01\/Conversaciones-con-Lukacs.jpg 300w, https:\/\/espai-marx.net\/wp-content\/uploads\/2023\/01\/Conversaciones-con-Lukacs-183x300.jpg 183w\" sizes=\"auto, (max-width: 199px) 100vw, 199px\" \/><\/a>\u00ab<strong><span dir=\"ltr\" role=\"presentation\">Pr\u00f3logo<\/span><\/strong><\/p>\n<p><span dir=\"ltr\" role=\"presentation\">El presente<\/span> <span dir=\"ltr\" role=\"presentation\">libro<\/span> <span dir=\"ltr\" role=\"presentation\">no contiene nada<\/span> <span dir=\"ltr\" role=\"presentation\">que<\/span> <span dir=\"ltr\" role=\"presentation\">no hubiese<\/span> <span dir=\"ltr\" role=\"presentation\">yo <\/span><span dir=\"ltr\" role=\"presentation\">tratado antes. Sus problemas objetivos los he examinado en<\/span> <span dir=\"ltr\" role=\"presentation\">mis publicaciones anteriores de forma m\u00e1s profunda, amplia<\/span> <span dir=\"ltr\" role=\"presentation\">y compleja de lo que ser\u00e1n tratados aqu\u00ed. Pero su trasfondo <\/span><span dir=\"ltr\" role=\"presentation\">subjetivo, su origen vivencial en relaci\u00f3n a la existencia real <\/span><span dir=\"ltr\" role=\"presentation\">y a la evoluci\u00f3n espiritual del autor quedaron, no obstante, <\/span><span dir=\"ltr\" role=\"presentation\">sin mencionar y aclarar: Precisamente este va a ser el aspec<\/span><span dir=\"ltr\" role=\"presentation\">to<\/span> <span dir=\"ltr\" role=\"presentation\">que constituir\u00e1<\/span> <span dir=\"ltr\" role=\"presentation\">el<\/span> <span dir=\"ltr\" role=\"presentation\">primer plano y el punto significativo <\/span><span dir=\"ltr\" role=\"presentation\">de las siguientes conversaciones.<\/span><\/p>\n<p><span dir=\"ltr\" role=\"presentation\">El receptor de<\/span> <span dir=\"ltr\" role=\"presentation\">una transmisi\u00f3n de radio y de televisi\u00f3n <\/span><span dir=\"ltr\" role=\"presentation\">notar\u00e1<\/span> <span dir=\"ltr\" role=\"presentation\">inmediatamente,<\/span> <span dir=\"ltr\" role=\"presentation\">como<\/span> <span dir=\"ltr\" role=\"presentation\">posterior<\/span> <span dir=\"ltr\" role=\"presentation\">lector<\/span> <span dir=\"ltr\" role=\"presentation\">del<\/span> <span dir=\"ltr\" role=\"presentation\">texto,<\/span> <span dir=\"ltr\" role=\"presentation\">las diferencias ling\u00fc\u00edsticas, estil\u00edsticas<\/span> <span dir=\"ltr\" role=\"presentation\">y<\/span> <span dir=\"ltr\" role=\"presentation\">de entonaci\u00f3n entre <\/span><span dir=\"ltr\" role=\"presentation\">ambas<\/span> <span dir=\"ltr\" role=\"presentation\">formas<\/span> <span dir=\"ltr\" role=\"presentation\">de<\/span> <span dir=\"ltr\" role=\"presentation\">comunicaci\u00f3n. Luk\u00e1cs<\/span> <span dir=\"ltr\" role=\"presentation\">se ha referido ya <\/span><span dir=\"ltr\" role=\"presentation\">a<\/span> <span dir=\"ltr\" role=\"presentation\">semejantes<\/span> <span dir=\"ltr\" role=\"presentation\">desfases<\/span> <span dir=\"ltr\" role=\"presentation\">en<\/span> <span dir=\"ltr\" role=\"presentation\">general,<\/span> <span dir=\"ltr\" role=\"presentation\">acentuando su justifica<\/span><span dir=\"ltr\" role=\"presentation\">ci\u00f3n y hasta su necesidad:<\/span> <span dir=\"ltr\" role=\"presentation\">\u00abUn discurso no es un escrito y <\/span><span dir=\"ltr\" role=\"presentation\">un escrito no es un<\/span> <span dir=\"ltr\" role=\"presentation\">discurso\u00bb, le he o\u00eddo decir repetidas ve<\/span><span dir=\"ltr\" role=\"presentation\">ces.<\/span> <span dir=\"ltr\" role=\"presentation\">El<\/span> <span dir=\"ltr\" role=\"presentation\">lector<\/span> <span dir=\"ltr\" role=\"presentation\">queda<\/span> <span dir=\"ltr\" role=\"presentation\">avisado desde un principio de la exis<\/span><span dir=\"ltr\" role=\"presentation\">tencia de esas diferencias respecto del original as\u00ed como de <\/span><span dir=\"ltr\" role=\"presentation\">su frecuencia, a la que ha de acostumbrarse.<\/span><\/p>\n<p><span dir=\"ltr\" role=\"presentation\">Todav\u00eda habr\u00eda<\/span> <span dir=\"ltr\" role=\"presentation\">que decir algunas palabras sobre la pecu<\/span><span dir=\"ltr\" role=\"presentation\">liaridad<\/span> <span dir=\"ltr\" role=\"presentation\">del \u00faltimo<\/span> <span dir=\"ltr\" role=\"presentation\">cap\u00edtulo,<\/span> <span dir=\"ltr\" role=\"presentation\">que no es<\/span> <span dir=\"ltr\" role=\"presentation\">ninguna conversa<\/span><span dir=\"ltr\" role=\"presentation\">ci\u00f3n,<\/span> <span dir=\"ltr\" role=\"presentation\">sino<\/span> <span dir=\"ltr\" role=\"presentation\">que <\/span><span dir=\"ltr\" role=\"presentation\">contiene<\/span> <span dir=\"ltr\" role=\"presentation\">una disquisici\u00f3n<\/span> <span dir=\"ltr\" role=\"presentation\">objetiva,<\/span> <span dir=\"ltr\" role=\"presentation\">con<\/span> <span dir=\"ltr\" role=\"presentation\">lo<\/span> <span dir=\"ltr\" role=\"presentation\">que se desv\u00eda de las otras partes del libro. Se ocupa del idea<\/span><span dir=\"ltr\" role=\"presentation\">rio de Luk\u00e1cs e intenta explicar la relaci\u00f3n del autor hacia <\/span><span dir=\"ltr\" role=\"presentation\">\u00e9l,<\/span> <span dir=\"ltr\" role=\"presentation\">exponiendo y justificando<\/span> <span dir=\"ltr\" role=\"presentation\">el<\/span> <span dir=\"ltr\" role=\"presentation\">pensamiento<\/span> <span dir=\"ltr\" role=\"presentation\">pol\u00edtico co<\/span><span dir=\"ltr\" role=\"presentation\">m\u00fan de ambos.<\/span><\/p>\n<p><span dir=\"ltr\" role=\"presentation\">Del mismo modo que Luk\u00e1cs fue atacado en su tiempo a <\/span><span dir=\"ltr\" role=\"presentation\">causa de su denominado \u00aboportunismo\u00bb, tambi\u00e9n yo<\/span> <span dir=\"ltr\" role=\"presentation\">fui<\/span> <span dir=\"ltr\" role=\"presentation\">criti<\/span><span dir=\"ltr\" role=\"presentation\">cado por mi\u00a0 socialismo del<\/span> <span dir=\"ltr\" role=\"presentation\">\u00abas\u00ed,<\/span> <span dir=\"ltr\" role=\"presentation\">pero tambi\u00e9n as\u00ed\u00bb&#8216;. Las consi<\/span><span dir=\"ltr\" role=\"presentation\">deraciones sobre el principio del<\/span> <em><span dir=\"ltr\" role=\"presentation\">tertium datur<\/span><\/em> <span dir=\"ltr\" role=\"presentation\">tienen por fi<\/span><span dir=\"ltr\" role=\"presentation\">nalidad demostrar\u00a0 que tambi\u00e9n este \u00absocialismo\u00bb es a\u00fan<\/span> <span dir=\"ltr\" role=\"presentation\">so<\/span><span dir=\"ltr\" role=\"presentation\">cialismo.<\/span> <span dir=\"ltr\" role=\"presentation\">Al<\/span> <span dir=\"ltr\" role=\"presentation\">m\u00e1s \u00edntimo conocedor de<\/span> <span dir=\"ltr\" role=\"presentation\">las<\/span> <span dir=\"ltr\" role=\"presentation\">relaciones todo esto <\/span><span dir=\"ltr\" role=\"presentation\">le evocar\u00e1 el plan del joven Mannheim de escribir una come<\/span><span dir=\"ltr\" role=\"presentation\">dia titulada<\/span> <span dir=\"ltr\" role=\"presentation\"><em>Tambi\u00e9n esto es Amor<\/em>,<\/span> <span dir=\"ltr\" role=\"presentation\">as\u00ed como la forma oca<\/span><span dir=\"ltr\" role=\"presentation\">sionalmente<\/span> <span dir=\"ltr\" role=\"presentation\">parad\u00f3jica<\/span> <span dir=\"ltr\" role=\"presentation\">de<\/span> <span dir=\"ltr\" role=\"presentation\">manifestar en su verdad y com<\/span><span dir=\"ltr\" role=\"presentation\">plejidad nuestro hacer y deshacer.<\/span><\/p>\n<p><span dir=\"ltr\" role=\"presentation\">Budapest, agosto<\/span> <span dir=\"ltr\" role=\"presentation\">1977<\/span><\/p>\n<p><span dir=\"ltr\" role=\"presentation\">Arnold Hauser\u00bb<\/span><\/p>\n<p>Descarga: <a href=\"https:\/\/espai-marx.net\/elsarbres\/wp-content\/uploads\/2023\/01\/Arnold-Hauser-Conversaciones-con-Lukacs-Editorial-Labor-1979.pdf\">Arnold Hauser &#8211; Conversaciones con Luk\u00e1cs (1979)<\/a> (PDF)<\/p>\n","protected":false},"excerpt":{"rendered":"<p>Hemos incorporado a nuestra biblioteca electr\u00f3nica, Els Arbres de Fahrenheit, esta conversaci\u00f3n por radio entre Georg Luk\u00e1cs, Budapest, y Arnold<\/p>\n","protected":false},"author":5,"featured_media":13155,"comment_status":"open","ping_status":"open","sticky":false,"template":"","format":"standard","meta":{"footnotes":""},"categories":[825,8,1547],"tags":[1942,1943],"class_list":["post-13152","post","type-post","status-publish","format-standard","has-post-thumbnail","hentry","category-elsarbres","category-filosofia","category-georg-lukacs","tag-arnold-hauser","tag-conversaciones-con-lukacs"],"aioseo_notices":[],"_links":{"self":[{"href":"https:\/\/espai-marx.net\/index.php?rest_route=\/wp\/v2\/posts\/13152","targetHints":{"allow":["GET"]}}],"collection":[{"href":"https:\/\/espai-marx.net\/index.php?rest_route=\/wp\/v2\/posts"}],"about":[{"href":"https:\/\/espai-marx.net\/index.php?rest_route=\/wp\/v2\/types\/post"}],"author":[{"embeddable":true,"href":"https:\/\/espai-marx.net\/index.php?rest_route=\/wp\/v2\/users\/5"}],"replies":[{"embeddable":true,"href":"https:\/\/espai-marx.net\/index.php?rest_route=%2Fwp%2Fv2%2Fcomments&post=13152"}],"version-history":[{"count":0,"href":"https:\/\/espai-marx.net\/index.php?rest_route=\/wp\/v2\/posts\/13152\/revisions"}],"wp:featuredmedia":[{"embeddable":true,"href":"https:\/\/espai-marx.net\/index.php?rest_route=\/wp\/v2\/media\/13155"}],"wp:attachment":[{"href":"https:\/\/espai-marx.net\/index.php?rest_route=%2Fwp%2Fv2%2Fmedia&parent=13152"}],"wp:term":[{"taxonomy":"category","embeddable":true,"href":"https:\/\/espai-marx.net\/index.php?rest_route=%2Fwp%2Fv2%2Fcategories&post=13152"},{"taxonomy":"post_tag","embeddable":true,"href":"https:\/\/espai-marx.net\/index.php?rest_route=%2Fwp%2Fv2%2Ftags&post=13152"}],"curies":[{"name":"wp","href":"https:\/\/api.w.org\/{rel}","templated":true}]}}