{"id":13171,"date":"2023-01-29T05:00:32","date_gmt":"2023-01-29T04:00:32","guid":{"rendered":"https:\/\/espai-marx.net\/?p=13171"},"modified":"2023-01-29T09:41:55","modified_gmt":"2023-01-29T08:41:55","slug":"reflexiones-de-un-cientifico-humanamente-concernido","status":"publish","type":"post","link":"https:\/\/espai-marx.net\/?p=13171","title":{"rendered":"Reflexiones de un cient\u00edfico humanamente concernido"},"content":{"rendered":"<p>Rese\u00f1a de: Miquel Porta,<em> Epidemiolog\u00eda cercana. La salud p\u00fablica, la carne y el oxidado cuchillo del miedo<\/em>, Madrid: Triacastela, 2022, 342 p\u00e1ginas (pr\u00f3logo de Pampa Molina, ep\u00edlogo de Miguel Hern\u00e1n)<\/p>\n<p>&nbsp;<\/p>\n<p><a href=\"https:\/\/espai-marx.net\/wp-content\/uploads\/2023\/01\/epidemiologia-cercana.jpg\"><img loading=\"lazy\" decoding=\"async\" class=\"alignleft wp-image-13172\" src=\"https:\/\/espai-marx.net\/wp-content\/uploads\/2023\/01\/epidemiologia-cercana.jpg\" alt=\"\" width=\"206\" height=\"312\" srcset=\"https:\/\/espai-marx.net\/wp-content\/uploads\/2023\/01\/epidemiologia-cercana.jpg 396w, https:\/\/espai-marx.net\/wp-content\/uploads\/2023\/01\/epidemiologia-cercana-198x300.jpg 198w\" sizes=\"auto, (max-width: 206px) 100vw, 206px\" \/><\/a>No es <em>Epidemiolog\u00eda cercana<\/em> un libro \u2013\u00a1de hermos\u00edsima portada!: Jaume Plensa, <em>Behind the walls<\/em>\u2013 dirigido exclusivamente a cient\u00edficos naturales, cient\u00edficos sociales, epidemi\u00f3logos o fil\u00f3sofos de la ciencia. El ciudadano concernido, que quiere ejercer de tal, es tambi\u00e9n destinatario de este ensayo (siempre comprensible, no escrito intencionadamente para especialistas) de un cient\u00edfico humanista con marcada sensibilidad po\u00e9tica (Le\u00f3n Felipe, Erich Fried, Francisco Brines): \u00abSin par\u00e1bolas, relatos y poes\u00eda la vida no tiene sentido. Y adem\u00e1s es imposible: vivir sin poes\u00eda, canciones, arte, filosof\u00eda. Sin artes y humanidades solo ser\u00edamos peces boqueando en un cesto\u00bb.<\/p>\n<p>Lo esencial de <em>Epidemiolog\u00eda cercana<\/em> lo se\u00f1ala Pampa Molina, coordinadora de la Agencia SINC, en el pr\u00f3logo: \u00abLes animo a leer este libro, organizado por cap\u00edtulos que se pueden leer de manera independiente, en el que encontrar\u00e1n ciencia, humanismo, pol\u00edtica, literatura, jazz, hedonismo y ternura; y en el que tiene un papel protagonista el placer [t\u00e9rmino muy presente en el libro, desde el primer cap\u00edtulo]. Porque ah\u00ed afuera, y dentro de cada uno, hay millones de riesgos para nuestra salud que debemos conocer y valorar, pero no nos olvidemos de que todo esto va de disfrutar. De entregarnos a una vida placentera\u00bb. Uno no est\u00e1 tan convencido como la prologuista de que \u00abtodo esto\u00bb vaya solo de disfrutar, de entregarnos a una vida placentera (en mi opini\u00f3n, tampoco el autor, que es un epic\u00fareo cl\u00e1sico, no un hedonista sin frenada), pero coincido con ella en la recomendaci\u00f3n: yo tambi\u00e9n les animo a leer (y releer y comentar) este libro del cient\u00edfico-humanista Miquel Porta (Les llamo la atenci\u00f3n sobre las siempre interesantes observaciones epistemol\u00f3gicas que el autor nos brinda a lo largo de las p\u00e1ginas del libro).<\/p>\n<p>Forman <em>Epidemiolog\u00eda cercana<\/em> el pr\u00f3logo de Pampa Molina, una nota del autor, 27 cap\u00edtulos, el ep\u00edlogo de Miguel Hern\u00e1n, un apartado de agradecimientos y dos \u00edndices (de temas y nombres). Son cuatro las citas elegidas por MP como obertura de su obra: Le\u00f3n Felipe, Francisco Brines, Jorge Wagensberg y Eduardo Galeano. La de Wagensberg dice as\u00ed: \u00abLa felicidad requiere que el futuro sea incierto.\u00bb Otra de Weil, que encabeza el art\u00edculo 3 (y que hubiera sido del agrado de Francisco Fern\u00e1ndez Buey), probablemente sea central para el autor: \u00abLa alegr\u00eda es la plenitud del sentimiento de lo real.\u00bb<\/p>\n<p>Para MP, se\u00f1ala Miguel Hern\u00e1n en su ep\u00edlogo, la epidemiolog\u00eda es \u00abuna ciencia inherentemente integrativa e inextricablemente conectada con las ciencias sociales y biol\u00f3gicas, la medicina, las humanidades, el arte y la pol\u00edtica (en el buen sentido de la palabra)\u00bb. Una buena parte del libro \u00abest\u00e1 dedicada a la conexi\u00f3n entre epidemiolog\u00eda y las pol\u00edticas de salud p\u00fablica, porque una buena investigaci\u00f3n y una buena infraestructura epidemiol\u00f3gica son componentes fundamentales de un buen sistema de salud p\u00fablica y de todo estado de bienestar moderno\u00bb. Hern\u00e1n da en la diana.<\/p>\n<p>Como antes les se\u00f1alaba, no es <em>Epidemiolog\u00eda cercana<\/em> un libro escrito solo para especialistas. El autor lo se\u00f1ala en su nota de introducci\u00f3n: \u00abEste libro va destinado, en primer lugar, a personas no especializadas en los temas que trata. Y ello es as\u00ed con la certeza de que tambi\u00e9n agradar\u00e1 a muchos especialistas, que lo son de sus campos peor no son especialistas en epidemiolog\u00eda y salud p\u00fablica\u00bb. Gustar\u00e1, as\u00ed lo espera el autor, \u00abpor la mirada que ofrece, m\u00e1s amplia y plural que la que adoptan otros textos sobre cuestiones cient\u00edficas y sociales. Y por su integraci\u00f3n de las dimensiones humanas, culturales, pol\u00edticas, t\u00e9cnicas y cient\u00edficas de las cuestiones de epidemiolog\u00eda, salud p\u00fablica y medicina que aborda\u00bb. Ciencia-humanista para la ciudadan\u00eda, ciencia para el pueblo, si se me permite la expresi\u00f3n. Con lucidez y verdad, con heterodoxia cr\u00edtica cuando es necesario: \u00abEn efecto, no es balad\u00ed que, al lado de pol\u00edticos de centro-izquierda e izquierda, algunos pol\u00edticos que juegan en equipos formalmente de derechas tambi\u00e9n se opusieran a renovar el permiso el glifosato. Son de pa\u00edses como Finlandia; su f\u00fatbol lo seguimos poco. Esa oposici\u00f3n muestra que hay equipos \u2013\u00bfde derechas?\u2013 m\u00e1s audaces en la defensa de la salud p\u00fablica y el medio ambiente que otras opciones supuestamente de izquierdas.\u00bb (p. 54).<\/p>\n<p>Para fortuna de los lectores, son muy diversos (pero con hilos que enlazan) los temas tratados: glifosato, DDT, causas del c\u00e1ncer, uso de las met\u00e1foras en ciencia, obesidad, el goce de la m\u00fasica, divulgaci\u00f3n cient\u00edfica, lealtad institucional, complejidad del mundo sist\u00e9mico versus obsolescencia de las din\u00e1micas pol\u00edticas, Estado, justicia y eficacia,\u2026 Un ejemplo (de los que llegan al coraz\u00f3n y rompen el alma), uno tan solo basta en este caso, para abonar la lectura, para abrir el apetito lector: \u00abPocos sentimientos deben ser m\u00e1s dulces y agrios para un m\u00e9dico que el placer de bru\u00f1ir largamente los datos de un estudio y el vivo recuerdo de los muertos. Porque ya todos los pacientes de nuestro estudio \u2013que son nuestros de esa antigua manera\u2013 han muerto. Y ya no pienso en el carism\u00e1tico Jobs, tan enga\u00f1osamente cercano, si no en alguien m\u00e1s carism\u00e1tico y mucho m\u00e1s valiente. Muri\u00f3 hace pocos a\u00f1os, a la misma edad que Jobs, a\u00f1o m\u00e1s, a\u00f1o menos: Fernando Mart\u00ednez, el trabajador de Monz\u00f3n que tras dos d\u00e9cadas con los brazos inmersos en t\u00f3xicos \u00f3rganoclorados en una fabrica de desidia e insensatez, un d\u00eda escuch\u00f3, en la paz del Pirineo que amaba, el ta\u00f1er de su c\u00e1ncer de p\u00e1ncreas. Entonces decidi\u00f3 que su muerte no ser\u00eda vana; quiso que se reconociesen las causas laborales del tumor. Lo veo firme a las puertas del juzgado, sereno, hablando con sus compa\u00f1eros del sindicato, Comisiones Obreras. Oigo at\u00f3nito las preguntas ignominiosas y torpes que nos hicieron los abogados de la empresa, de la mutua \u00a1y del Estado!, en el juicio que Fernando todav\u00eda tuvo fuerzas de librar. Y de perder.\u00bb. Esas son las cosas, a\u00f1ade el cient\u00edfico concernido Miquel Porta, \u00ablas tragedias, las injusticias, que nuestros estudios desean prevenir\u00bb. A eso le llama \u00abEpidemiolog\u00eda humana\u00bb.<\/p>\n<p>Tampoco las tomas de posici\u00f3n pol\u00edticas est\u00e1n ausentes en <em>Epidemiolog\u00eda cercana<\/em>. Dos ilustraciones: 1. \u00abA\u00f1os antes de la actual pandemia, motivado por otros procesos parecidos a ella pero de mucha menor gravedad. Propusimos que las CCAA deb\u00edan pensar en \u2013y trabajar m\u00e1s para\u2013 el conjunto del Estado. Y que deb\u00edan asumir sin complejos ni obsoletas cortapisas las responsabilidades que \u2013objetivamente\u2013 tienen m\u00e1s all\u00e1 de su propio territorio.<em> S\u00ed, pienso que las CCAA tienen responsabilidades objetivas, reales, claras m\u00e1s all\u00e1 de su propio territorio. \u00bfNo lo ha hecho la pandemia todav\u00eda m\u00e1s evidente?<\/em>\u00bb [la cursiva es m\u00eda]. 2. \u00abAcaso parezca inveros\u00edmil pero lo veo muy claro; aunque no es sencillo, nunca hab\u00eda sido tan f\u00e1cil para la ciudadan\u00eda distinguir entre quienes promueven la vida, la salud p\u00fablica y el bien com\u00fan, y quienes emponzo\u00f1an el aire por intereses electoralistas. No exagero un \u00e1pice. Y digo f\u00e1cil, s\u00ed. Solo se trata de que nos fijemos con serenidad en lo que pasa y reflexionemos un rato. Aprovechemos la tragedia y sus secuelas\u00bb (p. 249).<\/p>\n<p>P\u00e1gina tras p\u00e1gina, se\u00f1ala tambi\u00e9n Miguel Hern\u00e1n en el ep\u00edlogo, \u00abMiquel Porta enlaza un sistema de salud p\u00fablica apoyado en epidemiolog\u00eda de calidad con los cimientos de nuestras democracias. No hay mejor ilustraci\u00f3n del papel de la epidemiolog\u00eda como ciencia cercana a los problemas reales de la gente real\u00bb. De nuevo en la diana. Con esas mismas palabras abre MP el libro, a lo que a\u00f1ade: \u00abEl autor tiene plena confianza en que la lectura har\u00e1 que estos temas se conviertan en m\u00e1s cercanos y en que muchos lectores los hag\u00e1is m\u00e1s vuestros, cada uno a su manera\u00bb. Los hacemos m\u00e1s nuestros.<\/p>\n<p>Las notas del final del cap\u00edtulo son para profundizar, se\u00f1ala MP, no es necesaria su lectura. No lo es, pero, en la mayor\u00eda de los casos, es muy ilustrativa\u2026 y placentera. Y, recordemos, se trata de eso, tambi\u00e9n se trata de eso.<\/p>\n<p>Es infrecuente que un cient\u00edfico de la talla de Miquel Porta, con su deslumbrante curriculum acad\u00e9mico (\u00bfcu\u00e1ntos cient\u00edficos espa\u00f1oles a su altura?), escriba desde una perspectiva marcadamente anticientificista y con excelentes resultados. Tengo para m\u00ed que a esta forma de pensar, decir, hacer y escribir se refer\u00eda Francisco Fern\u00e1ndez Buey en <em>Para la tercera cultura. Ensayos sobre ciencias y humanidades<\/em>.<\/p>\n<p>A la buena gente se la conoce, nos ense\u00f1aba Brecht, en que resultan mejor cuando se le conoce. Con los buenos libros pasa lo mismo: resultan mejor cuando los leemos con la calma y la atenci\u00f3n que merecen. Epidemiolog\u00eda cercana es un ejemplo de esos buenos libros, de esos libros que ampl\u00edan y enriquecen nuestros horizontes intelectuales, poli\u00e9ticos&#8230; y tambi\u00e9n vitales. Nos enriquecen, nos ayudan a vivir.<\/p>\n","protected":false},"excerpt":{"rendered":"<p>Rese\u00f1a de: Miquel Porta, Epidemiolog\u00eda cercana. La salud p\u00fablica, la carne y el oxidado cuchillo del miedo, Madrid: Triacastela, 2022,<\/p>\n","protected":false},"author":5,"featured_media":13173,"comment_status":"open","ping_status":"open","sticky":false,"template":"","format":"standard","meta":{"footnotes":""},"categories":[9],"tags":[1946,1945,917],"class_list":["post-13171","post","type-post","status-publish","format-standard","has-post-thumbnail","hentry","category-ciencia","tag-epidemiologia-cercana-la-salud-publica-la-carne-y-el-oxidado-cuchillo-del-miedo","tag-miquel-porta","tag-resenas"],"aioseo_notices":[],"_links":{"self":[{"href":"https:\/\/espai-marx.net\/index.php?rest_route=\/wp\/v2\/posts\/13171","targetHints":{"allow":["GET"]}}],"collection":[{"href":"https:\/\/espai-marx.net\/index.php?rest_route=\/wp\/v2\/posts"}],"about":[{"href":"https:\/\/espai-marx.net\/index.php?rest_route=\/wp\/v2\/types\/post"}],"author":[{"embeddable":true,"href":"https:\/\/espai-marx.net\/index.php?rest_route=\/wp\/v2\/users\/5"}],"replies":[{"embeddable":true,"href":"https:\/\/espai-marx.net\/index.php?rest_route=%2Fwp%2Fv2%2Fcomments&post=13171"}],"version-history":[{"count":0,"href":"https:\/\/espai-marx.net\/index.php?rest_route=\/wp\/v2\/posts\/13171\/revisions"}],"wp:featuredmedia":[{"embeddable":true,"href":"https:\/\/espai-marx.net\/index.php?rest_route=\/wp\/v2\/media\/13173"}],"wp:attachment":[{"href":"https:\/\/espai-marx.net\/index.php?rest_route=%2Fwp%2Fv2%2Fmedia&parent=13171"}],"wp:term":[{"taxonomy":"category","embeddable":true,"href":"https:\/\/espai-marx.net\/index.php?rest_route=%2Fwp%2Fv2%2Fcategories&post=13171"},{"taxonomy":"post_tag","embeddable":true,"href":"https:\/\/espai-marx.net\/index.php?rest_route=%2Fwp%2Fv2%2Ftags&post=13171"}],"curies":[{"name":"wp","href":"https:\/\/api.w.org\/{rel}","templated":true}]}}