{"id":1319,"date":"2010-01-15T00:00:00","date_gmt":"2010-01-15T00:00:00","guid":{"rendered":"https:\/\/espai-marx.net\/?p=1319"},"modified":"2020-02-22T11:29:09","modified_gmt":"2020-02-22T10:29:09","slug":"el-extrano-concepto-de-libertad-de-luis-yanez-barnuevo","status":"publish","type":"post","link":"https:\/\/espai-marx.net\/?p=1319","title":{"rendered":"El extra\u00f1o concepto de libertad de Luis Y\u00e1\u00f1ez-Barnuevo"},"content":{"rendered":"<p>El pasado <a href=\"http:\/\/blogs.publico.es\/dominiopublico\/1763\/cuba-en-el-corazon\/\">9 de enero escrib\u00eda en P\u00fablico el eurodiputado Luis Y\u00e1\u00f1ez-Barnuevo<\/a> su posici\u00f3n respecto al incidente con el gobierno cubano que no le permiti\u00f3 entrar a la isla. Y\u00e1\u00f1ez comienza con una oda a a libertad:<\/p>\n<p>Desde muy joven sent\u00ed que la libertad era una necesidad vital del ser humano que se valora especialmente cuando no se tiene, y entonces en Espa\u00f1a carec\u00edamos de libertad. Ingres\u00e9 en el clandestino PSOE en 1962, con 19 a\u00f1os, para luchar por la libertad. Quiero decir con ello que un dem\u00f3crata, antes que socialista, popular, liberal, cristiano o de cualquier ideolog\u00eda, debe ser un defensor de las libertades.<\/p>\n<p>Para, a continuaci\u00f3n, acusar a Cuba:<\/p>\n<p>Por todo ello, para m\u00ed la lucha contra la patolog\u00eda totalitaria de la derecha \u2013que es el fascismo\u2013 y la patolog\u00eda totalitaria de la izquierda \u2013que es el comunismo cuando llega al poder\u2013 es la misma lucha. No hay socialismo sin libertad pero es que, adem\u00e1s, el comunismo en el poder empobreci\u00f3, y empobrece, las condiciones materiales de sus pueblos, adem\u00e1s de privarles de la libertad.<\/p>\n<p>Y propone:<\/p>\n<p>\u00bfNo podr\u00edamos PP, PSOE, IU, PNV y CiU mantenernos unidos en la defensa de la libertad all\u00ed donde se conculca, sea cual sea el disfraz que adopten los liberticidas?<\/p>\n<p>Me pregunto de qu\u00e9 libertad habla el eurodiputado socialista: \u00bfLa libertad de Cuba para poder comerciar con el resto del mundo? \u00bfLa de poder comprar medicinas y tecnolog\u00eda m\u00e9dica? \u00bfLa de poder recibir sin limitaciones las visitas de sus familiares residentes en Estados Unidos? Imaginemos, por ejemplo, un ciudadanos somal\u00ed en la Gran V\u00eda madrile\u00f1a. \u00bfQu\u00e9 libertad tiene? Ser\u00e1 encerrado en un centro de internamiento para emigrantes si no dispone de papeles. No puede buscar trabajo. Si no tiene dinero, \u00bfd\u00f3nde est\u00e1 su libertad para viajar? O para tener una vivienda donde no morirse de fr\u00edo, \u00bfpuede ser libre sin dinero para comer? Si no le ense\u00f1aron a leer, \u00bfes libre para informarse? Y en nuestro pa\u00eds, \u00bfacaso no existen ciudadanos sin libertad para para presentarse a las elecciones? \u00bfNo existe ning\u00fan partido ilegalizado ni ning\u00fan peri\u00f3dico cerrado? \u00bfSomos libres los espa\u00f1oles para poder criticar al rey -y toda la familia real y el pr\u00edncipe-? \u00bfLibres para pedir transparencia en sus negocios? \u00bfO acaso esas cr\u00edticas no son castigadas en nuestro pa\u00eds con pena de prisi\u00f3n que puede llegar hasta dos a\u00f1os? (Arts. 490.3 y 491.2 del C\u00f3digo Penal) \u00bfEs libertad la tortura y los malos tratos policiales denunciados en el <a href=\"http:\/\/thereport.amnesty.org\/es\/regions\/europe-central-asia\/spain\">informe anual de Amnist\u00eda Internacional<\/a>? \u00bfEran libres los presos secuestrados por la CIA que pasaron por nuestros aeropuertos? No escribi\u00f3 nada en la prensa Luis Y\u00e1\u00f1ez cuando hace unos a\u00f1os el viceministro cubano de Educaci\u00f3n, Rodolfo Alarc\u00f3n, no pudo entrar a Espa\u00f1a invitado por la Conferencia de Rectores de Universidades Espa\u00f1olas (CRUE). Ni tampoco cuando, durante la Cumbre de Jefes de Estado de la Uni\u00f3n Europea en Barcelona, ocho autobuses fueron bloqueados en la frontera con Francia y al menos ocho mil personas se quedaron sin poder entrar en Espa\u00f1a, seg\u00fan denunci\u00f3 entonces la organizaci\u00f3n ATTAC.<\/p>\n<p>Al hilo de su impedimento para entrar en Cuba dice Y\u00e1\u00f1ez que \u201caltas autoridades del poder cubano entran sin problemas en Europa y realizan su agenda en el Parlamento Europeo sin la menor cortapisa. Esa es la grandeza de la democracia\u201d. En cambio no pueden entrar en Estados Unidos, ni siquiera en varias ocasiones al edificio de la ONU en Nueva York. \u00bfDir\u00e1 el eurodiputado que no hay democracia, por tanto, en Estados Unidos? \u00bfIr\u00e1 all\u00ed tambi\u00e9n a protestar? Y Europa, \u00bfdeja entrar a seres humanos del Tercer Mundo cuando no son \u201caltas autoridades del gobierno\u201d? \u00bfd\u00f3nde queda entonces la libertad que proclama?<\/p>\n<p>En su concepto de libertad, Y\u00e1\u00f1ez habla de \u201cponer a las personas por delante de abstracciones como la Patria, el Partido, Dios, la Revoluci\u00f3n o las Ideolog\u00edas\u201d. Como se\u00f1al\u00f3 Salvador L\u00f3pez Arnal en <a href=\"http:\/\/rebelion.org\/\">rebelion.org<\/a>, \u00bfpor qu\u00e9 el eurodiputado no incluye entre estas abstracciones el mercado, el capital, el m\u00e1ximo beneficio empresarial, la rentabilidad, la competitividad y t\u00e9rminos afines? \u00bfO es que quiz\u00e1s -en su socialismo- esos s\u00ed van por delante de la libertad?<\/p>\n<p>Dice tambi\u00e9n que ha \u201ccondenado el golpe de Estado en Honduras en este mismo peri\u00f3dico, porque era y es un grav\u00edsimo atentado contra la democracia y la soberan\u00eda popular\u201d. Pero no mostr\u00f3 inter\u00e9s por ir a ese pa\u00eds a reunirse con los opositores, quiz\u00e1s porque algunos est\u00e1n en prisi\u00f3n, otros asesinados y su presidente leg\u00edtimo asilado en una embajada.<\/p>\n<p>No puede estar exento de contradicciones un art\u00edculo como el de Y\u00e1\u00f1ez que afirma algunas tan absurdas como que \u201cyo no hab\u00eda organizado ninguna cita o reuni\u00f3n en Cuba, pero s\u00ed &#8216;pensaba&#8217; (\u00bfleyeron en mi cerebro?) llamar a algunos de mis amigos como Manuel Cuesta Mur\u00faa, l\u00edder de la Corriente Progresista de Cuba, miembro de la Internacional Socialista, o Elisardo S\u00e1nchez, presidente de la comisi\u00f3n cubana de Derechos Humanos\u201d. No hab\u00eda organizado ninguna cita ni reuni\u00f3n pero s\u00ed iba a llamar a algunos opositores. \u00bfIba hasta La Habana para llamarlos porque no pod\u00eda hacerlo desde Madrid? Y puestos a preocuparse por la libertad en Cuba, \u00bfpor qu\u00e9 no se plante\u00f3 visitar la prisi\u00f3n de Guant\u00e1namo? O al menos intentar llamarles tambi\u00e9n.<\/p>\n<p>Al se\u00f1or Y\u00e1\u00f1ez-Barnuevo le importa un pimiento la libertad de la que tanto habla. Por eso no ha intentado viajar a Gaza, ni a Bagdad, ni a los campos de refugiados en Afganist\u00e1n, ni a Arabia Saud\u00ed, ni a Marruecos ni a ning\u00fan otro pa\u00eds de \u00c1frica, de esos que disfrutan de un \u201cmarco de libertades\u201d como el que propone para Cuba.<\/p>\n<p>Termina el eurodiputado afirmando que \u201cel futuro de Cuba le corresponde decidirlo a los cubanos. Desde fuera, a los que tenemos a Cuba en el coraz\u00f3n nos toca expresarles nuestra solidaridad y simpat\u00eda\u201d. Quiz\u00e1s lo que le moleste es que no le dejen expresar su solidaridad de la misma manera que se la estamos expresando a los afganos. <a name=\"0.1_:2ev\"><\/a>Y s\u00ed, estamos de acuerdo: el futuro de Cuba, como pa\u00eds soberano que es, le corresponde decidirlo a los cubanos. El futuro y el presente, habr\u00e1 que a\u00f1adir, y precisamente desde esa soberan\u00eda han decidido no aceptar una presencia que consideran inoportuna.<\/p>\n<p><a href=\"http:\/\/www.pascualserrano.net\/\">Www.pascualserrano.net<\/a><\/p>\n","protected":false},"excerpt":{"rendered":"<p>El extra\u00f1o concepto de libertad de Luis Y\u00e1\u00f1ez-Barnuevo<\/p>\n<p>Pascual Serrano, Carlos Fern\u00e1ndez Liria, Bel\u00e9n Gopegui y Santiago Alba<\/p>\n<p>Rebeli\u00f3n<\/p>\n","protected":false},"author":9,"featured_media":0,"comment_status":"open","ping_status":"open","sticky":false,"template":"","format":"standard","meta":{"footnotes":""},"categories":[32],"tags":[],"class_list":["post-1319","post","type-post","status-publish","format-standard","hentry","category-america-latina"],"aioseo_notices":[],"_links":{"self":[{"href":"https:\/\/espai-marx.net\/index.php?rest_route=\/wp\/v2\/posts\/1319","targetHints":{"allow":["GET"]}}],"collection":[{"href":"https:\/\/espai-marx.net\/index.php?rest_route=\/wp\/v2\/posts"}],"about":[{"href":"https:\/\/espai-marx.net\/index.php?rest_route=\/wp\/v2\/types\/post"}],"author":[{"embeddable":true,"href":"https:\/\/espai-marx.net\/index.php?rest_route=\/wp\/v2\/users\/9"}],"replies":[{"embeddable":true,"href":"https:\/\/espai-marx.net\/index.php?rest_route=%2Fwp%2Fv2%2Fcomments&post=1319"}],"version-history":[{"count":0,"href":"https:\/\/espai-marx.net\/index.php?rest_route=\/wp\/v2\/posts\/1319\/revisions"}],"wp:attachment":[{"href":"https:\/\/espai-marx.net\/index.php?rest_route=%2Fwp%2Fv2%2Fmedia&parent=1319"}],"wp:term":[{"taxonomy":"category","embeddable":true,"href":"https:\/\/espai-marx.net\/index.php?rest_route=%2Fwp%2Fv2%2Fcategories&post=1319"},{"taxonomy":"post_tag","embeddable":true,"href":"https:\/\/espai-marx.net\/index.php?rest_route=%2Fwp%2Fv2%2Ftags&post=1319"}],"curies":[{"name":"wp","href":"https:\/\/api.w.org\/{rel}","templated":true}]}}