{"id":13393,"date":"2023-03-11T05:00:12","date_gmt":"2023-03-11T04:00:12","guid":{"rendered":"https:\/\/espai-marx.net\/?p=13393"},"modified":"2023-03-11T00:00:55","modified_gmt":"2023-03-10T23:00:55","slug":"estudis-sobre-el-comunisme-la-ic-en-temps-de-lenin-la-questio-nacional-el-pce","status":"publish","type":"post","link":"https:\/\/espai-marx.net\/?p=13393","title":{"rendered":"Estudis sobre el Comunisme. La IC en temps de Lenin, la q\u00fcesti\u00f3 nacional, el PCE"},"content":{"rendered":"<p><span class=\"yt-core-attributed-string yt-core-attributed-string--white-space-pre-wrap\" role=\"text\">Sessi\u00f3 inaugural del seminari permanent del Grup de Recerca en Guerra, Radicalisme i Conflicte Social (GRECS). La confer\u00e8ncia, a c\u00e0rrec de Jos\u00e9 Luis Mart\u00edn Ramos, va tenir lloc a la Universitat Aut\u00f2noma de Barcelona el 8 de febrer del 2023, sota el t\u00edtol: Estudis sobre el comunisme. La IC en temps de Lenin, la q\u00fcesti\u00f3 nacional, el PCE.<\/span><\/p>\n<p><iframe loading=\"lazy\" title=\"Estudis sobre el Comunisme. La IC en temps de Lenin, la q\u00fcesti\u00f3 nacional, el PCE. J.L. Mart\u00edn Ramos.\" width=\"800\" height=\"450\" src=\"https:\/\/www.youtube.com\/embed\/fxXxcpzQEB0?feature=oembed\" frameborder=\"0\" allow=\"accelerometer; autoplay; clipboard-write; encrypted-media; gyroscope; picture-in-picture; web-share\" referrerpolicy=\"strict-origin-when-cross-origin\" allowfullscreen><\/iframe><\/p>\n","protected":false},"excerpt":{"rendered":"<p>Sessi\u00f3 inaugural del seminari permanent del Grup de Recerca en Guerra, Radicalisme i Conflicte Social (GRECS). La confer\u00e8ncia, a c\u00e0rrec<\/p>\n","protected":false},"author":5,"featured_media":13394,"comment_status":"open","ping_status":"open","sticky":false,"template":"","format":"standard","meta":{"footnotes":""},"categories":[17,26],"tags":[],"class_list":["post-13393","post","type-post","status-publish","format-standard","has-post-thumbnail","hentry","category-historia","category-historia-del-comunismo"],"aioseo_notices":[],"_links":{"self":[{"href":"https:\/\/espai-marx.net\/index.php?rest_route=\/wp\/v2\/posts\/13393","targetHints":{"allow":["GET"]}}],"collection":[{"href":"https:\/\/espai-marx.net\/index.php?rest_route=\/wp\/v2\/posts"}],"about":[{"href":"https:\/\/espai-marx.net\/index.php?rest_route=\/wp\/v2\/types\/post"}],"author":[{"embeddable":true,"href":"https:\/\/espai-marx.net\/index.php?rest_route=\/wp\/v2\/users\/5"}],"replies":[{"embeddable":true,"href":"https:\/\/espai-marx.net\/index.php?rest_route=%2Fwp%2Fv2%2Fcomments&post=13393"}],"version-history":[{"count":0,"href":"https:\/\/espai-marx.net\/index.php?rest_route=\/wp\/v2\/posts\/13393\/revisions"}],"wp:featuredmedia":[{"embeddable":true,"href":"https:\/\/espai-marx.net\/index.php?rest_route=\/wp\/v2\/media\/13394"}],"wp:attachment":[{"href":"https:\/\/espai-marx.net\/index.php?rest_route=%2Fwp%2Fv2%2Fmedia&parent=13393"}],"wp:term":[{"taxonomy":"category","embeddable":true,"href":"https:\/\/espai-marx.net\/index.php?rest_route=%2Fwp%2Fv2%2Fcategories&post=13393"},{"taxonomy":"post_tag","embeddable":true,"href":"https:\/\/espai-marx.net\/index.php?rest_route=%2Fwp%2Fv2%2Ftags&post=13393"}],"curies":[{"name":"wp","href":"https:\/\/api.w.org\/{rel}","templated":true}]}}