{"id":13397,"date":"2023-03-12T05:00:59","date_gmt":"2023-03-12T04:00:59","guid":{"rendered":"https:\/\/espai-marx.net\/?p=13397"},"modified":"2023-03-12T11:12:14","modified_gmt":"2023-03-12T10:12:14","slug":"agradecer-celebrando-a-miguel-hernandez","status":"publish","type":"post","link":"https:\/\/espai-marx.net\/?p=13397","title":{"rendered":"Agradecer (Celebrando a Miguel Hern\u00e1ndez)"},"content":{"rendered":"<p>Intervenci\u00f3n en la Jornada que el colectivo Juan de Mairena dedic\u00f3 a Miguel Hern\u00e1ndez, 25 de febrero de 2023, Liber\u00eda Byron (Barcelona)<\/p>\n<p style=\"padding-left: 160px; text-align: right;\"><em>Para Francisco Fern\u00e1ndez Buey, Antoni Dom\u00e8nech, Albert Escofet, Miguel Mu\u00f1iz, Luisa Trueba, Margarita Garc\u00eda, Sara Estrada, Paco Tauste y Francisco Javier Pardo, compa\u00f1eros, compa\u00f1eras de vida y compromiso, que hubieran estado esta ma\u00f1ana con nosotros.<\/em><\/p>\n<p>Gracias a todos ustedes, por su presencia, por su compa\u00f1\u00eda, por su apoyo.<\/p>\n<p>Gracias a mi padre, Francisco L\u00f3pez Campo, que me habl\u00f3 del poeta en guerra.<\/p>\n<p>Gracias a Paco Ib\u00e1\u00f1ez por su \u00abAndaluces de Ja\u00e9n\u00bb, que nos descubri\u00f3 un mundo entonces desconocido para todos nosotros, que apenas ten\u00edamos 14 a\u00f1os.<\/p>\n<p>Gracias a Basilio Losada, traductor de Saramago y Jorge Amado, profesor de Literatura castellana de PREU, que nos habl\u00f3 del poeta oriolano con conocimiento de causa, transmitiendo entusiasmo por su obra y vida.<\/p>\n<p>Gracias a Carmen Linares por su \u00abVerso a verso\u00bb.<\/p>\n<p>Gracias a Luis Pastor, por sus pasiones compartidas con Miguel Hern\u00e1ndez.<\/p>\n<p>Gracias a Pablo de la Torrente Brau, muerto en Majadahona, a los 35 a\u00f1os, que comparti\u00f3 trinchera con Miguel Hern\u00e1ndez.<\/p>\n<p>Gracias a mi madre, que nunca me llam\u00f3 la atenci\u00f3n al o\u00edrme cantar, una y otra vez, \u00abNanas de la cebolla\u00bb, con mucho sentimiento y muy poco acierto. La \u00abEleg\u00eda a Ram\u00f3n Sij\u00e9\u00bb nos acompa\u00f1\u00f3 en su despedida.<\/p>\n<p>Gracias a Joan Manuel Serrat por por esas canciones inolvidables que nunca hemos olvidado ni olvidaremos. \u00abMenos tu vientre,\/ todo es oculto. <em>Menos tu vientre<\/em>, todo inseguro,\/ todo postrero, polvo sin mundo\u00bb.<\/p>\n<p>Gracias a Antonio Buero Vallejo: por su dibujo imperecedero y por la palabra <em>necesario<\/em>: \u00abPara m\u00ed es MH un poeta necesario, eso que muy pocos poetas, incluso grandes poetas, lograron ser. La m\u00e1s honda intuici\u00f3n de la vida, del amor y de la muerte brota de su fuente como de esas otras fuentes, sin las que no podr\u00edamos pasar y que se llaman Manrique, San Juan de la Cruz, Fray Luis o Machado.\u00bb<\/p>\n<p>Gracias a Pablo Neruda, porque am\u00f3 a Miguel y porque, para el cincuenta aniversario del poeta, 1960, escribi\u00f3: \u00abMuchas cosas he dicho sobre Miguel en mi poes\u00eda: que este nuevo recuerdo en esta fecha de vida y muerte memorables sea una l\u00ednea m\u00e1s de la carta que le escribo, como si no hubiera pasado nada, como si a\u00fan estuviera en alguna parte, cantando, silbando y riendo. L\u00edneas de una carta interminable que seguir\u00e9 escribi\u00e9ndole hasta que su canto me responda, nos responda, luminoso y victorioso\u00bb.<\/p>\n<p>Gr\u00e0cies a la Barcelona dels anys seixanta i setanta, que tant va estimar al poeta de \u00abUmbr\u00edo por la pena, casi bruno.\u00bb<\/p>\n<p>Gracias al poeta, que nos mostr\u00f3 el uso, el verdadero uso no manipulatorio de la palabra, del concepto <em>pueblo<\/em>, muy en la l\u00ednea de Agust\u00edn Garc\u00eda Calvo que habl\u00f3 de <em>lo pueblo<\/em>, caudal de tradiciones, conscientes, inconscientes, dep\u00f3sito de ritmos y acentos.<\/p>\n<p>Gracias al fil\u00f3sofo y maestro Adolfo S\u00e1nchez V\u00e1zquez, por su \u00abSer un r\u00edo de amor\u00bb: \u00abSer un r\u00edo de amor que se derrama \/ hasta inundar la tierra m\u00e1s distante\/ y alimentar su ausencia a cada instante\/ y en su fuego abrasarse cual retama.\u00bb<\/p>\n<p>Gracias Rafael Alberti, por su \u00ab\u00c9gloga F\u00fanebre\u00bb de 1942.<\/p>\n<p>Gracias a Concha Zardoya por \u00abLlanto de un p\u00e1jaro por el poeta muerto\u00bb: \u00abAqu\u00ed yo estoy llorando\u2026 <em>Vendr\u00e1 la Primavera<\/em> \/ cuando los hombres se amen\/ y el odio ya no exista.\/ Yo estar\u00e9 de nuevo\/ por el hijo que aduermes,\/ sobre ti o en el aire\/ una nana bell\u00edsima\u00bb.<\/p>\n<p>Gracias a Miguel Hern\u00e1ndez por aquel decir en una carta suya a su amigo Carlos Rodr\u00edguez Spiteri de enero de 1942, escrita dos meses antes de su muerte: \u00abNo hay nada m\u00e1s importante que dar una soluci\u00f3n hermosa a la vida\u00bb y por su \u00abCarta\u00bb de <em>El hombre acecha<\/em>: \u00abAunque bajo la tierra\/ mi amante cuerpo est\u00e9\/ escr\u00edbeme a la tierra\/ que yo te escribir\u00e9\u00bb.<\/p>\n<p>Gracias a Aurora Albornoz por su \u00abDespedida al amigo\u00bb: \u00abTu voz, Miguel Hern\u00e1ndez, \/ hermano, camarada, amigo\/ se qued\u00f3 para siempre, roja de fuego\/\/ bajo el sol de fuego,\/ Tu voz, \/ Miguel Hern\u00e1ndez, \/ Tu palabra, \/ que dijo la palabra\/ de todos\u00bb.<\/p>\n<p>Gr\u00e0cies a Andr\u00e9s Sorel por el libro que public\u00f3 en la editorial Zero y que a tantos nos conmovi\u00f3: <em>Miguel Hern\u00e1ndez, escritor y poeta de la revoluci\u00f3n<\/em>.<\/p>\n<p>Gracias a la autenticidad popular del decir y hacer de Manuel Sacrist\u00e1n, Paco Fern\u00e1ndez Buey y Miguel Candel, tan parecida a la autenticidad popular de la poes\u00eda madura de Hern\u00e1ndez.<\/p>\n<p>Gracia a Xes\u00fas Alonso Montero, por su compa\u00f1erismo, generosidad y compromiso a lo largo (y a Luis Caldiero, un hombre bueno, un compa\u00f1ero, un amigo machadiano).<\/p>\n<p>Gracias a Manuel Aznar, por su obra, por su saber republicano, por su ininterrumpida lucha para que no habite el olvido sobre tantos y tantas.<\/p>\n<p>Gracias a ACP, ASEC\/ASIC, Espai Marx y AIREs por su hernandismo.<\/p>\n<p>Gracias a <em>El Viejo Topo<\/em>, una revista que seguramente hubiera le\u00eddo Miguel Hern\u00e1ndez. Por el topo y por viejo.<\/p>\n<p>Gracias al maestro, al amigo, al protector Vicente Aleixandre: \u00abNadie gemir\u00e1 nunca bastante\/ Tu hermoso coraz\u00f3n nacido para amar\/ muri\u00f3, fue muerto, muerto, acabado, cruelmente acuchillado de odio.\/ \u00a1Ah! \u00bfQui\u00e9n dijo que el hombre ama?\/ \u00bfQui\u00e9n hizo esperar un d\u00eda amor sobre la Tierra?\/ \u00bfQui\u00e9n dijo que las almas esperan el amor y a su sombra florecen?\/ \u00bfQue su melodioso canto existe para los o\u00eddos de los hombres?\u00bb.<\/p>\n<p>Gracias a Enrique Morente, a quien vi y o\u00ed cantar la \u00abEleg\u00eda a Ram\u00f3n Sij\u00e9\u00bb, el \u00abSino sangriento\u00bb y \u00abEl ni\u00f1o yuntero\u00bb en la Facultad de Filosof\u00eda de la Universidad de Zaragoza, en 1976, vestido yo de soldado. \u00a1Pocos han cantado a Hern\u00e1ndez como el maestro Morente!<\/p>\n<p>Gracias a Ram\u00f3n D\u00edaz, que tambi\u00e9n estuvo en el penal de Oca\u00f1a, como Buero y Miguel, aguardando su ejecuci\u00f3n. Su crimen: su costumbre de poner en su casa la bandera republicana todos los \u00abcatorce de abril\u00bb. El franquismo homicida se lo hizo pagar con su vida.<\/p>\n<p>Gracias a su biznieta Amaya y a Carlos, amigos de la ciudad resistente, que esta ma\u00f1ana nos honran con su presencia.<\/p>\n<p>Gracias a Josefina Manresa, a quien estuve a punto de saludar, no me atrev\u00ed a llamar a su puerta, en en aquel verano de 1971.<\/p>\n<p>Gracias a Joao Cabral del Melo Neto por su \u00abEncontro com un poeta\u00bb.<\/p>\n<p>Gracias al poeta-ingeniero, a Gabriel Celaya, porque nos record\u00f3 que la poes\u00eda de Miguel Hern\u00e1ndez era una poes\u00eda cargada de futuro: \u00abHan llamado a la puerta, y no, no era Miguel tampoco esta vez. \u00bfPor qu\u00e9 no viene, por qu\u00e9 es imposible que venga? Le estoy esperando siempre para hablar como tan s\u00f3lo podr\u00eda hablar con \u00e9l\u00bb.<\/p>\n<p>Gracias a Ricardo L\u00f3pez Donoso, por aquel viaje inolvidable en el que dos j\u00f3venes, muy j\u00f3venes, visitamos Orihuela y hablamos con sus gentes.<\/p>\n<p>Gracias a Carlos Saura y Agust\u00ed Villaronga, que tambi\u00e9n amaron al poeta (\u00bfPara cu\u00e1ndo una gran pel\u00edcula sobre Miguel Hern\u00e1ndez?)<\/p>\n<p>Gracias a su amiga Carmen Conde, por su \u00abAl poeta Miguel Hern\u00e1ndez, desde la vida, donde fuimos amigos\u00bb.<\/p>\n<p>Gracias a Jos\u00e9 Agust\u00edn Goytisolo por su \u00abHistoria conocida\u00bb: \u00abHace tiempo hubo un hombre, entre nosotros\/ alegre, iluminado\/ que am\u00f3, vivi\u00f3 y cantaba hasta la muerte\/ libre como los p\u00e1jaros\u00bb.<\/p>\n<p>Gracias por los grandes poemas de amor de Miguel, pocos, muy pocos como su \u00abCanci\u00f3n \u00faltima\u00bb: \u00abRegresar\u00e1 del llanto\/ adonde fue llevada\/ con su desierta mesa,\/ con su ruinosa cama.\/ Florecer\u00e1n los besos\/ sobre las almohadas\/ Y en torno de los cuerpos\/ elevar\u00e1 la s\u00e1bana\/ su intensa enredadera\/ nocturna, perfumada\/ El odio se amortigua\/ detr\u00e1s de la ventana\/ Ser\u00e1 la garra suave\/ Dejadme la esperanza.\u00bb<\/p>\n<p>Gracias por \u00abel no sabes lo que pasa ni lo que ocurre\u00bb, uno de los versos m\u00e1s emocionantes del mundo, seg\u00fan el profesor V\u00edctor M\u00e9ndez Baiges.<\/p>\n<p>Gracias a Claude Coffon, porque para \u00e9l MH es \u00abel \u00fanico gran poeta que ha sacado una gran lecci\u00f3n de sus ra\u00edces, que ha recibido de su infancia y de su tierra la savia necesaria para alimentar su obra.\u00bb<\/p>\n<p>Gracias a la editorial Losada por su esfuerzo militante, por sus ediciones, agua bendita y benigna en tiempos de sequ\u00eda, represi\u00f3n, opresi\u00f3n y persecuci\u00f3n, pero tambi\u00e9n de b\u00fasqueda, unidad y fraternidad.<\/p>\n<p>Gracias Miguel por \u00abLa poes\u00eda como un arma\u00bb: \u00abMe he metido con toda ella [con la poes\u00eda] dentro de esta tremenda Espa\u00f1a popular, de la que no s\u00e9 si he salido nunca. En la guerra, la esgrimo como un arma, y en la paz ser\u00e1 un arma tambi\u00e9n aunque reposada. Vivo para ensalzar los valores puros del pueblo, y a su lado estoy tan dispuesto a vivir como a morir\u00bb.<\/p>\n<p>Gracias a Leopoldo de Luis, por su incansable trabajo, por su pasi\u00f3n, por su verdad: \u00abDe un poeta como \u00e9l, escribi\u00f3 de Luis, se puede decir siempre la primera palabra, pero no se puede decir nunca la \u00faltima.\u00bb<\/p>\n<p>Gracias a Mercedes Iglesias Serrano, por compartir devoci\u00f3n, admiraci\u00f3n, amor y respeto.<\/p>\n<p>Gracias de nuevo a Vicente Alexandre, por su mirar hacia el fondo: \u00abEra un alma triste que miraba con clara mirada a los hombres. Era el poeta del triste destino, que muri\u00f3 malogrando a un gran artista, que hubiera sido, que ya lo es, honor de nuestra lengua.\u00bb<\/p>\n<p>Gracias a la ciudadan\u00eda de Santa Coloma de Gramenet porque un colegio p\u00fablico, el Miguel Hern\u00e1ndez, lleva su nombre.<\/p>\n<p>Gracias a Irene Iglesias D\u00edaz-Gonz\u00e1lez, que a los 8 a\u00f1os recit\u00f3 a Hern\u00e1ndez en un homenaje p\u00fablico a \u00e9l dedicado en Can Sister\u00e9 de Santa Coloma.<\/p>\n<p>Gracias al colectivo Juan de Mairena, por su fraternidad, por su ser y estar en el mundo y por su amor a la poes\u00eda.<\/p>\n<p>Gracias a ustedes, de nuevo, por estar aqu\u00ed, y porque entre otros hacemos y haremos que esta ciudad no olvide al poeta de <em>Vientos del pueblo<\/em> y de <em>Cancionero y romancero de ausencias<\/em>.<\/p>\n<p>Llegamos con tres heridas:<br \/>\nla del amor,<br \/>\nla de la muerte,<br \/>\nla de la vida.<\/p>\n<p>Con tres heridas venimos:<br \/>\nla de la vida,<br \/>\nla del amor,<br \/>\nla de la muerte.<\/p>\n<p>Con tres heridas yo, ustedes, el poeta:<br \/>\nla de la vida,<br \/>\nla de la muerte,<br \/>\nla del amor.<\/p>\n<h3>Adenda<\/h3>\n<p><em>Hace 47 a\u00f1os, en 1976, con ocasi\u00f3n del XXXIV aniversario de la muerte de Miguel Hern\u00e1ndez (28 de marzo de 1942), se celebr\u00f3 un homenaje al poeta oriolano en el Aula Magna de la Universidad de Barcelona. Se invitar\u00edan (conjeturo, no tengo documentaci\u00f3n sobre el encuentro) a cr\u00edticos, profesores, sindicalistas, poetas, ciudadanos, pol\u00edticos antifranquistas, intelectuales. Entre estos \u00faltimos, Manuel Sacrist\u00e1n (1925-1985).<\/em><\/p>\n<p><em>El traductor de Brecht, Brossa y Espriu no pudo acudir finalmente. Envi\u00f3 un texto que les copio a continuaci\u00f3n que (me han llegado ecos de ello) pudo ser le\u00eddo por Mario Gas.<\/em><\/p>\n<p><em>Sacrist\u00e1n hace una referencia a la revista <\/em>Posible<em>. Fue una revista fundada en noviembre de 1974, que se sigui\u00f3 publicando en los primeros a\u00f1os de transici\u00f3n. Tuvo ocho secuestros.<\/em><\/p>\n<p>Tiene que haber varias razones de la respuesta excepcional, en intensidad y en extensi\u00f3n, que est\u00e1 recibiendo la iniciativa de la conmemoraci\u00f3n de Miguel Hern\u00e1ndez. Algunas de esas razones ser\u00e1n compartidas por todo el mundo, y del mismo modo, m\u00e1s o menos; por ejemplo, la autenticidad de la poes\u00eda de Hern\u00e1ndez, en la que, si se prescinde de algunos ejercicios de adolescencia, no se encuentra una palabra de m\u00e1s. Otras motivaciones ser\u00e1n menos generales. La m\u00eda es la verdad popular de Hern\u00e1ndez: no s\u00f3lo de su poes\u00eda, en el sentido de los escritos suyos que est\u00e1n impresos, sino de \u00e9l mismo y entero, de los actos y de las situaciones de los que naci\u00f3 su poes\u00eda, o en los que se acall\u00f3.<\/p>\n<p>Al decir eso pienso, por ejemplo \u2013pero no solamente\u2013 en aquella fatal indefensi\u00f3n de Hern\u00e1ndez en su cautiverio. Hern\u00e1ndez fue un preso del todo impotente, sin enchufes, sin alivios, sin m\u00e1s salida que la destrucci\u00f3n ps\u00edquica y la muerte, como s\u00f3lo lo son (con la excepci\u00f3n de dirigentes revolucionarios muy conocidos por el poder) los oprimidos que no someten el alma, los hombres del pueblo que no llegan a asimilarse a los valores de los poderosos, aunque sea por simple incapacidad de hacerlo y no por ninguna voluntad hist\u00f3rica. O por ella, naturalmente.<\/p>\n<p>Las \u00faltimas notas de Hern\u00e1ndez que ha publicado hace poco la revista <em>Posible<\/em> documentan muy bien el aplastamiento moral que acompa\u00f1a a la destrucci\u00f3n f\u00edsica del hombre del pueblo sin c\u00f3mplices y, por lo tanto, sin valedores en la clase propietaria del estado, de las f\u00e1bricas y de las c\u00e1rceles.<\/p>\n<p>La autenticidad popular de la poes\u00eda madura de Hern\u00e1ndez es tan consistente porque se basa en esta segunda, en la autenticidad popular del hombre muerto, como el Otro, entre dos o m\u00e1s chorizos, y como ellos.<\/p>\n","protected":false},"excerpt":{"rendered":"<p>Intervenci\u00f3n en la Jornada que el colectivo Juan de Mairena dedic\u00f3 a Miguel Hern\u00e1ndez, 25 de febrero de 2023, Liber\u00eda<\/p>\n","protected":false},"author":5,"featured_media":13399,"comment_status":"open","ping_status":"open","sticky":false,"template":"","format":"standard","meta":{"footnotes":""},"categories":[19,5],"tags":[1221],"class_list":["post-13397","post","type-post","status-publish","format-standard","has-post-thumbnail","hentry","category-cultura","category-literatura","tag-miguel-hernandez"],"aioseo_notices":[],"_links":{"self":[{"href":"https:\/\/espai-marx.net\/index.php?rest_route=\/wp\/v2\/posts\/13397","targetHints":{"allow":["GET"]}}],"collection":[{"href":"https:\/\/espai-marx.net\/index.php?rest_route=\/wp\/v2\/posts"}],"about":[{"href":"https:\/\/espai-marx.net\/index.php?rest_route=\/wp\/v2\/types\/post"}],"author":[{"embeddable":true,"href":"https:\/\/espai-marx.net\/index.php?rest_route=\/wp\/v2\/users\/5"}],"replies":[{"embeddable":true,"href":"https:\/\/espai-marx.net\/index.php?rest_route=%2Fwp%2Fv2%2Fcomments&post=13397"}],"version-history":[{"count":0,"href":"https:\/\/espai-marx.net\/index.php?rest_route=\/wp\/v2\/posts\/13397\/revisions"}],"wp:featuredmedia":[{"embeddable":true,"href":"https:\/\/espai-marx.net\/index.php?rest_route=\/wp\/v2\/media\/13399"}],"wp:attachment":[{"href":"https:\/\/espai-marx.net\/index.php?rest_route=%2Fwp%2Fv2%2Fmedia&parent=13397"}],"wp:term":[{"taxonomy":"category","embeddable":true,"href":"https:\/\/espai-marx.net\/index.php?rest_route=%2Fwp%2Fv2%2Fcategories&post=13397"},{"taxonomy":"post_tag","embeddable":true,"href":"https:\/\/espai-marx.net\/index.php?rest_route=%2Fwp%2Fv2%2Ftags&post=13397"}],"curies":[{"name":"wp","href":"https:\/\/api.w.org\/{rel}","templated":true}]}}