{"id":13452,"date":"2023-03-23T05:00:36","date_gmt":"2023-03-23T04:00:36","guid":{"rendered":"https:\/\/espai-marx.net\/?p=13452"},"modified":"2023-03-23T09:28:08","modified_gmt":"2023-03-23T08:28:08","slug":"sesion-inaugural-del-nuevo-seminario-jordi-torrent-bestit","status":"publish","type":"post","link":"https:\/\/espai-marx.net\/?p=13452","title":{"rendered":"Sesi\u00f3n inaugural del nuevo seminario \u00abJordi Torrent Bestit\u00bb"},"content":{"rendered":"<p><a href=\"https:\/\/espai-marx.net\/wp-content\/uploads\/2023\/02\/Seminario-Kuri-Camacho-con-texto.png\"><img loading=\"lazy\" decoding=\"async\" class=\"alignleft size-full wp-image-13331\" src=\"https:\/\/espai-marx.net\/wp-content\/uploads\/2023\/02\/Seminario-Kuri-Camacho-con-texto.png\" alt=\"\" width=\"1080\" height=\"1080\" srcset=\"https:\/\/espai-marx.net\/wp-content\/uploads\/2023\/02\/Seminario-Kuri-Camacho-con-texto.png 1080w, https:\/\/espai-marx.net\/wp-content\/uploads\/2023\/02\/Seminario-Kuri-Camacho-con-texto-300x300.png 300w, https:\/\/espai-marx.net\/wp-content\/uploads\/2023\/02\/Seminario-Kuri-Camacho-con-texto-1024x1024.png 1024w, https:\/\/espai-marx.net\/wp-content\/uploads\/2023\/02\/Seminario-Kuri-Camacho-con-texto-150x150.png 150w, https:\/\/espai-marx.net\/wp-content\/uploads\/2023\/02\/Seminario-Kuri-Camacho-con-texto-768x768.png 768w\" sizes=\"auto, (max-width: 1080px) 100vw, 1080px\" \/><\/a><\/p>\n<p>&nbsp;<\/p>\n<p>&nbsp;<\/p>\n<p><a href=\"https:\/\/espai-marx.net\/academia\/index.php\/curso\/nuevo-seminario-jordi-torrent-bestit-el-barroco-jesuita-novohispano-la-forja-de-un-mexico-posible-de-ramon-kuri-camacho\/\">P\u00e1gina principal de la plataforma<\/a> desde la que se puede seguir el seminario. A esta p\u00e1gina inicial se puede acceder sin restricciones. Las correspondientes a cada una de las secciones requiere la inscripci\u00f3n a este seminario.<\/p>\n<p><strong>Inscripci\u00f3n<\/strong><\/p>\n<p>La inscripci\u00f3n es gratuita. Para participar en este seminario puedes escribir a:\u00a0<a href=\"mailto:contacto@espai-marx.net\" target=\"_blank\" rel=\"nofollow noopener noreferrer\">contacto@espai-marx.net<\/a><\/p>\n<div dir=\"ltr\"><\/div>\n<div dir=\"ltr\"><b><span style=\"font-size: medium;\">1\u00aa Sesi\u00f3n: \u00abIntroducci\u00f3n\u00bb (30\/03\/23)<\/span><br \/>\n<\/b><\/div>\n<div dir=\"ltr\">\n<div dir=\"ltr\">\n<p>Fecha de inicio: Jueves 30 de marzo de 2023. Hora peninsular espa\u00f1ola: 18:00. Hora de Buenos Aires: 14:00. Hora de M\u00e9xico: 11:00<\/p>\n<p><strong>Propuesta de lectura de la primera sesi\u00f3n<\/strong><\/p>\n<p>Podemos saltarnos el breve texto de presentaci\u00f3n y preparar la lectura completa de la<b> Introducci\u00f3n, que va desde la p\u00e1gina\u00a013 a la 42. <\/b>Para que sea posible, ser\u00eda deseable no hacer la lectura palabra a palabra, sino traerla preparada por parte de cada uno y dedicar el tiempo h\u00e1bil de la sesi\u00f3n a su comentario-discusi\u00f3n-debate. No obstante, insistimos, depender\u00e1 tambi\u00e9n de la voluntad del <b>lector <\/b>de cada sesi\u00f3n, que puede optar lib\u00e9rrimamente por leer el texto o presentarlo de la forma que le resulte m\u00e1s c\u00f3moda. Insisto en esto para que nadie se sienta cohibido a la hora de participar en la gu\u00eda de lectura.<\/p>\n<p><strong>Foro de discusi\u00f3n<\/strong><\/p>\n<p>Enlace al <a href=\"https:\/\/espai-marx.net\/academia\/index.php\/forum\/topic\/sesion-1-30-04-23-introduccion\/\" target=\"_blank\" rel=\"nofollow noopener noreferrer\">Debate espec\u00edfico dedicado a esta sesi\u00f3n del seminario<\/a> (acceso exclusivo a los inscritos).<\/p>\n<p><strong>Acceso<\/strong><\/p>\n<p>Las sesiones se celebrar\u00e1n a trav\u00e9s de Zoom. Tras la celebraci\u00f3n de la sesi\u00f3n, que ser\u00e1 grabada, se subir\u00e1 a la plataforma el audio y el v\u00eddeo correspondiente, y se podr\u00e1 discutir sobre su contenido en el foro espec\u00edfico para esa sesi\u00f3n. Independientemente, se pueden crear otros foros para temas de discusi\u00f3n m\u00e1s generales.<\/p>\n<div><strong>Descarga del libro en nuestra biblioteca electr\u00f3nica<\/strong><\/div>\n<div><a href=\"https:\/\/espai-marx.net\/elsarbres\/wp-content\/uploads\/2021\/11\/document-Kuri-Camacho-el-barroco-jesuita-novohispano1.pdf\">El barroco jesuita novohispano: la forja de un M\u00e9xico posible (PDF)<\/a><\/div>\n<\/div>\n<\/div>\n","protected":false},"excerpt":{"rendered":"<p>&nbsp; &nbsp; P\u00e1gina principal de la plataforma desde la que se puede seguir el seminario. A esta p\u00e1gina inicial se<\/p>\n","protected":false},"author":5,"featured_media":13454,"comment_status":"open","ping_status":"open","sticky":false,"template":"","format":"standard","meta":{"footnotes":""},"categories":[1569,1969,8,869],"tags":[],"class_list":["post-13452","post","type-post","status-publish","format-standard","has-post-thumbnail","hentry","category-arte","category-barroco-novohispano-2023","category-filosofia","category-seminarios"],"aioseo_notices":[],"_links":{"self":[{"href":"https:\/\/espai-marx.net\/index.php?rest_route=\/wp\/v2\/posts\/13452","targetHints":{"allow":["GET"]}}],"collection":[{"href":"https:\/\/espai-marx.net\/index.php?rest_route=\/wp\/v2\/posts"}],"about":[{"href":"https:\/\/espai-marx.net\/index.php?rest_route=\/wp\/v2\/types\/post"}],"author":[{"embeddable":true,"href":"https:\/\/espai-marx.net\/index.php?rest_route=\/wp\/v2\/users\/5"}],"replies":[{"embeddable":true,"href":"https:\/\/espai-marx.net\/index.php?rest_route=%2Fwp%2Fv2%2Fcomments&post=13452"}],"version-history":[{"count":0,"href":"https:\/\/espai-marx.net\/index.php?rest_route=\/wp\/v2\/posts\/13452\/revisions"}],"wp:featuredmedia":[{"embeddable":true,"href":"https:\/\/espai-marx.net\/index.php?rest_route=\/wp\/v2\/media\/13454"}],"wp:attachment":[{"href":"https:\/\/espai-marx.net\/index.php?rest_route=%2Fwp%2Fv2%2Fmedia&parent=13452"}],"wp:term":[{"taxonomy":"category","embeddable":true,"href":"https:\/\/espai-marx.net\/index.php?rest_route=%2Fwp%2Fv2%2Fcategories&post=13452"},{"taxonomy":"post_tag","embeddable":true,"href":"https:\/\/espai-marx.net\/index.php?rest_route=%2Fwp%2Fv2%2Ftags&post=13452"}],"curies":[{"name":"wp","href":"https:\/\/api.w.org\/{rel}","templated":true}]}}