{"id":13462,"date":"2023-03-25T05:00:28","date_gmt":"2023-03-25T04:00:28","guid":{"rendered":"https:\/\/espai-marx.net\/?p=13462"},"modified":"2023-03-24T12:49:58","modified_gmt":"2023-03-24T11:49:58","slug":"selva-de-la-naturaleza-selva-humana","status":"publish","type":"post","link":"https:\/\/espai-marx.net\/?p=13462","title":{"rendered":"Selva de la naturaleza, selva humana"},"content":{"rendered":"<p>Cr\u00edtica cinematogr\u00e1fica: <em>Los reyes del mundo<\/em>. Direcci\u00f3n: Laura Mora. Guion: L. Mora y Cristina Gallego. Pa\u00eds: Colombia. Estreno: 17\/03\/23. Duraci\u00f3n: 103 minutos.<br \/>\nArgumento: R\u00e1, recibe notificaci\u00f3n del Gobierno colombiano, sobre la solicitud de restituci\u00f3n de unas tierras, que eran de su abuela, y que un d\u00eda le arrebataron los paramilitares en lucha contra la guerrilla. Junto a cuatro amigos, los cinco sin familia y marginados, emprenden un viaje con la esperanza de cumplir sus sue\u00f1os: crear juntos un hogar que nunca han conocido.<\/p>\n<p>Laura Mora presenta un relato surgido de sus vivencias e interpretaci\u00f3n del pa\u00eds y mundo en que vive. Lo expone a trav\u00e9s de diferentes estilos f\u00edlmicos; realista, po\u00e9tico y on\u00edrico. El primero y m\u00e1s frecuente muestra ya en su inicio, en la ciudad de Medell\u00edn, grupos de adolescentes marginales en una disputa a machetazos para sobrevivir en su medio. El segundo ofrece, en varios momentos, la relaci\u00f3n entre seres despose\u00eddos. El tercero se manifiesta cuando los personajes sienten cerca el final de su odisea.<\/p>\n<p>A trav\u00e9s de los cinco adolescente recorriendo el pa\u00eds, en b\u00fasqueda de sus sue\u00f1os, la directora va describiendo una realidad actual que es producto de todo un periodo hist\u00f3rico socio pol\u00edtico estructural que puede representar, gen\u00e9ricamente, todo un submundo del planeta. Muestra r\u00edos, valles, y selva naturales, y a la vez la selva humana. La solidaridad de la gente humilde y la corrupci\u00f3n sist\u00e9mica caciquil, imperante durante tantas d\u00e9cadas, capaz de alterar y no cumplir la ley del Gobierno colombiano.<\/p>\n<p>Esta sencilla y econ\u00f3mica pel\u00edcula donde los actores son nobeles y realizan lo que realmente son, no es una historia cotidiana y bonita, es una historia realista con aportes art\u00edsticos narrativos para introducirnos en lo que sienten los protagonistas y poder entender porqu\u00e9 hacen lo que hacen, unos y otros. Es ese tipo de cine que suele pasar desapercibido, con poca publicidad y mala distribuci\u00f3n. Esta en concreto, ha tenido la ventaja de ser premiada en el Festival de San Sebasti\u00e1n, no obstante, hoy la han estrenado en la sala m\u00e1s peque\u00f1a de siete (las mas comerciales van a las salas m\u00e1s grande) en el cine que la he visto. He le\u00eddo un comentario cr\u00edtico en el diario y, si bien, le ponen buena nota no comentan nada sobre la esencia y finalidad de esta. Es gen\u00e9rico que los medios p\u00fablicos nunca mencionen al sistema, en todo caso se limitan a decir que el personaje tiene mala suerte.<\/p>\n<p>Es una pel\u00edcula modesta y digna, que aporta una realidad como la vida misma. Realizada con originalidad por una joven directora (es su cuarta pel\u00edcula) que ha heredado y vivido el fundamento que muestra en su trabajo.<\/p>\n<p>Personalmente me quedo con la \u00faltima escena: los que consiguen llegar al lugar, y se enfrentan a los peones del amo. Todos de la misma clase social y procedencia.<\/p>\n<p>Antonio Ruiz<br \/>\n17\/03\/23<\/p>\n<p><iframe loading=\"lazy\" title=\"Los Reyes Del Mundo (2023) Netflix Tr\u00e1iler Oficial Espa\u00f1ol Latino\" width=\"800\" height=\"450\" src=\"https:\/\/www.youtube.com\/embed\/ugMLAu9oyO8?feature=oembed\" frameborder=\"0\" allow=\"accelerometer; autoplay; clipboard-write; encrypted-media; gyroscope; picture-in-picture; web-share\" referrerpolicy=\"strict-origin-when-cross-origin\" allowfullscreen><\/iframe><\/p>\n<p>&nbsp;<\/p>\n","protected":false},"excerpt":{"rendered":"<p>Cr\u00edtica cinematogr\u00e1fica: Los reyes del mundo. Direcci\u00f3n: Laura Mora. Guion: L. Mora y Cristina Gallego. Pa\u00eds: Colombia. Estreno: 17\/03\/23. Duraci\u00f3n:<\/p>\n","protected":false},"author":5,"featured_media":13463,"comment_status":"open","ping_status":"open","sticky":false,"template":"","format":"standard","meta":{"footnotes":""},"categories":[6],"tags":[],"class_list":["post-13462","post","type-post","status-publish","format-standard","has-post-thumbnail","hentry","category-cine"],"aioseo_notices":[],"_links":{"self":[{"href":"https:\/\/espai-marx.net\/index.php?rest_route=\/wp\/v2\/posts\/13462","targetHints":{"allow":["GET"]}}],"collection":[{"href":"https:\/\/espai-marx.net\/index.php?rest_route=\/wp\/v2\/posts"}],"about":[{"href":"https:\/\/espai-marx.net\/index.php?rest_route=\/wp\/v2\/types\/post"}],"author":[{"embeddable":true,"href":"https:\/\/espai-marx.net\/index.php?rest_route=\/wp\/v2\/users\/5"}],"replies":[{"embeddable":true,"href":"https:\/\/espai-marx.net\/index.php?rest_route=%2Fwp%2Fv2%2Fcomments&post=13462"}],"version-history":[{"count":0,"href":"https:\/\/espai-marx.net\/index.php?rest_route=\/wp\/v2\/posts\/13462\/revisions"}],"wp:featuredmedia":[{"embeddable":true,"href":"https:\/\/espai-marx.net\/index.php?rest_route=\/wp\/v2\/media\/13463"}],"wp:attachment":[{"href":"https:\/\/espai-marx.net\/index.php?rest_route=%2Fwp%2Fv2%2Fmedia&parent=13462"}],"wp:term":[{"taxonomy":"category","embeddable":true,"href":"https:\/\/espai-marx.net\/index.php?rest_route=%2Fwp%2Fv2%2Fcategories&post=13462"},{"taxonomy":"post_tag","embeddable":true,"href":"https:\/\/espai-marx.net\/index.php?rest_route=%2Fwp%2Fv2%2Ftags&post=13462"}],"curies":[{"name":"wp","href":"https:\/\/api.w.org\/{rel}","templated":true}]}}