{"id":13591,"date":"2023-04-16T05:00:27","date_gmt":"2023-04-16T04:00:27","guid":{"rendered":"https:\/\/espai-marx.net\/?p=13591"},"modified":"2023-04-16T02:39:06","modified_gmt":"2023-04-16T01:39:06","slug":"con-el-foco-ampliado-y-muy-documentado","status":"publish","type":"post","link":"https:\/\/espai-marx.net\/?p=13591","title":{"rendered":"Con el foco ampliado (y muy documentado)"},"content":{"rendered":"<p>Rese\u00f1a de: Carlos A. Portome\u00f1e P\u00e9rez, <i>La matanza de Atocha y otros cr\u00edmenes de Estado<\/i>, Madrid; Atrapasue\u00f1os, 2022, 771 p\u00e1ginas.<\/p>\n<p>&nbsp;<\/p>\n<p><a href=\"https:\/\/espai-marx.net\/wp-content\/uploads\/2023\/04\/libro_matanza_atocha.jpg\"><img loading=\"lazy\" decoding=\"async\" class=\"alignleft  wp-image-13592\" src=\"https:\/\/espai-marx.net\/wp-content\/uploads\/2023\/04\/libro_matanza_atocha.jpg\" alt=\"\" width=\"200\" height=\"274\" srcset=\"https:\/\/espai-marx.net\/wp-content\/uploads\/2023\/04\/libro_matanza_atocha.jpg 300w, https:\/\/espai-marx.net\/wp-content\/uploads\/2023\/04\/libro_matanza_atocha-219x300.jpg 219w\" sizes=\"auto, (max-width: 200px) 100vw, 200px\" \/><\/a>Acontecimientos esenciales de la historia reciente de Espa\u00f1a (con sus correspondienbtes tramas internacionales) son los protagonistas de este libro. El n\u00famero de p\u00e1ginas no debe ser un obst\u00e1culo para su apasionante lectura. \u00a1No se echen para atr\u00e1s!\u00a1<i>La matanza de Atocha y otros cr\u00edmenes de Estado<\/i> se lee como una novela bien escrita, como uno de esos (infrecuentes) ensayos imprescindibles sobre un tema no menos esencial que dejan duradera huella en el lector\/a! De los a\u00f1os de estudio y esfuerzo realizados por el autor es claro indicio la bibliograf\u00eda, pp. 753-763: \u00a1m\u00e1s de veinte archivos y bibliotecas consultadas!<br \/>\nEn total, 30 cap\u00edtulos. A uno por d\u00eda, en un mes el libro es suyo. Algunos de los t\u00edtulos: \u00abLa Internacional negra en Espa\u00f1a\u00bb; \u00abEl asesinato en Roma del juez Vittorio Occorsio\u00bb; \u00abStefano Delle Chiaie, capo dei Capi\u00bb; \u00abLa matanza de Atocha\u00bb (diecis\u00e9is apartados); \u00abSiete d\u00edas de enero\u00bb; \u00abGiuseppe Calzona\u00bb; \u00abLucio Celli, el titiritero\u00bb; \u00abLa red Gladio\u00bb,\u2026 Como comprobar\u00e1n, muchas referencias documentadas a la extrema derecha criminal italiana y sus conexiones espa\u00f1olas.<\/p>\n<p>(Sobre Delle Chiaie y a t\u00edtulo de ejemplo para conocer la catadura poli\u00e9tica de algunos protagonistas de estas oscuras historias: \u00abFalleci\u00f3 en el hospital Vannini de Roma, el 10 de septiembre de 2019, tras la publicaci\u00f3n de sus memorias bajo el t\u00edtulo <i>El \u00e1guila y el condor: historia de un militante pol\u00edtico<\/i>. Apenas pas\u00f3 dos a\u00f1os en prisi\u00f3n preventiva, resultando absuelto por falta de pruebas en varias causas en las que estuvo implicado.. Solo desde la l\u00f3gica del banco vencedor de la Guerra fr\u00eda resulta comprensible que el organizador de operaciones terroristas, golpes de estado, narcotr\u00e1fico y tr\u00e1fico de armas en medio mundo al servicio de la CIA, la OTAN y diferentes gobiernos, haya gozado de la inmunidad que ha disfrutado Stefano Delle Chiaie a lo largo de su vida\u00bb. No es casual, a\u00f1ade el actor, \u00abque seg\u00fan la polic\u00eda espa\u00f1ola toda la informaci\u00f3n sobre Caccola haya desaparecido de sus archivos. La aut\u00e9ntica democracia y la justicia universal exigir\u00edan un fin totalmente diferente para \u00e9l y los jefes de estado, presidentes del gobierno, autoridades militares o policiales que le dieron las \u00f3rdenes de cometer sus incontables cr\u00edmenes\u00bb).<\/p>\n<p>Este libro, se se\u00f1ala en el pr\u00f3logo (Asociaci\u00f3n Andaluza de V\u00edctimas de la Transici\u00f3n), \u00abcontribuye a la necesidad de justicia, verdad y reparaci\u00f3n acerca de los episodios de terrorismo ultraderechista, oficial y extraoficial, que se sucedieron a finales del franquismo y en los primeros pasos hacia la democracia\u00bb. Lo consigue.<\/p>\n<p>Un apunte sobre el autor: Carlos Portome\u00f1e (Lugo, 1968) estudi\u00f3 Ciencias Pol\u00edticas y es escultor y artesano. Miembro del Comit\u00e9 Central del PCE desde 2002, ha sido secretario general del Partido Comunista de Galicia y miembro del Consejo Pol\u00edtico Federal de IU, columnista y colaborador habitual de <i>Mundo Obrero<\/i>, es activista e investigador de la memoria democr\u00e1tica y participa activamente en el movimiento por la paz. No es de extra\u00f1ar, pues, que estemos ante un libro comprometido, que, por supuesto, fundamenta siempre sus tesis, conjeturas, argumentos y consideraciones.<\/p>\n<p>Sin adelantarles nada. No estamos ante una aproximaci\u00f3n focalizada exclusivamente en la matanza de Atocha sino en una historia de largo recorrido que el autor abre con la Conferencia de Postdam (\u00abEl tercer d\u00eda de la cumbre, EEUU, Reino Unido y la URSS acordaron una tibia declaraci\u00f3n de condena al r\u00e9gimen dictatorial espa\u00f1ol m\u00e1s efectista que efectiva, limitada a pedir a la ONU la inadmisi\u00f3n de Espa\u00f1a en el organismo internacional\u00bb), contin\u00faa con \u00abla importancia estrat\u00e9gica de la pen\u00ednsula ib\u00e9rica\u00bb sin olvidar el papel de \u00abEspa\u00f1a en los plantes de la CIA y la OTAN\u00bb.<\/p>\n<p>La perspectiva de Portome\u00f1e: \u00abPara actuar con el m\u00e1ximo rigor y facilitar la comprensi\u00f3n de sucesos como la masacre de cinco abogados laboralistas en Atoche el 24 de enero de 1977, resulta esencial analizar algunos de los m\u00e1s decisivos acontecimientos de la llamada Transici\u00f3n a la democracia desde una perspectiva global y conjunta\u00bb. De otra manera, analiz\u00e1ndolos como fen\u00f3menos aislados y desconectados, \u00abser\u00eda posible ver los \u00e1rboles, pero resultar\u00eda muy complicado, sino imposible, ver el bosque\u00bb. Portome\u00f1e P\u00e9rez nos muestra la complejidad y diversidad del bosque. S\u00f3lo en su conjunto, a\u00f1ade, \u00abpueden entenderse los tent\u00e1culos del imperialismo\u00bb.<\/p>\n<p>Recordando una consideraci\u00f3n central de Joan Garc\u00e9s, la historia de Espa\u00f1a es para el autor la historia de un pa\u00eds intervenido. La versi\u00f3n oficial de una transici\u00f3n democr\u00e1tica id\u00edlica y pac\u00edfica, tan exitosamente extendida <i>urbe et orbi<\/i>, contrasta para \u00e9l (tambi\u00e9n para el autor de esta nota) con \u00abla realidad de un pa\u00eds convulso, que alcanz\u00f3 su punto \u00e1lgido en la \u00faltima semana de enero de 1977, con la sucesi\u00f3n de acontecimientos que incluyeron el asesinato del joven Arturo Ruiz, la muerte de la estudiante Mariluz N\u00e1jera durante una manifestaci\u00f3n, el secuestro del general Villaescusa y la matanza de cinco abogados laboralistas del PCE, entre otros\u00bb.<\/p>\n<p>Portome\u00f1e P\u00e9rez dedica el libro \u00abA todos los hombres y mujeres que lucharon, luchan y luchar\u00e1n por la libertad, la igualdad, la solidaridad y la justicia social\u00bb. \u00c9l es uno de ellos. Los lectores debemos agradecerle su enorme esfuerzo, su perspectiva de largo alcance y el gran acierto para narrar esta historia, este crimen abyecto en el que nunca habitar\u00e1 nuestro olvido.<\/p>\n<p>Para futuras reediciones: la inclusi\u00f3n de un \u00edndice nominal facilitar\u00eda la relectura y las b\u00fasquedas de los lectores\/as, y un cap\u00edtulo de cierre o conclusiones colmar\u00eda la excelencia del ensayo.<\/p>\n<p>Fuente: <i>El Viejo Topo<\/i>, marzo de 2023.<\/p>\n","protected":false},"excerpt":{"rendered":"<p>Rese\u00f1a de: Carlos A. Portome\u00f1e P\u00e9rez, La matanza de Atocha y otros cr\u00edmenes de Estado, Madrid; Atrapasue\u00f1os, 2022, 771 p\u00e1ginas.<\/p>\n","protected":false},"author":5,"featured_media":13593,"comment_status":"open","ping_status":"open","sticky":false,"template":"","format":"standard","meta":{"footnotes":""},"categories":[17,46],"tags":[1990,1991,917],"class_list":["post-13591","post","type-post","status-publish","format-standard","has-post-thumbnail","hentry","category-historia","category-memoria-historica","tag-carlos-a-portomene-perez","tag-la-matanza-de-atocha-y-otros-crimenes-de-estado","tag-resenas"],"aioseo_notices":[],"_links":{"self":[{"href":"https:\/\/espai-marx.net\/index.php?rest_route=\/wp\/v2\/posts\/13591","targetHints":{"allow":["GET"]}}],"collection":[{"href":"https:\/\/espai-marx.net\/index.php?rest_route=\/wp\/v2\/posts"}],"about":[{"href":"https:\/\/espai-marx.net\/index.php?rest_route=\/wp\/v2\/types\/post"}],"author":[{"embeddable":true,"href":"https:\/\/espai-marx.net\/index.php?rest_route=\/wp\/v2\/users\/5"}],"replies":[{"embeddable":true,"href":"https:\/\/espai-marx.net\/index.php?rest_route=%2Fwp%2Fv2%2Fcomments&post=13591"}],"version-history":[{"count":0,"href":"https:\/\/espai-marx.net\/index.php?rest_route=\/wp\/v2\/posts\/13591\/revisions"}],"wp:featuredmedia":[{"embeddable":true,"href":"https:\/\/espai-marx.net\/index.php?rest_route=\/wp\/v2\/media\/13593"}],"wp:attachment":[{"href":"https:\/\/espai-marx.net\/index.php?rest_route=%2Fwp%2Fv2%2Fmedia&parent=13591"}],"wp:term":[{"taxonomy":"category","embeddable":true,"href":"https:\/\/espai-marx.net\/index.php?rest_route=%2Fwp%2Fv2%2Fcategories&post=13591"},{"taxonomy":"post_tag","embeddable":true,"href":"https:\/\/espai-marx.net\/index.php?rest_route=%2Fwp%2Fv2%2Ftags&post=13591"}],"curies":[{"name":"wp","href":"https:\/\/api.w.org\/{rel}","templated":true}]}}