{"id":13610,"date":"2023-04-20T05:00:16","date_gmt":"2023-04-20T04:00:16","guid":{"rendered":"https:\/\/espai-marx.net\/?p=13610"},"modified":"2023-04-19T23:47:10","modified_gmt":"2023-04-19T22:47:10","slug":"nueva-incorporacion-a-nuestra-biblioteca-electronica-organizacao-politica-de-amilcar-cabral","status":"publish","type":"post","link":"https:\/\/espai-marx.net\/?p=13610","title":{"rendered":"Nueva incorporaci\u00f3n a nuestra biblioteca electr\u00f3nica: <i>Organiza\u00e7\u00e3o Pol\u00edtica<\/i>, de Am\u00edlcar Cabral"},"content":{"rendered":"<p><a href=\"https:\/\/espai-marx.net\/wp-content\/uploads\/2023\/04\/Amilcar-Cabral-\u2013-Organizacao-Politica.jpg\"><img loading=\"lazy\" decoding=\"async\" class=\"alignleft  wp-image-13611\" src=\"https:\/\/espai-marx.net\/wp-content\/uploads\/2023\/04\/Amilcar-Cabral-\u2013-Organizacao-Politica.jpg\" alt=\"\" width=\"200\" height=\"283\" srcset=\"https:\/\/espai-marx.net\/wp-content\/uploads\/2023\/04\/Amilcar-Cabral-\u2013-Organizacao-Politica.jpg 300w, https:\/\/espai-marx.net\/wp-content\/uploads\/2023\/04\/Amilcar-Cabral-\u2013-Organizacao-Politica-212x300.jpg 212w\" sizes=\"auto, (max-width: 200px) 100vw, 200px\" \/><\/a>El libro, en portugu\u00e9s, contiene los siguientes textos de Am\u00edlcar Cabral:<\/p>\n<p>-\u00abLos insustituibles\u00bb<br \/>\n-\u00abNo todos pertenecen al Partido\u00bb<br \/>\n-\u00abNuestro Partido y la Lucha\u00bb<br \/>\n-\u00abLa aplicaci\u00f3n de los principios del partido en la pr\u00e1ctica &#8211; Centralismo democr\u00e1tico, cr\u00edtica y autocr\u00edtica\u00bb<br \/>\n-\u00abHomenaje a Lenin\u00bb<br \/>\n-\u00abPoema\u00bb<\/p>\n<p><strong>Presentaci\u00f3n<\/strong><\/p>\n<p>La presente colecci\u00f3n de textos del revolucionario africano Am\u00edlcar Cabral, l\u00edder del Partido Africano para la Independencia de Guinea y Cabo Verde &#8211; PAIGC, surge con la intenci\u00f3n de ofrecer escritos amplios y accesibles que aborden el tema de la organizaci\u00f3n partidaria y sus desaf\u00edos, desde la comprensi\u00f3n de los conceptos fundamentales del marxismo-leninismo, hasta su aplicaci\u00f3n en el d\u00eda a d\u00eda de la militancia pol\u00edtica.<\/p>\n<p>En cada uno de los textos escogidos, Am\u00edlcar Cabral realiza un breve y profundo examen del significado de la organizaci\u00f3n pol\u00edtica, acci\u00f3n colectiva que implica no s\u00f3lo identidad revolucionaria, sino pr\u00e1ctica revolucionaria.<\/p>\n<p>Organizarse pol\u00edticamente exige de los militantes responsabilidad, disciplina, camarader\u00eda, creatividad y esp\u00edritu de iniciativa, exige tambi\u00e9n combatir las desviaciones individualistas y oportunistas. Al mismo tiempo, estimula la colectividad, el pensamiento cr\u00edtico y proporciona fuerza para las actividades desarrolladas en cualquier \u00e1mbito.<\/p>\n<p>Es a trav\u00e9s de la lucha como se forman los militantes \u2014en palabras de Ho Chi Minh, es como \u00abel oro que se purifica a\u00fan m\u00e1s mediante un largo contacto con el fuego\u00bb\u2014 y se convierten en cuadros, personas que dominan pol\u00edticamente la l\u00ednea de su organizaci\u00f3n y pueden formular intervenciones para su realidad.<\/p>\n<p>Y para que la lucha se desarrolle con \u00e9xito, es necesario contar con un instrumento organizativo que funcione de forma adecuada y profesional, rompiendo con el amateurismo.<\/p>\n<p>Esta colecci\u00f3n surge con este prop\u00f3sito: avanzar en el desarrollo de instrumentos organizativos de alto grado y establecer bases s\u00f3lidas para m\u00e1s victorias en las luchas.<\/p>\n<p>Fuente: <a href=\"https:\/\/traduagindo.com\/2023\/04\/11\/amilcar-cabral-organizacao-politica-pdf\/\">https:\/\/traduagindo.com\/2023\/04\/11\/amilcar-cabral-organizacao-politica-pdf\/<\/a><\/p>\n<p>Descarga en nuestra biblioteca: <a href=\"https:\/\/espai-marx.net\/elsarbres\/wp-content\/uploads\/2023\/04\/amilcar_cabral_organizacao_politica_pdf_01.pdf\">amilcar_cabral_organizacao_politica_pdf_01<\/a><\/p>\n","protected":false},"excerpt":{"rendered":"<p>El libro, en portugu\u00e9s, contiene los siguientes textos de Am\u00edlcar Cabral: -\u00abLos insustituibles\u00bb -\u00abNo todos pertenecen al Partido\u00bb -\u00abNuestro Partido<\/p>\n","protected":false},"author":5,"featured_media":13612,"comment_status":"open","ping_status":"open","sticky":false,"template":"","format":"standard","meta":{"footnotes":""},"categories":[825],"tags":[1992],"class_list":["post-13610","post","type-post","status-publish","format-standard","has-post-thumbnail","hentry","category-elsarbres","tag-amilcar-cabral"],"aioseo_notices":[],"_links":{"self":[{"href":"https:\/\/espai-marx.net\/index.php?rest_route=\/wp\/v2\/posts\/13610","targetHints":{"allow":["GET"]}}],"collection":[{"href":"https:\/\/espai-marx.net\/index.php?rest_route=\/wp\/v2\/posts"}],"about":[{"href":"https:\/\/espai-marx.net\/index.php?rest_route=\/wp\/v2\/types\/post"}],"author":[{"embeddable":true,"href":"https:\/\/espai-marx.net\/index.php?rest_route=\/wp\/v2\/users\/5"}],"replies":[{"embeddable":true,"href":"https:\/\/espai-marx.net\/index.php?rest_route=%2Fwp%2Fv2%2Fcomments&post=13610"}],"version-history":[{"count":0,"href":"https:\/\/espai-marx.net\/index.php?rest_route=\/wp\/v2\/posts\/13610\/revisions"}],"wp:featuredmedia":[{"embeddable":true,"href":"https:\/\/espai-marx.net\/index.php?rest_route=\/wp\/v2\/media\/13612"}],"wp:attachment":[{"href":"https:\/\/espai-marx.net\/index.php?rest_route=%2Fwp%2Fv2%2Fmedia&parent=13610"}],"wp:term":[{"taxonomy":"category","embeddable":true,"href":"https:\/\/espai-marx.net\/index.php?rest_route=%2Fwp%2Fv2%2Fcategories&post=13610"},{"taxonomy":"post_tag","embeddable":true,"href":"https:\/\/espai-marx.net\/index.php?rest_route=%2Fwp%2Fv2%2Ftags&post=13610"}],"curies":[{"name":"wp","href":"https:\/\/api.w.org\/{rel}","templated":true}]}}