{"id":13687,"date":"2023-05-06T05:00:19","date_gmt":"2023-05-06T04:00:19","guid":{"rendered":"https:\/\/espai-marx.net\/?p=13687"},"modified":"2023-05-06T01:27:14","modified_gmt":"2023-05-06T00:27:14","slug":"japon-demuestra-un-cambio-de-actitud-ante-el-creciente-poder-del-sur-global","status":"publish","type":"post","link":"https:\/\/espai-marx.net\/?p=13687","title":{"rendered":"Jap\u00f3n demuestra un cambio de actitud ante el creciente poder del Sur global"},"content":{"rendered":"<p>A mediados de abril, el Ministerio de Asuntos Exteriores japon\u00e9s public\u00f3 su <a href=\"https:\/\/www.mofa.go.jp\/mofaj\/files\/100488910.pdf\" target=\"_blank\" rel=\"nofollow noopener noreferrer\" shape=\"rect\"><i>Libro Azul de la Diplomacia 2023<\/i><\/a>, su gu\u00eda m\u00e1s importante sobre asuntos internacionales. El ministro de Asuntos Exteriores japon\u00e9s, Yoshimasa Hayashi, escribi\u00f3 el pr\u00f3logo, que comienza as\u00ed: \u00abEl mundo se encuentra ahora en un punto de inflexi\u00f3n en la historia\u00bb. Esta frase es clave para entender el enfoque japon\u00e9s de la guerra en Ucrania. Unas horas despu\u00e9s de que las fuerzas rusas entraron en Ucrania, el Gobierno japon\u00e9s firm\u00f3 la <a href=\"https:\/\/www.consilium.europa.eu\/en\/press\/press-releases\/2022\/02\/24\/g7-leaders-statement-on-the-invasion-of-ukraine-by-armed-forces-of-the-russian-federation\/\" target=\"_blank\" rel=\"nofollow noopener noreferrer\" shape=\"rect\">declaraci\u00f3n<\/a> del G7 que condenaba la \u00abagresi\u00f3n militar a gran escala\u00bb y ped\u00eda \u00absanciones econ\u00f3micas y financieras severas y coordinadas\u00bb. Al d\u00eda siguiente, Hayashi <a href=\"https:\/\/www.mofa.go.jp\/press\/release\/press6e_000371.html\" target=\"_blank\" rel=\"nofollow noopener noreferrer\" shape=\"rect\">anunci\u00f3<\/a> que Jap\u00f3n sancionar\u00eda a \u00abpersonas relacionadas con Rusia\u00bb, congelar\u00eda los activos de tres bancos rusos y sancionar\u00eda las exportaciones al ej\u00e9rcito ruso. En su <i>Libro Azul de la Diplomacia 2022<\/i>, Jap\u00f3n <a href=\"https:\/\/www.mofa.go.jp\/files\/100387219.pdf\" target=\"_blank\" rel=\"nofollow noopener noreferrer\" shape=\"rect\">conden\u00f3<\/a> a Rusia e inst\u00f3 a su Gobierno a \u00abretirar sus tropas inmediatamente, y cumplir con el derecho internacional\u00bb. La guerra de Rusia, argumentaban los japoneses, \u00absacude los cimientos mismos del orden internacional\u00bb, un orden cuyo desgaste, como sostiene el nuevo <i>Libro azul<\/i>, ha llevado al mundo a este \u00abpunto de inflexi\u00f3n\u00bb.<\/p>\n<p><b>Intereses nacionales<\/b><\/p>\n<p>A pesar de todo lo que se ha dicho sobre las sanciones, Jap\u00f3n sigue importando energ\u00eda de Rusia. En 2022, el 9,5% del gas natural licuado importado por Jap\u00f3n <a href=\"https:\/\/economictimes.indiatimes.com\/news\/international\/world-news\/japans-energy-ties-with-russia-are-aimed-at-ensuring-stability-at-home\/articleshow\/99544684.cms?from=mdr\" target=\"_blank\" rel=\"nofollow noopener noreferrer\" shape=\"rect\">proced\u00eda<\/a> de Rusia (frente al 8,8% en 2021). La mayor parte de esta energ\u00eda proced\u00eda de la isla rusa de Sajal\u00edn, donde las empresas japonesas y el Gobierno han realizado importantes <a href=\"https:\/\/peoplesdispatch.org\/2022\/04\/05\/will-japan-and-russia-tensions-over-contested-pacific-islands-spill-over-into-war\/\" target=\"_blank\" rel=\"nofollow noopener noreferrer\" shape=\"rect\">inversiones<\/a>. En julio de 2022, se le pregunt\u00f3 a Hayashi sobre la continuidad de las importaciones japonesas desde Sajal\u00edn-2. Su <a href=\"https:\/\/www.mofa.go.jp\/press\/kaiken\/kaiken22e_000085.html\" target=\"_blank\" rel=\"nofollow noopener noreferrer\" shape=\"rect\">respuesta<\/a> fue clara: \u00abSajal\u00edn-2 es un proyecto importante para la seguridad energ\u00e9tica, incluido el suministro estable de electricidad y gas en Jap\u00f3n\u00bb. Desde julio, los funcionarios japoneses han <a href=\"https:\/\/www.mofa.go.jp\/press\/kaiken\/kaiken24e_000156.html\" target=\"_blank\" rel=\"nofollow noopener noreferrer\" shape=\"rect\">seguido<\/a> haciendo hincapi\u00e9 en los intereses nacionales de Jap\u00f3n (incluidos aquellos garantizados por el proyecto de gas natural Sajal\u00edn-2) por encima de sus obligaciones con el G7 y de sus propias declaraciones sobre la guerra. En agosto de 2022, el Gobierno japon\u00e9s <a href=\"https:\/\/english.kyodonews.net\/news\/2022\/08\/7433b9c64107-japan-minister-asks-firms-to-consider-joining-new-sakhalin-2-operator.html?phrase=Kagoshima&amp;words=\" target=\"_blank\" rel=\"nofollow noopener noreferrer\" shape=\"rect\">pidi\u00f3<\/a> a dos empresas privadas \u2013 Mitsui y Mitsubishi \u2013 que profundizaran su participaci\u00f3n en el proyecto ruso Sakhalin-2. \u00abResponderemos trabajando con los sectores p\u00fablico y privado para proteger los intereses de las empresas y asegurar [un] suministro estable de gas natural licuado\u00bb, <a href=\"https:\/\/english.kyodonews.net\/news\/2022\/08\/7433b9c64107-japan-minister-asks-firms-to-consider-joining-new-sakhalin-2-operator.html?phrase=Kagoshima&amp;words=\" target=\"_blank\" rel=\"nofollow noopener noreferrer\" shape=\"rect\">dijo<\/a> el ex ministro de Econom\u00eda, Comercio e Industria K\u014dichi Hagiuda.<\/p>\n<p>En marzo de 2022, <i>Kyodo News<\/i> <a href=\"https:\/\/english.kyodonews.net\/news\/2022\/03\/817eff055d7e-japan-to-again-designate-russian-held-isles-as-illegally-occupied.html\" target=\"_blank\" rel=\"nofollow noopener noreferrer\" shape=\"rect\">inform\u00f3<\/a> de que una versi\u00f3n filtrada del <i>Libro Azul de la Diplomacia 2022<\/i> utilizaba una frase bastante sorprendente (\u00abocupaci\u00f3n ilegal\u00bb) para describir el control ruso sobre las islas al norte de Hokkaido. El Gobierno japon\u00e9s no hab\u00eda utilizado esa <a href=\"https:\/\/www.mofa.go.jp\/policy\/other\/bluebook\/2003\/chap2-e.pdf\" target=\"_blank\" rel=\"nofollow noopener noreferrer\" shape=\"rect\">frase<\/a> desde 2003, en gran parte debido al aumento de la actividad diplom\u00e1tica entre Jap\u00f3n y Rusia impulsada por la colaboraci\u00f3n en torno al desarrollo de Sajal\u00edn-2. Result\u00f3 que el borrador que hab\u00eda visto <i>Kyodo News<\/i> hab\u00eda sido modificado para que el <a href=\"https:\/\/www.mofa.go.jp\/files\/100387219.pdf\" target=\"_blank\" rel=\"nofollow noopener noreferrer\" shape=\"rect\"><i>Libro Azul de la Diplomacia<\/i><\/a> oficial de 2022 no utilizara esa frase. En su lugar, el <i>Libro Azul<\/i> se\u00f1alaba que la \u00abmayor preocupaci\u00f3n entre Jap\u00f3n y Rusia es la cuesti\u00f3n de los Territorios del Norte\u00bb, que \u00aba\u00fan est\u00e1 por resolver\u00bb. Jap\u00f3n podr\u00eda haber aprovechado la animadversi\u00f3n de Occidente contra Rusia para insistir en su reclamo sobre estas islas, pero en lugar de ello, el Gobierno japon\u00e9s se limit\u00f3 a esperar que Rusia se retirara de Ucrania y volviera a las \u00abnegociaciones sobre un tratado de paz\u00bb en relaci\u00f3n con las islas situadas al norte de Jap\u00f3n.<\/p>\n<p><b>Tres nuevos puntos<\/b><\/p>\n<p>El <a href=\"https:\/\/www.mofa.go.jp\/mofaj\/files\/100488910.pdf\" target=\"_blank\" rel=\"nofollow noopener noreferrer\" shape=\"rect\"><i>Libro Azul de la Diplomacia 2023<\/i><\/a> se\u00f1ala tres puntos importantes: que la era posterior a la Guerra Fr\u00eda ha terminado, que China es el \u00abmayor desaf\u00edo estrat\u00e9gico\u00bb de Jap\u00f3n (p. 43) y que los pa\u00edses del Sur Global deben ser tomados en serio. El <i>Libro Azul<\/i> destaca la confusi\u00f3n de Jap\u00f3n, atrapado entre su dependencia de la energ\u00eda rusa y la creciente confianza del Sur Global.<\/p>\n<p>El <i>Libro Azul<\/i> de 2022 se\u00f1alaba: \u00abLa comunidad internacional est\u00e1 experimentando actualmente un cambio que define una era\u00bb. Ahora, sin embargo, el <i>Libro Azul<\/i> de 2023 se\u00f1ala el \u00abfinal de la era posterior a la Guerra Fr\u00eda\u00bb (p. 3), que se ilustra con el colapso del orden mundial liderado por los Estados Unidos (que tanto los Estados Unidos como Jap\u00f3n <a href=\"https:\/\/thetricontinental.org\/dossier-regionalism-new-international-order\/\" target=\"_blank\" rel=\"nofollow noopener noreferrer\" shape=\"rect\">denominan<\/a> \u00aborden internacional basado en normas\u00bb). El poder de Washington ha disminuido, pero no est\u00e1 claro qu\u00e9 vendr\u00e1 despu\u00e9s.<\/p>\n<p>La preocupaci\u00f3n por el creciente papel de China en Asia no es nueva para Jap\u00f3n, que lleva mucho tiempo disput\u00e1ndose las islas Diaoyu (China)\/Senkaku (Jap\u00f3n). Pero ahora, hay una evaluaci\u00f3n mucho m\u00e1s pronunciada \u2013 y peligrosa \u2013 de la situaci\u00f3n. El <i>Libro Azul<\/i> 2023 se\u00f1ala el estrecho alineamiento entre China y Rusia, aunque no se centra en esa asociaci\u00f3n estrat\u00e9gica. M\u00e1s bien, el Gobierno japon\u00e9s se centra en China, a la que considera ahora como el \u00abmayor desaf\u00edo estrat\u00e9gico\u00bb de Jap\u00f3n. Incluso en este caso, el Gobierno japon\u00e9s reconoce que los dos pa\u00edses \u00abhan mantenido una serie de di\u00e1logos para discutir asuntos comunes\u00bb. Los \u00abesfuerzos tanto de Jap\u00f3n como de China\u00bb son importantes, dice el <i>Libro Azul<\/i>, para construir una relaci\u00f3n \u00abconstructiva y estable\u00bb (p. 43).<\/p>\n<p>Por \u00faltimo, el Gobierno japon\u00e9s acepta que hay un nuevo estado de \u00e1nimo en el Sur Global, con pa\u00edses de \u00c1frica, Asia y Am\u00e9rica Latina que <a href=\"https:\/\/peoplesdispatch.org\/2023\/02\/24\/the-global-south-refuses-pressure-to-side-with-the-west-on-russia\/\" target=\"_blank\" rel=\"nofollow noopener noreferrer\" shape=\"rect\">no est\u00e1n dispuestos<\/a> a someterse por m\u00e1s tiempo a la voluntad de los Estados occidentales. En enero de 2023, un periodista del <i>Yomiuri Shimbun<\/i> <a href=\"https:\/\/www.mofa.go.jp\/press\/kaiken\/kaiken24e_000202.html\" target=\"_blank\" rel=\"nofollow noopener noreferrer\" shape=\"rect\">pregunt\u00f3<\/a> a la secretaria de prensa del Ministerio de Asuntos Exteriores, Hikariko Ono, c\u00f3mo defin\u00eda Jap\u00f3n el \u00abSur Global\u00bb. Su t\u00edmida respuesta es instructiva. \u00abEl Gobierno de Jap\u00f3n no tiene una definici\u00f3n precisa del t\u00e9rmino Sur Global\u00bb, dijo, pero \u00abentiendo que, en general, suele referirse a los pa\u00edses emergentes y en desarrollo\u00bb. El Ministerio de Asuntos Exteriores, se\u00f1al\u00f3, debe \u00abreforzar el compromiso con el Sur Global\u00bb. En el <i>Libro Azul<\/i> 2023, los japoneses reconocen que los pa\u00edses del Sur Global no siguen la postura occidental sobre Ucrania y que reprender a los pa\u00edses del Sur Global suscita acusaciones de \u00abdoble rasero\u00bb (las guerras de Occidente son aceptables, pero las de otros son inaceptables) (p. 3). Jap\u00f3n promover\u00e1 el multilateralismo, construyendo \u00abun enfoque inclusivo que salve las diferencias\u00bb. Se requiere una nueva \u00abactitud\u00bb, dice el <i>Libro Azul<\/i>.<\/p>\n<p>En marzo, el Primer Ministro japon\u00e9s, Fumio Kishida, se reuni\u00f3 con el presidente Volodymyr Zelenskyy en Ucrania. Ambas partes <a href=\"https:\/\/www.nikkei.com\/article\/DGXZQOUA318LG0R30C23A3000000\/\" target=\"_blank\" rel=\"nofollow noopener noreferrer\" shape=\"rect\">dijeron<\/a> que estaban trabajando para compartir informaci\u00f3n sobre seguridad, pero Jap\u00f3n <a href=\"https:\/\/www.yomiuri.co.jp\/column\/henshu\/20230324-OYT8T50074\/2\/\" target=\"_blank\" rel=\"nofollow noopener noreferrer\" shape=\"rect\">se neg\u00f3<\/a> una vez m\u00e1s a enviar armas a Ucrania. Unas semanas despu\u00e9s de que Kishida abandonara Ucrania, Mitsuko Shino, Representante Permanente Adjunta de Jap\u00f3n ante las Naciones Unidas, <a href=\"https:\/\/www.un.emb-japan.go.jp\/itpr_en\/shino041023.html\" target=\"_blank\" rel=\"nofollow noopener noreferrer\" shape=\"rect\">advirti\u00f3<\/a> en una cautelosa declaraci\u00f3n sobre los \u00abriesgos derivados de las violaciones de los acuerdos que regulan la exportaci\u00f3n de armas y equipos militares\u00bb y sobre la importancia del <a href=\"https:\/\/thearmstradetreaty.org\/\" target=\"_blank\" rel=\"nofollow noopener noreferrer\" shape=\"rect\">Tratado sobre el Comercio de Armas<\/a>. Jap\u00f3n sigue atrapado en los cuernos de su propio dilema.<\/p>\n<p>&nbsp;<\/p>\n<p>Este art\u00edculo fue producido para <a href=\"https:\/\/globetrotter.media\/\" target=\"_blank\" rel=\"nofollow noopener noreferrer\" shape=\"rect\">Globetrotter<\/a>. Vijay Prashad es un historiador, editor y periodista indio. Es miembro de la redacci\u00f3n y corresponsal en jefe de Globetrotter. Es editor en jefe de <a href=\"https:\/\/mayday.leftword.com\/\" target=\"_blank\" rel=\"nofollow noopener noreferrer\" shape=\"rect\">LeftWord Books<\/a> y director del <a href=\"https:\/\/thetricontinental.org\/es\/\" target=\"_blank\" rel=\"nofollow noopener noreferrer\" shape=\"rect\">Instituto Tricontinental de Investigaci\u00f3n Social<\/a>. Tambi\u00e9n es miembro senior no-residente del <a href=\"https:\/\/tinyurl.com\/y2hdjcpo\" target=\"_blank\" rel=\"nofollow noopener noreferrer\" shape=\"rect\">Instituto Chongyang de Estudios Financieros<\/a> de la Universidad Renmin de China. Ha escrito m\u00e1s de 20 libros, entre ellos <a href=\"https:\/\/smile.amazon.com\/Darker-Nations-Peoples-History-Third\/dp\/1595583424\/?tag=alternorg08-20\" target=\"_blank\" rel=\"nofollow noopener noreferrer\" shape=\"rect\"><i>The Darker Nations<\/i><\/a> y <a href=\"https:\/\/smile.amazon.com\/Poorer-Nations-Possible-History-Global\/dp\/1781681589\/?tag=alternorg08-20\" target=\"_blank\" rel=\"nofollow noopener noreferrer\" shape=\"rect\"><i>The Poorer Nations<\/i><\/a>. Sus \u00faltimos libros son <a href=\"https:\/\/www.haymarketbooks.org\/books\/1869-struggle-makes-us-human\" target=\"_blank\" rel=\"nofollow noopener noreferrer\" shape=\"rect\"><i>Struggle Makes Us Human: Learning from Movements for Socialism<\/i><\/a> y <a href=\"https:\/\/thenewpress.com\/books\/withdrawal\" target=\"_blank\" rel=\"nofollow noopener noreferrer\" shape=\"rect\"><i>The Withdrawal: Iraq, Libya, Afghanistan, and the Fragility of U.S. Power<\/i><\/a> (con Noam Chomsky).<\/p>\n<p><b>Fuente:<\/b> Globetrotter<\/p>\n<p><strong>Foto de portada:<\/strong> Mitsuko Shino, Representante Permanente Adjunta de Jap\u00f3n ante las Naciones Unidas, se ha pronunciado en\u00e9rgicamente sobre los riesgos que entra\u00f1a el env\u00edo de armas. Foto: Misi\u00f3n de la ONU en Jap\u00f3n<\/p>\n","protected":false},"excerpt":{"rendered":"<p>A mediados de abril, el Ministerio de Asuntos Exteriores japon\u00e9s public\u00f3 su Libro Azul de la Diplomacia 2023, su gu\u00eda<\/p>\n","protected":false},"author":5,"featured_media":13689,"comment_status":"open","ping_status":"open","sticky":false,"template":"","format":"standard","meta":{"footnotes":""},"categories":[29,2000],"tags":[],"class_list":["post-13687","post","type-post","status-publish","format-standard","has-post-thumbnail","hentry","category-internacional","category-japon"],"aioseo_notices":[],"_links":{"self":[{"href":"https:\/\/espai-marx.net\/index.php?rest_route=\/wp\/v2\/posts\/13687","targetHints":{"allow":["GET"]}}],"collection":[{"href":"https:\/\/espai-marx.net\/index.php?rest_route=\/wp\/v2\/posts"}],"about":[{"href":"https:\/\/espai-marx.net\/index.php?rest_route=\/wp\/v2\/types\/post"}],"author":[{"embeddable":true,"href":"https:\/\/espai-marx.net\/index.php?rest_route=\/wp\/v2\/users\/5"}],"replies":[{"embeddable":true,"href":"https:\/\/espai-marx.net\/index.php?rest_route=%2Fwp%2Fv2%2Fcomments&post=13687"}],"version-history":[{"count":0,"href":"https:\/\/espai-marx.net\/index.php?rest_route=\/wp\/v2\/posts\/13687\/revisions"}],"wp:featuredmedia":[{"embeddable":true,"href":"https:\/\/espai-marx.net\/index.php?rest_route=\/wp\/v2\/media\/13689"}],"wp:attachment":[{"href":"https:\/\/espai-marx.net\/index.php?rest_route=%2Fwp%2Fv2%2Fmedia&parent=13687"}],"wp:term":[{"taxonomy":"category","embeddable":true,"href":"https:\/\/espai-marx.net\/index.php?rest_route=%2Fwp%2Fv2%2Fcategories&post=13687"},{"taxonomy":"post_tag","embeddable":true,"href":"https:\/\/espai-marx.net\/index.php?rest_route=%2Fwp%2Fv2%2Ftags&post=13687"}],"curies":[{"name":"wp","href":"https:\/\/api.w.org\/{rel}","templated":true}]}}