{"id":13709,"date":"2023-05-09T09:16:18","date_gmt":"2023-05-09T08:16:18","guid":{"rendered":"https:\/\/espai-marx.net\/?p=13709"},"modified":"2023-06-03T07:22:37","modified_gmt":"2023-06-03T06:22:37","slug":"vetar-o-censurar-no-son-actitudes-de-izquierdas-vetar-o-censurar-no-son-actituds-desquerres","status":"publish","type":"post","link":"https:\/\/espai-marx.net\/?p=13709","title":{"rendered":"Vetar o censurar no son actitudes de izquierdas \/ Vetar o censurar no s\u00f3n actituds d&#8217;esquerres"},"content":{"rendered":"<p>Los responsables de la Feria de libros Literal han vetado en el encuentro de este a\u00f1o, que se celebrar\u00e1 los pr\u00f3ximos 20 y 21 de mayo en Barcelona, la presencia de El Viejo Topo, una revista y una editorial marxista y antifascista que lo largo de casi 50 a\u00f1os ha sido esencial para la cultura y la defensa de las clases trabajadoras de Catalu\u00f1a y del conjunto de Espa\u00f1a.<\/p>\n<p>La (sin)raz\u00f3n dada por la coordinadora de la feria es la publicaci\u00f3n por la editorial de un determinado autor que no es del gusto de Literal 2023. Empero, hace a\u00f1os que el Topo lo edita sin que hasta ahora se haya impedido su participaci\u00f3n en la feria. M\u00e1s a\u00fan: otra editorial, que participa en Literal, lo ha editado tambi\u00e9n sin que ello haya conllevado ning\u00fan obst\u00e1culo para su participaci\u00f3n.<\/p>\n<p>La decisi\u00f3n de los responsables de Literal 2023 constituye en nuestra opini\u00f3n una censura, inquisitorial, no solo contra El Viejo Topo sino tambi\u00e9n contra quienes seguimos apoyando y aprendiendo de esta editorial imprescindible y contra los autores que publican en ella, que se cuentan por decenas, sino por alguna centena.<\/p>\n<p>Sean cuales sean las sinrazones de fondo (todo apunta a otras sinrazones complementarias), nada que tenga que ver con la censura y el veto puede ser defendido desde posiciones democr\u00e1ticas de izquierda y m\u00e1s a\u00fan si se habla de radicalidad, esto es, de ir al fondo de las situaciones y de las cosas.<\/p>\n<p>Por todo ello, los y las abajo firmantes solicitamos la inmediata rectificaci\u00f3n p\u00fablica y concreta de los responsables de Literal 2023. En caso de no producirse, sugerimos que este acto de censura sea valorado y rechazado por las editoriales que participan en la Feria, as\u00ed como por el gobierno municipal de Barcelona, que apoya el encuentro con financiaci\u00f3n p\u00fablica e instalaciones.<\/p>\n<p>La ciudadan\u00eda debe mostrar su posici\u00f3n cr\u00edtica (izquierda y censura son t\u00e9rminos contradictorios) de manera tambi\u00e9n concreta. Un encuentro del libro alternativo no puede quedar manchado por una decisi\u00f3n inaceptable, en absoluto de izquierdas, de sus organizadores.<\/p>\n<p>\u00a1Todos debemos tener derecho a la voz y a la palabra!<\/p>\n<hr \/>\n<p>Els responsables de la Fira de llibres Literal han vetat a la trobada d&#8217;aquest any (propers 20 i 21 de maig a Barcelona), la pres\u00e8ncia d&#8217;El Viejo Topo, una revista i una editorial marxista i antifeixista que durant gaireb\u00e9 50 anys ha estat essencial per a la cultura i defensa de les classes treballadores de Catalunya i del conjunt d&#8217;Espanya.<\/p>\n<p>La (sense)ra\u00f3 donada per la coordinadora de la fira \u00e9s la publicaci\u00f3 per l&#8217;editorial d&#8217;un determinat autor que no \u00e9s del gust de Literal 2023. No obstant aix\u00f2, fa anys que el Topo ho edita sense que fins ara s&#8217;hagi impedit la seva participaci\u00f3 a la fira. Encara m\u00e9s: una altra editorial, que participa a Literal, ho ha editat tamb\u00e9 sense que aix\u00f2 hagi comportat cap obstacle per a la seva participaci\u00f3.<\/p>\n<p>La decisi\u00f3 dels responsables de Literal 2023 constitueix, des del nostre punt de vista, una censura, inquisitorial, no nom\u00e9s contra El Vell Topo sin\u00f3 tamb\u00e9 contra els que seguim recolzant i aprenent d&#8217;aquesta editorial imprescindible i contra els autors que hi publiquen, que es compten per desenes, sin\u00f3 per alguna centena.<\/p>\n<p>Siguin quines siguin les (no)raons de fons (tot apunta a altres complement\u00e0ries), res que tingui a veure amb la censura pot ser defensat des de posicions democr\u00e0tiques d&#8217;esquerra i m\u00e9s encara si es parla de radicalitat, \u00e9s a dir, d&#8217;anar al fons de les situacions i de les coses.<\/p>\n<p>Per tot aix\u00f2, els i les sotasignats sol\u00b7licitem la immediata rectificaci\u00f3 p\u00fablica i concreta dels responsables de Literal 2023. En cas de no produir-se, suggerim que aquest acte de censura sigui valorat i rebutjat per les editorials que participen a la Fira, aix\u00ed com pel govern municipal de Barcelona, que recolza la trobada amb finan\u00e7ament p\u00fablic i instal\u00b7lacions.<\/p>\n<p>La ciutadania ha de mostrar la seva posici\u00f3 cr\u00edtica (esquerra i censura s\u00f3n termes contradictoris) de manera concreta. Una trobada del llibre alternatiu no pot quedar tacada per una decisi\u00f3 inacceptable, en absolut d&#8217;esquerres, dels organitzadors.<\/p>\n<p>Tots hem de tenir dret a la veu i la paraula!<\/p>\n<p>&nbsp;<\/p>\n<p>[Para nuevas adhesiones: enviar nombre y dos apellidos a uno de los siguientes correos: joaquinmiras@gmail.com, martinramos.chest@gmail.com, salarnal@gmail.com]<\/p>\n<p><em>Las adhesiones que se reciban se van incorporando a esta entrada de nuestra web.<\/em><\/p>\n<p>Francisco Javier Aguilera Galera<br \/>\nJaime Albert Gimeno<br \/>\nDolores Alc\u00e1ntara Madrid<br \/>\nLuis Manuel Alonso Aznar<br \/>\nIgnacio Alonso del Val<br \/>\nXes\u00fas Alonso Montero<br \/>\nMart\u00edn Alonso Zarza<br \/>\nRub\u00e9n \u00c1lvarez Arias<br \/>\nAlejandro Andreassi Cieri<br \/>\nValent\u00edn Andr\u00e9s G\u00f3mez<br \/>\nValentin Anton<br \/>\nAlfredo Apil\u00e1nez Piniella<br \/>\nAraba Abolizionista (Asociaci\u00f3n de mujeres feministas que trabaja por la abolici\u00f3n de la prostituci\u00f3n, la pornograf\u00eda, los vientres de alquiler y el g\u00e9nero)<br \/>\nMariano Arag\u00f3n Pascual<br \/>\nJos\u00e9 Antonio Arnau Espinosa<br \/>\nRamon Arner Arrana<br \/>\nJoaqu\u00edn Arriola Palomares<br \/>\nAnt\u00f3nio Jos\u00e9 Avel\u00e3s Nunes (Coimbra\/Portugal)<br \/>\nManuel Aznar Soler<br \/>\nSiscu Baiges Planas<br \/>\nAna Maria Ballester Marco<br \/>\nGonzalo Balo Mosquera<br \/>\nJuan Barredo Zuriarrain<br \/>\nJoan Benach de Rovira<br \/>\nSoledad Bengoechea Echaondo<br \/>\nN\u00faria Berg\u00e9 Pijuan<br \/>\nJavier Bernad Aguilar<br \/>\nCarlos Javier Blanco Mart\u00edn<br \/>\nNuria Blanco P\u00e9rez<br \/>\nQuim Boix<br \/>\nLaura Boj P\u00e9rez<br \/>\nPau Bori Sanz<br \/>\nMar\u00eda Isabel Borrego Almansa<br \/>\nJosep Burgaya Riera<br \/>\nCatherine M. Bryan<br \/>\nCarmen Caballero L\u00f3pez<br \/>\nLuis Antonio Caldeiro L\u00f3pez<br \/>\nNuria Cam\u00ed Perez<br \/>\nAna M. Campoy Gaspar<br \/>\nMiguel Candel Sanmart\u00edn<br \/>\nManuel Ca\u00f1ada Porras<br \/>\nRosa Ca\u00f1adell Pascual<br \/>\nJuan Ca\u00f1ete Rodr\u00edguez<br \/>\nMaya Carlina Corminboeuf (Bolivia\/Suiza)<br \/>\nAlfredo Carralero V\u00e1zquez<br \/>\nPilar Carrera Santaf\u00e9<br \/>\nAdri\u00e0 Casinos Pardos<br \/>\nJes\u00fas Casquete Badallo<br \/>\nRicard Cayuela Dalmau<br \/>\nJuan Ignacio Castien Maestro<br \/>\nJordi Cebrian Alseda<br \/>\nAlfons Cervera<br \/>\nJavier Ignacio Cimadevilla \u00c1lvarez<br \/>\nDolors Clavell i Nadal<br \/>\nMireia Claverol Rodrigo<br \/>\nAlfredo Clemente<br \/>\nAlbert Corominas Subias<br \/>\nOscar Crugeira Arnau<br \/>\nIsidoro Cruz Bernal<br \/>\nJordi Cuevas Gemar<br \/>\nJorge Vital de Brito Moreira<br \/>\nAndr\u00e9s de Francisco D\u00edaz<br \/>\nIsabel de la Cruz Garc\u00eda<br \/>\nGuillermo del Valle Alcal\u00e1<br \/>\nFrancisco Delgado<br \/>\nJavier D\u00edaz Malledo<br \/>\nJavier D\u00edaz P\u00e9rez<br \/>\nRafael D\u00edaz-Salazar<br \/>\nAntonio Javier Di\u00e9guez Lucena<br \/>\nCarmen Domingo Soriano<br \/>\nJorge Dom\u00ednguez Le\u00f3n<br \/>\n\u00c1ngel Duarte Montserrat<br \/>\nEva M\u00aa Dur\u00e1n Blanco<br \/>\nFrancisco Manuel Erice Sebares<br \/>\nGloria Primitiva Escribano Ib\u00e1\u00f1ez<br \/>\nTeresa Escudero<br \/>\nManel Esteve Vidagany<br \/>\nMiren Etxezarreta<br \/>\nJulio Fern\u00e1ndez Antu\u00f1a.<br \/>\nCharo Fern\u00e1ndez Buey<br \/>\nNieves Fern\u00e1ndez Buey<br \/>\nMarta Fdz de Retana Fdz de Quincoces<br \/>\nMarta Fern\u00e1ndez Ferr\u00e9<br \/>\nJordi F. Fern\u00e1ndez Figueras<br \/>\nPedro Fern\u00e1ndez Herrero<br \/>\nCarlos Fern\u00e1ndez Liria<br \/>\nEloy Fern\u00e1ndez Porta<br \/>\nArmando Fern\u00e1ndez Soriano<br \/>\nSantiago Fern\u00e1ndez Vecilla<br \/>\nAntoni Ferret Soler<br \/>\nJordi Foix Robert<br \/>\nBenjam\u00edn Forcano<br \/>\nPaz Franc\u00e9s Lecumberri<br \/>\nConchi Francos Maldonado<br \/>\nRamon Franquesa Art\u00e9s<br \/>\nElvira Fuentes Luengo<br \/>\nAntonio Fuertes Esteban<br \/>\nFerran Gallego Margaleff<br \/>\nMario Garc\u00eda De Castro<br \/>\nJulio Garc\u00eda de la Calle<br \/>\nRosario Garcia Dur\u00e1<br \/>\nRub\u00e9n Garc\u00eda G\u00f3mez<br \/>\nRicardo Garc\u00eda Manrique<br \/>\nJuan A. Gasc\u00f3n Sorribas<br \/>\nMontserrat Garcia Sosa<br \/>\nGuillermo Gil V\u00e1zquez<br \/>\nSalvador Gimeno Gasca<br \/>\nErnesto G\u00f3mez de la Hera<br \/>\nMar\u00eda \u00c1ngeles G\u00f3mez Regadera<br \/>\nLaurentino Gonz\u00e1lez Garc\u00eda<br \/>\nPilar Gonz\u00e1lez Pin<br \/>\nJuan Carlos Gonz\u00e1lez Pont<br \/>\nCarlos Gonz\u00e1lez Villa<br \/>\nJos\u00e9 Luis Gordillo<br \/>\nRam\u00f3n G\u00f3rriz Vitalla<br \/>\nCandido Grzybowski (Brasil)<br \/>\nEduardo Gr\u00fcner<br \/>\nJordi Guiu Pay\u00e0<br \/>\nAntonio Guti\u00e9rrez Gonz\u00e1lez<br \/>\nJaime Guti\u00e9rrez Naval\u00f3n<br \/>\nAlberto Herbera L\u00f3pez<br \/>\nVicente Hern\u00e1ndez P\u00e9rez<br \/>\nDaniel Herranz Gonz\u00e1lez<br \/>\nJos\u00e9 Herrera Plaza<br \/>\n\u00c1ngela Herrero Vicario<br \/>\nOto Higuita Cadavid<br \/>\nAlfredo Iglesias Di\u00e9guez<br \/>\nMercedes Iglesias Serrano<br \/>\nJon Emanuel Illescas Mart\u00ednez<br \/>\nAntonio Izquierdo Escribano<br \/>\nFernando Gustavo Ja\u00e9n Coll<br \/>\nLily Jane Hughes<br \/>\nRafael Jerez Mir<br \/>\nDaniel Jim\u00e9nez Schlegl<br \/>\nCarlos Jim\u00e9nez Villarejo<br \/>\nIvana Jinkings (Brasil)<br \/>\nSalvador Jov\u00e9 Peres<br \/>\nGabriel Jover Avella<br \/>\nPep Ju\u00e1rez \u00c1lvarez<br \/>\nAna Lacalle Henche<br \/>\nFernando Larrauri G\u00f3mez<br \/>\nRoberto de Le\u00f3n Garc\u00eda<br \/>\nEmilio Lledosa Nacher<br \/>\nJavier Lobillo R\u00edos<br \/>\nSalvador L\u00f3pez Arnal<br \/>\nAmparo L\u00f3pez Lucas<br \/>\nIv\u00e1n L\u00f3pez Navarro.<br \/>\nFrancisco L\u00f3pez Segrera<br \/>\nAntoni Lucchetti Farr\u00e9<br \/>\nEduardo Luque Guerrero<br \/>\nMarc Luque Pi\u00f1ana<br \/>\nGuillermo Lusa Monforte<br \/>\nAndreu Llabina<br \/>\nAntonio Madrid P\u00e9rez<br \/>\nMar\u00eda Maffioli Laur\u00eda<br \/>\nManuel Marco Arnal<br \/>\nFederico Mare<br \/>\nGerard Mar\u00edn Plana<br \/>\nAntonio Mar\u00edn Segovia<br \/>\nJavier Mar\u00edn V\u00e1zquez<br \/>\nTeresa Marques<br \/>\nSalustiano Mart\u00edn Gonz\u00e1lez<br \/>\nJos\u00e9 Luis Mart\u00edn Ramos<br \/>\nJos\u00e9 Mart\u00ednez Alfaro<br \/>\n\u00c1ngel Mart\u00ednez Ciriano<br \/>\nPepe Ernesto Mart\u00ednez L\u00f3pez<br \/>\nAndr\u00e9s Mart\u00ednez Lorca<br \/>\nManuel Mart\u00ednez Llaneza<br \/>\nMar\u00eda del Milagro Mart\u00ednez Nicol\u00e1s<br \/>\nJuan Pablo Mateo Tome<br \/>\nV\u00edctor M\u00e9ndez Baiges<br \/>\nFrancisco Javier Merino Pacheco<br \/>\nJoan Mestres Gim\u00e9nez<br \/>\nI\u00f1aki Mingolarra Ibarz\u00e1bal<br \/>\nAlbert Miralles G\u00fcell<br \/>\nJoaqu\u00edn Miras Albarr\u00e1n<br \/>\nCarme Molinero Ruiz<br \/>\nManolo Monereo P\u00e9rez<br \/>\nManuel Monle\u00f3n Pradas<br \/>\nAntoni Montserrat Sol\u00e9<br \/>\n\u00c1ngeles Morales Vicente<br \/>\nFrancisco Morente Valero<br \/>\nMPD (Moviment per unes Pensions Dignes) de Terrassa (aprobado en su coordinadora del 8\/V\/2023)<br \/>\nCrist\u00f3bal Moya Mart\u00ednez<br \/>\nIrene Murcia Burgal\u00e9s<br \/>\nMarkus Nabholz<br \/>\nAsunci\u00f3n Navarro Llopis<br \/>\nVicen\u00e7 Navarro L\u00f3pez<br \/>\nMar\u00eda Jos\u00e9 Navarro Mateo<br \/>\nGloria Navarro Rived<br \/>\nAntonio Navas Robles<br \/>\nEduardo Ra\u00fal Neururer Rabottini<br \/>\nMaxi Nieto Ferr\u00e1ndez<br \/>\nMar\u00eda Dolores Nieto Nieto<br \/>\nEnrique Olivas Cabanillas<br \/>\nAmaya Olivas D\u00edaz<br \/>\nMaria Luisa O\u00f1ate Cervantes<br \/>\nAntonio-Francisco Ordo\u00f1ez Rivero<br \/>\nCesar Osanz Cebrian<br \/>\nF\u00e9lix Ovejero Lucas<br \/>\nJos\u00e9 Luis Pagan Valero<br \/>\nAldara Pere\u00f1\u00edguez Rodr\u00edguez<br \/>\nF\u00e9lix P\u00e9rez Romera<br \/>\nVidal P\u00e9rez Bahillo<br \/>\nAntonio P\u00e9rez de la Rica<br \/>\nSof\u00eda P\u00e9rez Magall\u00f3n<br \/>\nIgnacio Perrotini Hern\u00e1ndez<br \/>\nJelena Petanovi\u0107<br \/>\nAriel Petruccelli<br \/>\nMarina Pibernat Vila<br \/>\nAndr\u00e9s Piqueras Infante<br \/>\nHiginio Polo<br \/>\nPedro Polo Hern\u00e1ndez<br \/>\nJes\u00fas Puente Gonz\u00e1lez<br \/>\nJosep Puigsech Farr\u00e1s<br \/>\nJaime Ramajo Escalera<br \/>\nJos\u00e9 Manuel Rambla Moya<br \/>\nJuan M. Ram\u00edrez Cendrero<br \/>\nMaria Elena Ramos Calzada<br \/>\nJorge Riechmann Fern\u00e1ndez<br \/>\nSim\u00f3n Riera Mizuhashi<br \/>\nMagdalena Riera Montesinos<br \/>\nV\u00edctor R\u00edos<br \/>\nXulio R\u00edos Paredes<br \/>\nRicardo Robledo Hern\u00e1ndez<br \/>\nAntonio Robles Almeida<br \/>\nJos\u00e9 Manuel Roca Vidal<br \/>\nLuis Roca Jusmet<br \/>\nPepe R\u00f3denas Borja<br \/>\nMart\u00edn Rodrigo Alharilla<br \/>\nRicardo Rodr\u00edguez<br \/>\nEduard Rodr\u00edguez Farr\u00e9<br \/>\nRafael Rodr\u00edguez Marrero<br \/>\nJuan Antonio Rodr\u00edguez S\u00e1nchez<br \/>\nRam\u00f3n Rodr\u00edguez S\u00e1nchez<br \/>\nJose Mar\u00eda Roger Ib\u00e1\u00f1ez<br \/>\nAntonio Roig Rib\u00e9<br \/>\nOriol Roman\u00ed Alfonso<br \/>\nCarlos Rosetti Manacorda<br \/>\nYolanda Rouiller Darbellay<br \/>\nEnrique Ruiz-Capillas Cormenzana<br \/>\nPere Rusi\u00f1ol Costa<br \/>\nDominique Salomon<br \/>\nPablo Salvat<br \/>\nCarolina San Emeterio Berd\u00fan<br \/>\nFrancisco Sancho<br \/>\nDomiciano Sandoval Valbuena<br \/>\nEnrique Santiago Romero<br \/>\nMar\u00eda Cruz Santos Santos<br \/>\nMontserrat Santos Vicente<br \/>\nMarga Sanz Alonso<br \/>\nGabriel Sanz Carrasco<br \/>\nJos\u00e9 Sarri\u00f3n Andaluz<br \/>\nFrancisco Jos\u00e9 Saucedo Pedregal<br \/>\nF. J. Sayago Olavarrieta<br \/>\nMar\u00eda Luz Secilla Souto<br \/>\nGerm\u00e1n Segura Alemany<br \/>\nJoaquim Sempere-Carreras<br \/>\nPascual Serrano Jim\u00e9nez<br \/>\nVicente Serrano Lobato<br \/>\nJuan Antonio Serrate<br \/>\nJos\u00e9 \u00c1ngel Sevillano Peinado<br \/>\n\u00c0ngels Silva Camps<br \/>\nAntoni Silva Camps<br \/>\nSantiago Silva Camps<br \/>\nSoledad Silva Camps<br \/>\nFrancisco Jos\u00e9 Silva P\u00e9rez<br \/>\nH\u00e9ctor Silveira<br \/>\nJoaqu\u00edn Soler Cura<br \/>\nJuan Soto Ivars<br \/>\nJoao Pedro Stedile (MST-Brasil, Via Campesina)<br \/>\nRobert Tall\u00f3n Miranda<br \/>\n\u00c1ngel Tamayo Meca<br \/>\nJavier T\u00e9bar Hurtado<br \/>\nSandra Liliana Tirado Ochoa<br \/>\nDiosdado Toledano Gonz\u00e1lez<br \/>\nJuan Torres L\u00f3pez<br \/>\nJos\u00e9 Torres Vallejos<br \/>\nJosu Ugarte Gastaminza<br \/>\nCarlos Valmaseda Blanco<br \/>\nClara Valverde Gefaell<br \/>\nJuan Valverde Gefaell<br \/>\nI\u00f1igo Valverde Mordt<br \/>\nMauricio Valiente Orts<br \/>\nI\u00f1aki V\u00e1zquez \u00c1lvarez<br \/>\nFrancisco V\u00e1zquez Garc\u00eda<br \/>\nModesto Villanueva Buedo<br \/>\nConcepci\u00f3n Vivas Edo<br \/>\nJos\u00e9 Vives Rego<br \/>\nLuc\u00eda Vizoso Amado<br \/>\nDaniel Yebra Folgueral<br \/>\nSalvador Yebra Folgueral<br \/>\nPere Ys\u00e0s Solanes<br \/>\nClaudio Zulian<\/p>\n","protected":false},"excerpt":{"rendered":"<p>Los responsables de la Feria de libros Literal han vetado en el encuentro de este a\u00f1o, que se celebrar\u00e1 los<\/p>\n","protected":false},"author":5,"featured_media":13703,"comment_status":"open","ping_status":"open","sticky":false,"template":"","format":"standard","meta":{"footnotes":""},"categories":[13,1548],"tags":[],"class_list":["post-13709","post","type-post","status-publish","format-standard","has-post-thumbnail","hentry","category-la-izquierda-a-debate","category-politica"],"aioseo_notices":[],"_links":{"self":[{"href":"https:\/\/espai-marx.net\/index.php?rest_route=\/wp\/v2\/posts\/13709","targetHints":{"allow":["GET"]}}],"collection":[{"href":"https:\/\/espai-marx.net\/index.php?rest_route=\/wp\/v2\/posts"}],"about":[{"href":"https:\/\/espai-marx.net\/index.php?rest_route=\/wp\/v2\/types\/post"}],"author":[{"embeddable":true,"href":"https:\/\/espai-marx.net\/index.php?rest_route=\/wp\/v2\/users\/5"}],"replies":[{"embeddable":true,"href":"https:\/\/espai-marx.net\/index.php?rest_route=%2Fwp%2Fv2%2Fcomments&post=13709"}],"version-history":[{"count":0,"href":"https:\/\/espai-marx.net\/index.php?rest_route=\/wp\/v2\/posts\/13709\/revisions"}],"wp:featuredmedia":[{"embeddable":true,"href":"https:\/\/espai-marx.net\/index.php?rest_route=\/wp\/v2\/media\/13703"}],"wp:attachment":[{"href":"https:\/\/espai-marx.net\/index.php?rest_route=%2Fwp%2Fv2%2Fmedia&parent=13709"}],"wp:term":[{"taxonomy":"category","embeddable":true,"href":"https:\/\/espai-marx.net\/index.php?rest_route=%2Fwp%2Fv2%2Fcategories&post=13709"},{"taxonomy":"post_tag","embeddable":true,"href":"https:\/\/espai-marx.net\/index.php?rest_route=%2Fwp%2Fv2%2Ftags&post=13709"}],"curies":[{"name":"wp","href":"https:\/\/api.w.org\/{rel}","templated":true}]}}