{"id":13764,"date":"2023-05-19T05:00:52","date_gmt":"2023-05-19T04:00:52","guid":{"rendered":"https:\/\/espai-marx.net\/?p=13764"},"modified":"2023-05-19T03:47:05","modified_gmt":"2023-05-19T02:47:05","slug":"ir-mas-alla-del-crecimiento-no-solo-es-deseable-sino-esencial","status":"publish","type":"post","link":"https:\/\/espai-marx.net\/?p=13764","title":{"rendered":"Ir m\u00e1s all\u00e1 del crecimiento no s\u00f3lo es deseable, sino esencial"},"content":{"rendered":"<p><em>La b\u00fasqueda del crecimiento a toda costa ha creado un sistema econ\u00f3mico mundial fr\u00e1gil y vulnerable a las crisis, y esto tiene que cambiar, escribe un grupo de eurodiputados. Aunque sea una propuesta muy limitada, hay que aplaudir este tipo de iniciativas, especialmente cuando consiguen apoyo de todo el espectro pol\u00edtico del Parlamento europeo.<\/em><\/p>\n<p>La pr\u00f3xima semana, m\u00e1s de cuatro mil personas participar\u00e1n <em>in situ<\/em> y en l\u00ednea en la Conferencia M\u00e1s all\u00e1 del Crecimiento 2023, una iniciativa interpol\u00edtica que tendr\u00e1 lugar en el Parlamento Europeo en Bruselas.<\/p>\n<p>Nosotros, eurodiputados de cinco grupos pol\u00edticos diferentes y no inscritos, la organizamos junto a m\u00e1s de 60 organizaciones asociadas.<\/p>\n<p>Con esta conferencia de tres d\u00edas que re\u00fane a ponentes de alto nivel de la elaboraci\u00f3n de pol\u00edticas de la UE, el mundo acad\u00e9mico, los sindicatos, las empresas y las organizaciones de la sociedad civil, nuestro objetivo es cuestionar la elaboraci\u00f3n convencional de pol\u00edticas en la UE.<\/p>\n<p>Tambi\u00e9n queremos redefinir los objetivos sociales en todos los \u00e1mbitos, alej\u00e1ndonos del perjudicial enfoque del crecimiento econ\u00f3mico como \u00fanica base de nuestro modelo de desarrollo.<\/p>\n<p><b>El actual modelo de crecimiento a toda costa ha alcanzado sus l\u00edmites<\/b><\/p>\n<p>Creemos que el modelo econ\u00f3mico actual, basado en el crecimiento sin fin, ha alcanzado sus l\u00edmites.<\/p>\n<p>En primer lugar, el crecimiento econ\u00f3mico continuo, especialmente basado en el consumo de combustibles f\u00f3siles, est\u00e1 provocando un calentamiento global catastr\u00f3fico.<\/p>\n<p>En segundo lugar, la b\u00fasqueda infinita del crecimiento se basa en el agotamiento de los recursos naturales, la destrucci\u00f3n de la biodiversidad y la acumulaci\u00f3n de residuos y contaminaci\u00f3n. Esto tambi\u00e9n plantea riesgos para nuestra salud, nuestras econom\u00edas y nuestras sociedades en general.<\/p>\n<p>En tercer lugar, el actual modelo econ\u00f3mico est\u00e1 contribuyendo a la desigualdad social y a la exclusi\u00f3n.<\/p>\n<p>El \u00e9nfasis en el crecimiento econ\u00f3mico no se ha traducido en una distribuci\u00f3n equitativa de la riqueza o de las oportunidades. Por el contrario, ha dado lugar a una concentraci\u00f3n de riqueza y poder en manos de unos pocos, dejando atr\u00e1s a muchos.<\/p>\n<p>En cuarto lugar, el modelo econ\u00f3mico actual es inherentemente inestable y propenso a las crisis, como se vio, por ejemplo, durante la crisis financiera de 2008 y la pandemia del COVID-19.<\/p>\n<p><b>El bienestar humano y la sostenibilidad ecol\u00f3gica deben ser lo primero<\/b><\/p>\n<p>Como eurodiputados de diferentes grupos pol\u00edticos, tenemos diferentes perspectivas sobre c\u00f3mo lograr una econom\u00eda que vaya m\u00e1s all\u00e1 del crecimiento.<\/p>\n<p>Sin embargo, todos estamos de acuerdo en la urgencia y la importancia del tema que nos ocupa.<\/p>\n<p>Compartimos la opini\u00f3n de que necesitamos un sistema econ\u00f3mico que priorice el bienestar humano y la sostenibilidad ecol\u00f3gica sobre el crecimiento del PIB, que reconozca que el crecimiento infinito en un planeta finito es imposible.<\/p>\n<p>Tambi\u00e9n creemos que tenemos que encontrar nuevas formas de organizar nuestras econom\u00edas sin depender de la explotaci\u00f3n continua de los recursos y del aumento constante de la producci\u00f3n y el consumo.<\/p>\n<p>Pedimos m\u00e1s pluralismo en el pensamiento econ\u00f3mico dentro de las instituciones de la UE y su alineaci\u00f3n con las pruebas cient\u00edficas de las ciencias clim\u00e1ticas, ecol\u00f3gicas y sociales.<\/p>\n<p>Pedimos que los modelos econ\u00f3micos y otras herramientas de apoyo a la toma de decisiones sean m\u00e1s diversos, m\u00e1s completos y m\u00e1s legibles para los ciudadanos.<\/p>\n<p>Pedimos que los procesos de toma de decisiones se ajusten a nuestros objetivos pol\u00edticos comunes y no se basen en la variaci\u00f3n de las cifras del PIB.<\/p>\n<p><b>Hay otras opciones pol\u00edticas<\/b><\/p>\n<p>Como responsables pol\u00edticos, tambi\u00e9n creemos que es nuestra responsabilidad liderar la b\u00fasqueda de nuevas opciones pol\u00edticas. Por ello, nos comprometemos a dedicar nuestra energ\u00eda a nuestra propia labor parlamentaria para apoyar propuestas audaces y ambiciosas que allanen el camino hacia una prosperidad sostenible en la UE y fuera de ella.<\/p>\n<p>En concreto, proponemos las siguientes acciones globales para las instituciones de la UE y los Estados miembros.<\/p>\n<p>Necesitamos desarrollar una nueva estrategia global para una econom\u00eda europea que vaya m\u00e1s all\u00e1 del crecimiento y que integre plenamente los objetivos sociales, medioambientales y econ\u00f3micos.<\/p>\n<p>El Pacto Verde Europeo, como iniciativa emblem\u00e1tica de la UE para hacer frente al cambio clim\u00e1tico y promover un futuro sostenible, es un paso importante y necesario, pero no reconoce los l\u00edmites del crecimiento.<\/p>\n<p>Una nueva estrategia deber\u00eda basarse en los principios de sostenibilidad ecol\u00f3gica, justicia social y bienestar, y dar prioridad a las pol\u00edticas que contribuyan a estos objetivos.<\/p>\n<div><b>La arquitectura institucional debe seguir el ejemplo<\/b><\/div>\n<p>Debemos promover un enfoque pluralista de los indicadores y modelos macroecon\u00f3micos utilizados por la UE y sus Estados miembros.<\/p>\n<p>Bas\u00e1ndonos en el trabajo ya realizado por la Comisi\u00f3n Europea y muchas otras instituciones, pedimos un enfoque de elaboraci\u00f3n de pol\u00edticas que se base en indicadores que midan el progreso m\u00e1s all\u00e1 del PIB, en el uso de modelos macroecon\u00f3micos que tengan como objetivo el respeto de los l\u00edmites planetarios y la mejora del bienestar social, y en el desarrollo de herramientas presupuestarias ecol\u00f3gicas y de g\u00e9nero.<br clear=\"none\" \/><br clear=\"none\" \/>Debemos dise\u00f1ar nuestra arquitectura institucional para que sirva mejor a la estrategia \u00abm\u00e1s all\u00e1 del crecimiento\u00bb.<\/p>\n<p>Bas\u00e1ndonos en las propuestas formuladas por acad\u00e9micos antes de la primera conferencia sobre el postcrecimiento, proponemos crear una Direcci\u00f3n General de Sostenibilidad y Bienestar en la Comisi\u00f3n Europea, una Comisi\u00f3n especial sobre el Futuro del Crecimiento en el Parlamento Europeo y un ministerio para la transici\u00f3n econ\u00f3mica en cada Estado miembro.<\/p>\n<p>Cada una de estas estructuras deber\u00eda ser responsable a su propio nivel de elaborar propuestas pol\u00edticas m\u00e1s all\u00e1 del crecimiento y coordinar los esfuerzos de la UE hacia la sostenibilidad y el bienestar.<\/p>\n<p><b>Nuestra econom\u00eda debe adaptarse al futuro<\/b><\/p>\n<p>El nivel de inter\u00e9s p\u00fablico por una econom\u00eda europea preparada para el futuro es m\u00e1s alto que nunca, y celebrar un debate de estas caracter\u00edsticas en el Parlamento Europeo es un poderoso s\u00edmbolo.<\/p>\n<p>La Conferencia \u00abM\u00e1s all\u00e1 del crecimiento\u00bb ofrece una oportunidad \u00fanica de celebrar un debate pluralista conectado con la investigaci\u00f3n cient\u00edfica en toda su diversidad que responda a las expectativas concretas de nuestros conciudadanos.<\/p>\n<p>Dise\u00f1ar v\u00edas para vivir bien dentro de los l\u00edmites sociales y medioambientales de nuestra sociedad no s\u00f3lo es deseable. Tambi\u00e9n es absolutamente necesario.<br clear=\"none\" \/><br clear=\"none\" \/>Son coautores de este art\u00edculo los siguientes eurodiputados: Philippe Lamberts (BE), Bas Eickhout (NL), Ville Niinisto (FI), Manuela Ripa (DE), Marie Toussaint (FR), Ernest Urtasun (ES), Kim Van Sparrentak (NL) &#8211; <strong>Verdes\/ALE<\/strong>; Manon Aubry (FR), Petros Kokkalis (EL), Marisa Matias (PT), Helmut Scholz (DE) &#8211; <strong>La Izquierda (GUE\/NGL)<\/strong>; Pascal Durand (FR), Aurore Lalucq (FR), Pierre Larrouturou (FR) &#8211; <strong>Socialistas y Dem\u00f3cratas (S&amp;D)<\/strong>; Sirpa Pietikainen (FI), Maria Walsh (IE) &#8211; <strong>Partido Popular Europeo (PPE)<\/strong>; Katalin CSEH (HU) &#8211; <strong>Renovar Europa (RE)<\/strong>; y Dino GIARRUSSO (IT) &#8211; <strong>No inscritos (NI)<\/strong>.<\/p>\n<p>Fuente: Euronews, 10 de mayo de 2023 (<a href=\"https:\/\/www.euronews.com\/2023\/05\/10\/moving-beyond-growth-is-not-only-desirable-it-is-essential\">https:\/\/www.euronews.com\/2023\/05\/10\/moving-beyond-growth-is-not-only-desirable-it-is-essential<\/a>)<\/p>\n","protected":false},"excerpt":{"rendered":"<p>La b\u00fasqueda del crecimiento a toda costa ha creado un sistema econ\u00f3mico mundial fr\u00e1gil y vulnerable a las crisis, y<\/p>\n","protected":false},"author":5,"featured_media":13766,"comment_status":"open","ping_status":"open","sticky":false,"template":"","format":"standard","meta":{"footnotes":""},"categories":[1563,41,1548],"tags":[],"class_list":["post-13764","post","type-post","status-publish","format-standard","has-post-thumbnail","hentry","category-crisis-ecosocial","category-europa","category-politica"],"aioseo_notices":[],"_links":{"self":[{"href":"https:\/\/espai-marx.net\/index.php?rest_route=\/wp\/v2\/posts\/13764","targetHints":{"allow":["GET"]}}],"collection":[{"href":"https:\/\/espai-marx.net\/index.php?rest_route=\/wp\/v2\/posts"}],"about":[{"href":"https:\/\/espai-marx.net\/index.php?rest_route=\/wp\/v2\/types\/post"}],"author":[{"embeddable":true,"href":"https:\/\/espai-marx.net\/index.php?rest_route=\/wp\/v2\/users\/5"}],"replies":[{"embeddable":true,"href":"https:\/\/espai-marx.net\/index.php?rest_route=%2Fwp%2Fv2%2Fcomments&post=13764"}],"version-history":[{"count":0,"href":"https:\/\/espai-marx.net\/index.php?rest_route=\/wp\/v2\/posts\/13764\/revisions"}],"wp:featuredmedia":[{"embeddable":true,"href":"https:\/\/espai-marx.net\/index.php?rest_route=\/wp\/v2\/media\/13766"}],"wp:attachment":[{"href":"https:\/\/espai-marx.net\/index.php?rest_route=%2Fwp%2Fv2%2Fmedia&parent=13764"}],"wp:term":[{"taxonomy":"category","embeddable":true,"href":"https:\/\/espai-marx.net\/index.php?rest_route=%2Fwp%2Fv2%2Fcategories&post=13764"},{"taxonomy":"post_tag","embeddable":true,"href":"https:\/\/espai-marx.net\/index.php?rest_route=%2Fwp%2Fv2%2Ftags&post=13764"}],"curies":[{"name":"wp","href":"https:\/\/api.w.org\/{rel}","templated":true}]}}