{"id":1380,"date":"2010-03-24T00:00:00","date_gmt":"2010-03-24T00:00:00","guid":{"rendered":"https:\/\/espai-marx.net\/?p=1380"},"modified":"2019-01-21T18:58:59","modified_gmt":"2019-01-21T18:58:59","slug":"una-conferencia-sobre-el-sentido-comun-y-las-crisis-historicas-iii","status":"publish","type":"post","link":"https:\/\/espai-marx.net\/?p=1380","title":{"rendered":"Una conferencia sobre el sentido com\u00fan y las crisis hist\u00f3ricas (III)"},"content":{"rendered":"<p> Recordando a Manuel Sacrist\u00e1n (1925-1985), veinticinco a\u00f1os despu\u00e9s.   <\/p>\n<p><strong>UNA CONFERENCIA SOBRE EL SENTIDO COM\u00daN Y LAS CRISIS HIST\u00d3RICAS (III)<\/strong><\/p>\n<p> Sobre el Sacrist\u00e1n que podemos seguir leyendo en el siglo XXI. <\/p>\n","protected":false},"excerpt":{"rendered":"<p>UNA CONFERENCIA SOBRE EL SENTIDO COM\u00daN Y LAS CRISIS HIST\u00d3RICAS (III)<\/p>\n","protected":false},"author":4,"featured_media":0,"comment_status":"open","ping_status":"open","sticky":false,"template":"","format":"standard","meta":{"footnotes":""},"categories":[11],"tags":[],"class_list":["post-1380","post","type-post","status-publish","format-standard","hentry","category-general"],"aioseo_notices":[],"_links":{"self":[{"href":"https:\/\/espai-marx.net\/index.php?rest_route=\/wp\/v2\/posts\/1380","targetHints":{"allow":["GET"]}}],"collection":[{"href":"https:\/\/espai-marx.net\/index.php?rest_route=\/wp\/v2\/posts"}],"about":[{"href":"https:\/\/espai-marx.net\/index.php?rest_route=\/wp\/v2\/types\/post"}],"author":[{"embeddable":true,"href":"https:\/\/espai-marx.net\/index.php?rest_route=\/wp\/v2\/users\/4"}],"replies":[{"embeddable":true,"href":"https:\/\/espai-marx.net\/index.php?rest_route=%2Fwp%2Fv2%2Fcomments&post=1380"}],"version-history":[{"count":0,"href":"https:\/\/espai-marx.net\/index.php?rest_route=\/wp\/v2\/posts\/1380\/revisions"}],"wp:attachment":[{"href":"https:\/\/espai-marx.net\/index.php?rest_route=%2Fwp%2Fv2%2Fmedia&parent=1380"}],"wp:term":[{"taxonomy":"category","embeddable":true,"href":"https:\/\/espai-marx.net\/index.php?rest_route=%2Fwp%2Fv2%2Fcategories&post=1380"},{"taxonomy":"post_tag","embeddable":true,"href":"https:\/\/espai-marx.net\/index.php?rest_route=%2Fwp%2Fv2%2Ftags&post=1380"}],"curies":[{"name":"wp","href":"https:\/\/api.w.org\/{rel}","templated":true}]}}