{"id":13800,"date":"2023-05-27T05:00:47","date_gmt":"2023-05-27T04:00:47","guid":{"rendered":"https:\/\/espai-marx.net\/?p=13800"},"modified":"2023-05-27T03:07:44","modified_gmt":"2023-05-27T02:07:44","slug":"13800","status":"publish","type":"post","link":"https:\/\/espai-marx.net\/?p=13800","title":{"rendered":"Para una ontolog\u00eda del proceso de trabajo. Desarrollos y problemas en la teor\u00eda hegeliana de la sociedad civil"},"content":{"rendered":"<p>Cuadrag\u00e9sima charla organizada por la <a href=\"https:\/\/www.youtube.com\/@sociedadiberoamericanadees4798\">Sociedad Iberoamericana de Estudios Hegelianos<\/a> el 12 de mayo de 2023.<\/p>\n<p>Roberto Fineschi es Doctor en Filosof\u00eda por la Universit\u00e0 degli Studi di Palermo, Italia, con una tesis sobre la relaci\u00f3n Marx-Hegel, publicada como libro el a\u00f1o 2006. Ganador del , otorgado por el Berliner Verein zur F\u00f6rderung der MEGA-edition el a\u00f1o 2002. Es miembro de la Internationale Gesellschaft Hegel-Marx f\u00fcr dialektisches Denken. Hizo sus estudios de posdoctorado en la Universidad de Siena, y se desempe\u00f1a actualmente como Profesor de Filosof\u00eda pol\u00edtica en la Siena School for Liberal Arts. Es autor de numerosas publicaciones, entre las cuales destacamos: <em>Un nuevo Marx : Filolog\u00eda e interpretaci\u00f3n tras la nueva edici\u00f3n hist\u00f3rico-cr\u00edtica MEGA2 <\/em>(El viejo topo 2023), original en Carocci 2008; <em>Marx e Hegel. Contributi a una rilettura<\/em> (Carocci 2006); <em>La logica del capitale. Ripartire da Marx<\/em> (Istituto Italiano per gli Studi Filosofici 2021).<\/p>\n<p><iframe loading=\"lazy\" title=\"\ud835\udfd2\ud835\udfce\u00aa \ud835\udc02\ud835\udc21\ud835\udc1a\ud835\udc2b\ud835\udc25\ud835\udc1a &quot;\ud835\udc07\ud835\udc1e\ud835\udc20\ud835\udc1e\ud835\udc25-\ud835\udc2f\ud835\udc22\ud835\udc2b\ud835\udc2d\ud835\udc2e\ud835\udc1a\ud835\udc25&quot;: \ud835\udc11\ud835\udc28\ud835\udc1b\ud835\udc1e\ud835\udc2b\ud835\udc2d\ud835\udc28 \ud835\udc05\ud835\udc22\ud835\udc27\ud835\udc1e\ud835\udc2c\ud835\udc1c\ud835\udc21\ud835\udc22 (\ud835\udc12\ud835\udc22\ud835\udc1e\ud835\udc27\ud835\udc1a)\" width=\"800\" height=\"450\" src=\"https:\/\/www.youtube.com\/embed\/qP49-lukuC4?feature=oembed\" frameborder=\"0\" allow=\"accelerometer; autoplay; clipboard-write; encrypted-media; gyroscope; picture-in-picture; web-share\" referrerpolicy=\"strict-origin-when-cross-origin\" allowfullscreen><\/iframe><\/p>\n","protected":false},"excerpt":{"rendered":"<p>Cuadrag\u00e9sima charla organizada por la Sociedad Iberoamericana de Estudios Hegelianos el 12 de mayo de 2023. Roberto Fineschi es Doctor<\/p>\n","protected":false},"author":5,"featured_media":0,"comment_status":"open","ping_status":"open","sticky":false,"template":"","format":"standard","meta":{"footnotes":""},"categories":[8,1545,833],"tags":[],"class_list":["post-13800","post","type-post","status-publish","format-standard","hentry","category-filosofia","category-g-w-f-hegel","category-videos"],"aioseo_notices":[],"_links":{"self":[{"href":"https:\/\/espai-marx.net\/index.php?rest_route=\/wp\/v2\/posts\/13800","targetHints":{"allow":["GET"]}}],"collection":[{"href":"https:\/\/espai-marx.net\/index.php?rest_route=\/wp\/v2\/posts"}],"about":[{"href":"https:\/\/espai-marx.net\/index.php?rest_route=\/wp\/v2\/types\/post"}],"author":[{"embeddable":true,"href":"https:\/\/espai-marx.net\/index.php?rest_route=\/wp\/v2\/users\/5"}],"replies":[{"embeddable":true,"href":"https:\/\/espai-marx.net\/index.php?rest_route=%2Fwp%2Fv2%2Fcomments&post=13800"}],"version-history":[{"count":0,"href":"https:\/\/espai-marx.net\/index.php?rest_route=\/wp\/v2\/posts\/13800\/revisions"}],"wp:attachment":[{"href":"https:\/\/espai-marx.net\/index.php?rest_route=%2Fwp%2Fv2%2Fmedia&parent=13800"}],"wp:term":[{"taxonomy":"category","embeddable":true,"href":"https:\/\/espai-marx.net\/index.php?rest_route=%2Fwp%2Fv2%2Fcategories&post=13800"},{"taxonomy":"post_tag","embeddable":true,"href":"https:\/\/espai-marx.net\/index.php?rest_route=%2Fwp%2Fv2%2Ftags&post=13800"}],"curies":[{"name":"wp","href":"https:\/\/api.w.org\/{rel}","templated":true}]}}